{"id":73460,"date":"2026-03-28T21:54:13","date_gmt":"2026-03-28T21:54:13","guid":{"rendered":"https:\/\/bihavadis.com\/?p=73460"},"modified":"2026-03-28T21:54:13","modified_gmt":"2026-03-28T21:54:13","slug":"orduda-renkli-kar-festivali","status":"publish","type":"post","link":"https:\/\/bihavadis.com\/index.php\/2026\/03\/28\/orduda-renkli-kar-festivali\/","title":{"rendered":"Ordu&#8217;da Renkli Kar Festivali"},"content":{"rendered":"<p>\n<p>ORDU&#8217;da deniz seviyesinden 1500 metre y\u00fckseklikteki Per\u015fembe Yaylas\u0131&#8217;nda d\u00fczenlenen kar festivali, renkli g\u00f6r\u00fcnt\u00fclere sahne oldu. <\/p>\n<p> Aybast\u0131 il\u00e7esinde 1500 rak\u0131ml\u0131 Per\u015fembe Yaylas\u0131&#8217;n\u0131n K\u00fcmbet mevkisinde Kar Festivali d\u00fczenlendi. B\u00fcy\u00fck\u015fehir Belediyesi ile Aybast\u0131 Belediyesi i\u015f birli\u011finde organize edilen festival, renkli g\u00f6r\u00fcnt\u00fclere sahne oldu. Kartopu, k\u0131zak ve g\u00fcre\u015f yar\u0131\u015flar\u0131 yap\u0131lan festivalde \u00e7ok say\u0131da ki\u015fi, d\u00fczenlenen etkinliklerde keyifli vakit ge\u00e7irdi. Burada konu\u015fan Ordu B\u00fcy\u00fck\u015fehir Belediye Ba\u015fkan\u0131 Mehmet Hilmi G\u00fcler, &#8220;Ordu&#8217;muzun incisi Aybast\u0131 Per\u015fembe Yaylas\u0131&#8217;nda Kar Festivali ile k\u0131\u015f\u0131n en g\u00fczel anlar\u0131n\u0131 hep birlikte ya\u015fad\u0131k. K\u00fcmbet mevkisinde kar\u0131n heyecan\u0131, \u00e7ocuklar\u0131m\u0131z\u0131n ne\u015fesi ve hem\u015fehrilerimizin co\u015fkusu bir araya geldi, ortaya s\u0131cac\u0131k bir festival atmosferi \u00e7\u0131kt\u0131. Bu g\u00fczel tabloya ortak olan t\u00fcm hem\u015fehrilerimize ve organizasyonda eme\u011fi ge\u00e7en herkese g\u00f6n\u00fclden te\u015fekk\u00fcr ediyorum&#8221; diye konu\u015ftu. <\/p>\n<p>Aybast\u0131 Belediye Ba\u015fkan\u0131 \u0130zzet G\u00fcndo\u011far ise &#8220;E\u015fsiz do\u011fas\u0131, bembeyaz kar \u00f6rt\u00fcs\u00fc, tertemiz havas\u0131 ve b\u00fcy\u00fcleyici manzaras\u0131yla Aybast\u0131 Per\u015fembe Yaylam\u0131zda d\u00fczenledi\u011fimiz Kar Festivalimizi binlerce vatanda\u015f\u0131m\u0131z\u0131n kat\u0131l\u0131m\u0131yla, unutulmaz bir co\u015fku ve heyecan i\u00e7erisinde ger\u00e7ekle\u015ftirdik. Yaylam\u0131z\u0131n do\u011fal g\u00fczelli\u011fiyle b\u00fct\u00fcnle\u015fen bu muhte\u015fem kalabal\u0131k; birlik, beraberlik ve karde\u015fli\u011fimizin en g\u00fczel tablosunu ortaya koydu. Bir sonraki festivalde, do\u011fan\u0131n kalbinde, ayn\u0131 heyecan ve daha b\u00fcy\u00fck bir co\u015fkuyla bulu\u015fmak dile\u011fiyle&#8221; dedi. <\/p>\n<p>Kar Festivali, kat\u0131l\u0131mc\u0131lara y\u00f6resel yiyecek ikram\u0131 ve yar\u0131\u015fmalarda dereceye girenlere \u00f6d\u00fcllerinin verilmesiyle sona erdi. <\/p>\n","protected":false},"excerpt":{"rendered":"<p>Per\u015fembe Yaylas\u0131&#8217;nda d\u00fczenlenen Kar Festivali, e\u011flenceli etkinlikler ve co\u015fku dolu anlarla ger\u00e7ekle\u015fti.<\/p>\n","protected":false},"author":1,"featured_media":73461,"comment_status":"open","ping_status":"open","sticky":false,"template":"","format":"standard","meta":{"footnotes":""},"categories":[9,4,13],"tags":[4620,8019],"class_list":["post-73460","post","type-post","status-publish","format-standard","has-post-thumbnail","hentry","category-genel","category-gundem","category-son-dakika","tag-aybasti","tag-kar-festivali"],"_links":{"self":[{"href":"https:\/\/bihavadis.com\/index.php\/wp-json\/wp\/v2\/posts\/73460","targetHints":{"allow":["GET"]}}],"collection":[{"href":"https:\/\/bihavadis.com\/index.php\/wp-json\/wp\/v2\/posts"}],"about":[{"href":"https:\/\/bihavadis.com\/index.php\/wp-json\/wp\/v2\/types\/post"}],"author":[{"embeddable":true,"href":"https:\/\/bihavadis.com\/index.php\/wp-json\/wp\/v2\/users\/1"}],"replies":[{"embeddable":true,"href":"https:\/\/bihavadis.com\/index.php\/wp-json\/wp\/v2\/comments?post=73460"}],"version-history":[{"count":1,"href":"https:\/\/bihavadis.com\/index.php\/wp-json\/wp\/v2\/posts\/73460\/revisions"}],"predecessor-version":[{"id":73462,"href":"https:\/\/bihavadis.com\/index.php\/wp-json\/wp\/v2\/posts\/73460\/revisions\/73462"}],"wp:featuredmedia":[{"embeddable":true,"href":"https:\/\/bihavadis.com\/index.php\/wp-json\/wp\/v2\/media\/73461"}],"wp:attachment":[{"href":"https:\/\/bihavadis.com\/index.php\/wp-json\/wp\/v2\/media?parent=73460"}],"wp:term":[{"taxonomy":"category","embeddable":true,"href":"https:\/\/bihavadis.com\/index.php\/wp-json\/wp\/v2\/categories?post=73460"},{"taxonomy":"post_tag","embeddable":true,"href":"https:\/\/bihavadis.com\/index.php\/wp-json\/wp\/v2\/tags?post=73460"}],"curies":[{"name":"wp","href":"https:\/\/api.w.org\/{rel}","templated":true}]}}