{"id":73469,"date":"2026-03-28T22:03:07","date_gmt":"2026-03-28T22:03:07","guid":{"rendered":"https:\/\/bihavadis.com\/?p=73469"},"modified":"2026-03-28T22:03:07","modified_gmt":"2026-03-28T22:03:07","slug":"kecioren-belediye-baskani-chpden-istifa-etti-mansur-yavastan-ilk-aciklama-geldi","status":"publish","type":"post","link":"https:\/\/bihavadis.com\/index.php\/2026\/03\/28\/kecioren-belediye-baskani-chpden-istifa-etti-mansur-yavastan-ilk-aciklama-geldi\/","title":{"rendered":"Ke\u00e7i\u00f6ren Belediye Ba\u015fkan\u0131 CHP&#8217;den istifa etti, Mansur Yava\u015f&#8217;tan ilk a\u00e7\u0131klama geldi"},"content":{"rendered":"<p>CHP&#8217;li Ke\u00e7i\u00f6ren Belediye Ba\u015fkan\u0131 Mesut \u00d6zarslan sosyal medya hesab\u0131ndan yapt\u0131\u011f\u0131 a\u00e7\u0131klama ile CHP&#8217;den istifa etti\u011fini a\u00e7\u0131klad\u0131. <\/p>\n<p>\u00d6zarslan&#8217;\u0131n a\u00e7\u0131klamas\u0131nda &#8220;Bir genel ba\u015fkan, belediye ba\u015fkan\u0131na k\u00fcf\u00fcr eder mi? Bir genel ba\u015fkan, ailevi de\u011ferleri hedef al\u0131p hakaret eder mi? Bir genel ba\u015fkan, a\u011f\u0131za al\u0131nmayacak kelimelerle tehdit eder mi?&#8221; ifadelerini kullanmas\u0131 dikkat \u00e7ekti.<\/p>\n<p><b>MANSUR YAVA\u015e&#8217;TAN \u0130LK A\u00c7IKLAMA<\/b><\/p>\n<p>\u00d6zarslan&#8217;\u0131n istifas\u0131n\u0131n ard\u0131ndan g\u00f6zler Ankara B\u00fcy\u00fck\u015fehir Belediye Ba\u015fkan\u0131 Mansur Yava\u015f&#8217;a \u00e7evrildi. \u0130stifaya ili\u015fkin ilk a\u00e7\u0131klamas\u0131n\u0131 Yava\u015f sosyal medya hesab\u0131ndan yapt\u0131. <\/p>\n<p>&#8220;Ke\u00e7i\u00f6ren halk\u0131n\u0131n iradesine g\u00f6lge d\u00fc\u015f\u00fcren bu karar asla kabul edilemezdir&#8221; diye yazan Yava\u015f, &#8220;Hem\u015fehrilerimiz sand\u0131kta a\u00e7\u0131k, net ve tart\u0131\u015fmas\u0131z bir tercih ortaya koymu\u015f; Ke\u00e7i\u00f6ren&#8217;in y\u00f6netimini Cumhuriyet Halk Partisi&#8217;ne emanet etmi\u015ftir ve bunu da \u00f6zg\u00fcr iradesiyle vermi\u015ftir.<\/p>\n<p>E\u011fer Ke\u00e7i\u00f6ren halk\u0131 bu il\u00e7enin AK Parti taraf\u0131ndan y\u00f6netilmesini isteseydi, bunu sand\u0131kta zaten a\u00e7\u0131k\u00e7a ve teredd\u00fcts\u00fcz \u015fekilde ifade ederdi. Sand\u0131k, milletin s\u00f6z\u00fcd\u00fcr; o s\u00f6z\u00fcn \u00fcst\u00fcnde hi\u00e7bir gerek\u00e7e, hi\u00e7bir hesap olamaz&#8221; ifadelerini kulland\u0131. <\/p>\n<p><b>&#8220;BU YETK\u0130 EL DE\u011e\u0130\u015eT\u0130REMEZ&#8221;<\/b><\/p>\n<p>Yava\u015f ayr\u0131ca \u015fu ifadeleri kulland\u0131: &#8220;Unutulmamal\u0131d\u0131r ki; yetki millettindir. Sand\u0131kta al\u0131nan yetki, ki\u015filere ya da kurumlara de\u011fil, do\u011frudan se\u00e7mene aittir. Bu yetki bir emanettir; keyfi bi\u00e7imde devredilemez, el de\u011fi\u015ftiremez, gasp edilemez.<\/p>\n<p>Bug\u00fcne kadar Cumhuriyet Halk Partisi&#8217;nin politikalar\u0131yla ilgili tek bir \u015fik\u00e2yeti dahi olmad\u0131\u011f\u0131 gibi, konu her g\u00fcndeme geldi\u011finde hakk\u0131nda yakla\u015f\u0131k bir ayd\u0131r ortaya at\u0131lan &#8220;AK Parti&#8217;ye ge\u00e7ece\u011fi&#8221; y\u00f6n\u00fcndeki iddialar\u0131 da herkesin huzurunda kesin bir dille yalanlam\u0131\u015ft\u0131r.<\/p>\n<p><b>&#8220;BAZI KARARLAR HAFIZALARA KAZINIR&#8221;<\/b><\/p>\n<p>Binlerce partili, binlerce g\u00f6n\u00fcll\u00fc; hi\u00e7bir kar\u015f\u0131l\u0131k beklemeden, gece g\u00fcnd\u00fcz demeden, inan\u00e7la ve fedak\u00e2rl\u0131kla kendisinin se\u00e7ilmesi i\u00e7in emek vermi\u015ftir. Ortaya konan bu karar, yaln\u0131zca bir siyasi tercih de\u011fil; o eme\u011fe, o inanca ve o al\u0131n terine yap\u0131lm\u0131\u015f a\u00e7\u0131k bir sayg\u0131s\u0131zl\u0131kt\u0131r.<\/p>\n<p>Siyaset ge\u00e7icidir; makamlar gelir ge\u00e7er. Ama baz\u0131 kararlar vard\u0131r ki, haf\u0131zalara kaz\u0131n\u0131r. \u00c7\u00fcnk\u00fc millet, kendisine yap\u0131lan\u0131 da kendisini yok sayan\u0131 da g\u00fcn\u00fc geldi\u011finde mutlaka hat\u0131rlar.&#8221;<\/p>\n<p><b>PE\u015e PE\u015eE \u0130ST\u0130FALAR<\/b><\/p>\n<p>\u00d6te yandan, Ke\u00e7i\u00f6ren Belediye Ba\u015fkan\u0131 Mesut \u00d6zarslan&#8217;\u0131n istifas\u0131n\u0131n ard\u0131ndan Ke\u00e7i\u00f6ren Belediyesi Meclis \u00dcyesi Azra Ceylan \u00d6zt\u00fcrk, Ke\u00e7i\u00f6ren Belediye Ba\u015fkan Yard\u0131mc\u0131s\u0131 ve Ankara B\u00fcy\u00fck\u015fehir Belediyesi Meclis \u00dcyesi Serkan Bedirhano\u011flu ve Ke\u00e7i\u00f6ren Belediyesi Meclis \u00dcyesi Cihan Ayhan da CHP&#8217;den istifa ettiklerini a\u00e7\u0131klad\u0131.<\/p>\n<p><b>KUL\u0130SLERDE AK PART\u0130&#8217;YE GE\u00c7ECE\u011e\u0130 KONU\u015eULUYORDU<\/b><\/p>\n<p>Ayr\u0131ca \u00d6zarslans&#8217;\u0131n AK Parti&#8217;ye kat\u0131laca\u011f\u0131 y\u00f6n\u00fcndeki iddialar kulislerde konu\u015fuluyordu. Gazeteci Sinan Burhan, Cumhuriyet Halk Partisi&#8217;nden Ke\u00e7i\u00f6ren Belediye Ba\u015fkan\u0131 se\u00e7ilen Mesut \u00d6zarslan&#8217;\u0131n AK Parti saflar\u0131na kat\u0131laca\u011f\u0131n\u0131 belirterek, &#8220;Ke\u00e7i\u00f6ren Belediye Ba\u015fkan\u0131 Mesut \u00d6zarslan&#8217;\u0131n AK Parti&#8217;ye ge\u00e7ece\u011fi kesinle\u015fmi\u015f g\u00f6z\u00fck\u00fcyor&#8221; ifadelerini kullanm\u0131\u015ft\u0131.<\/p>\n<p>Ayn\u0131 iddiaya ili\u015fkin AK Partili Savc\u0131 Sayan da a\u00e7\u0131klama yapm\u0131\u015f, transfer s\u00f6ylentilerini do\u011frulayan Sayan, \u00d6zarslan&#8217;\u0131n AK Parti&#8217;ye kat\u0131laca\u011f\u0131 tarihi de payla\u015fm\u0131\u015ft\u0131. Sayan, &#8220;Kayna\u011f\u0131m \u00e7elik gibi. Ke\u00e7i\u00f6ren Belediye Ba\u015fkan\u0131 Mesut \u00d6zarslan \u00e7ar\u015famba g\u00fcn\u00fc AK Parti&#8217;mizde. \u00dc\u00e7 g\u00fc\u00e7l\u00fc isim Say\u0131n Cumhurba\u015fkan\u0131m\u0131z\u0131 ikna etmi\u015f&#8221; demi\u015fti.<\/p>\n","protected":false},"excerpt":{"rendered":"<p>Ankara B\u00fcy\u00fck\u015fehir Belediye Ba\u015fkan\u0131 Mansur Yava\u015f, Ke\u00e7i\u00f6ren Belediye Ba\u015fkan\u0131 Mesut \u00d6zarslan&#8217;\u0131n CHP&#8217;den istifa etmesinin ard\u0131ndan yapt\u0131\u011f\u0131 ilk a\u00e7\u0131klamada &#8220;Bu karar asla kabul edilemezdir. Siyaset ge\u00e7icidir; makamlar gelir ge\u00e7er. Ama baz\u0131 kararlar vard\u0131r ki, haf\u0131zalara kaz\u0131n\u0131r&#8221; ifadelerini kulland\u0131.<\/p>\n","protected":false},"author":1,"featured_media":73470,"comment_status":"open","ping_status":"open","sticky":false,"template":"","format":"standard","meta":{"footnotes":""},"categories":[12],"tags":[1389,516,372,1712,4614],"class_list":["post-73469","post","type-post","status-publish","format-standard","has-post-thumbnail","hentry","category-siyaset","tag-ak-parti","tag-baskan","tag-belediye","tag-istifa","tag-kecioren"],"_links":{"self":[{"href":"https:\/\/bihavadis.com\/index.php\/wp-json\/wp\/v2\/posts\/73469","targetHints":{"allow":["GET"]}}],"collection":[{"href":"https:\/\/bihavadis.com\/index.php\/wp-json\/wp\/v2\/posts"}],"about":[{"href":"https:\/\/bihavadis.com\/index.php\/wp-json\/wp\/v2\/types\/post"}],"author":[{"embeddable":true,"href":"https:\/\/bihavadis.com\/index.php\/wp-json\/wp\/v2\/users\/1"}],"replies":[{"embeddable":true,"href":"https:\/\/bihavadis.com\/index.php\/wp-json\/wp\/v2\/comments?post=73469"}],"version-history":[{"count":1,"href":"https:\/\/bihavadis.com\/index.php\/wp-json\/wp\/v2\/posts\/73469\/revisions"}],"predecessor-version":[{"id":73471,"href":"https:\/\/bihavadis.com\/index.php\/wp-json\/wp\/v2\/posts\/73469\/revisions\/73471"}],"wp:featuredmedia":[{"embeddable":true,"href":"https:\/\/bihavadis.com\/index.php\/wp-json\/wp\/v2\/media\/73470"}],"wp:attachment":[{"href":"https:\/\/bihavadis.com\/index.php\/wp-json\/wp\/v2\/media?parent=73469"}],"wp:term":[{"taxonomy":"category","embeddable":true,"href":"https:\/\/bihavadis.com\/index.php\/wp-json\/wp\/v2\/categories?post=73469"},{"taxonomy":"post_tag","embeddable":true,"href":"https:\/\/bihavadis.com\/index.php\/wp-json\/wp\/v2\/tags?post=73469"}],"curies":[{"name":"wp","href":"https:\/\/api.w.org\/{rel}","templated":true}]}}