{"id":73524,"date":"2026-03-28T22:54:08","date_gmt":"2026-03-28T22:54:08","guid":{"rendered":"https:\/\/bihavadis.com\/?p=73524"},"modified":"2026-03-28T22:54:08","modified_gmt":"2026-03-28T22:54:08","slug":"friedrich-merz-uretkenligimiz-yetersiz-daha-fazla-calismaliyiz","status":"publish","type":"post","link":"https:\/\/bihavadis.com\/index.php\/2026\/03\/28\/friedrich-merz-uretkenligimiz-yetersiz-daha-fazla-calismaliyiz\/","title":{"rendered":"Friedrich Merz: \u00dcretkenli\u011fimiz yetersiz, daha fazla \u00e7al\u0131\u015fmal\u0131y\u0131z"},"content":{"rendered":"<p>Almanya Ba\u015fbakan\u0131 Friedrich Merz, \u00c7in&#8217;e yapt\u0131\u011f\u0131 resmi ziyaretin ard\u0131ndan a\u00e7\u0131klama yapt\u0131.<\/p>\n<p>Friedrich Merz, a\u00e7\u0131klamas\u0131nda, \u00fclkesinin ekonomik \u00fcretkenli\u011finin yetersiz oldu\u011funu vurgulad\u0131.<\/p>\n<p><strong>&#8216;ALMANYA HALKI \u00c7ALI\u015eMIYOR&#8217; DED\u0130<\/strong><\/p>\n<p>Merz, Alman halk\u0131n\u0131 daha fazla \u00e7al\u0131\u015fmaya \u00e7a\u011f\u0131rd\u0131.<\/p>\n<p>\u0130\u015f-ya\u015fam dengesi ve d\u00f6rt g\u00fcnl\u00fck \u00e7al\u0131\u015fma haftas\u0131n\u0131n uzun vadeli refah\u0131 s\u00fcrd\u00fcr\u00fclemez k\u0131ld\u0131\u011f\u0131n\u0131 belirten Merz, bu yakla\u015f\u0131mlar\u0131n terk edilmesi gerekti\u011fini ifade etti.<\/p>\n<p><strong>&#8220;ARTIK YETER\u0130NCE \u00dcRETKEN DE\u011e\u0130L\u0130Z&#8221;<\/strong><\/p>\n<p>End\u00fcstri gruplar\u0131na hitaben yapt\u0131\u011f\u0131 konu\u015fmada Merz, \u015fu s\u00f6zleri kulland\u0131:<\/p>\n<p><em><b>&#8220;Art\u0131k yeterince \u00fcretken de\u011filiz. Her birey &#8216;Ben zaten olduk\u00e7a fazla \u00e7al\u0131\u015f\u0131yorum&#8217; diyebilir ve bu do\u011fru olabilir. Ancak \u00c7in&#8217;den d\u00f6nd\u00fc\u011f\u00fcn\u00fczde, han\u0131mefendiler ve beyefendiler, baz\u0131 \u015feyleri daha net g\u00f6r\u00fcyorsunuz.&#8221;<\/b><\/em><\/p>\n<p><img decoding=\"async\" src=\"https:\/\/bihavadis.com\/wp-content\/uploads\/2026\/03\/friedrich-merz-uretkenligimiz-yetersiz-daha-fazla-calismaliyiz-0-TmdzIDCO.jpg\"\/><\/p>\n<p><strong>&#8216;\u00c7ALI\u015eMA SAATLER\u0130 ARTIRILSIN&#8217; SAVUNMASI<\/strong><\/p>\n<p>\u00c7in&#8217;deki \u00e7al\u0131\u015fma tutumunu \u00f6rnek g\u00f6steren Merz, Almanya&#8217;n\u0131n rekabet g\u00fcc\u00fcn\u00fc korumak i\u00e7in \u00e7al\u0131\u015fma saatlerini art\u0131rmas\u0131 gerekti\u011fini savundu.<\/p>\n<p>Merz&#8217;in bu a\u00e7\u0131klamalar\u0131, Almanya&#8217;n\u0131n ekonomik b\u00fcy\u00fcmesini engelleyen fakt\u00f6rler aras\u0131nda yer alan k\u0131smi zamanl\u0131 \u00e7al\u0131\u015fma ve s\u0131k al\u0131nan hastal\u0131k izinlerini de hedef ald\u0131.<\/p>\n<p><strong>DAHA \u00d6NCE DE ELE\u015eT\u0130RM\u0130\u015eT\u0130<\/strong><\/p>\n<p>Merz, daha \u00f6nce de benzer ele\u015ftirilerde bulunmu\u015f, Almanlar\u0131n y\u0131lda ortalama 200 saat daha az \u00e7al\u0131\u015ft\u0131\u011f\u0131n\u0131 belirterek bu durumun refah\u0131 tehdit etti\u011fini belirtmi\u015fti.<\/p>\n<p>Bu \u00e7a\u011fr\u0131lar, Almanya&#8217;da yo\u011fun tart\u0131\u015fmalara yol a\u00e7t\u0131.<\/p>\n<p>Almanya ekonomisi, son be\u015f y\u0131lda s\u0131n\u0131rl\u0131 b\u00fcy\u00fcme g\u00f6sterirken, demografik sorunlar ve emeklilik dalgas\u0131 nedeniyle i\u015f g\u00fcc\u00fc a\u00e7\u0131\u011f\u0131 art\u0131yor.<\/p>\n<p><img decoding=\"async\" src=\"https:\/\/bihavadis.com\/wp-content\/uploads\/2026\/03\/friedrich-merz-uretkenligimiz-yetersiz-daha-fazla-calismaliyiz-1-GqRli6kG.jpg\"\/> <\/p>\n<div> <span><strong>Kaynak:<\/strong> Ensonhaber Haber Merkezi<\/span> <\/div>\n","protected":false},"excerpt":{"rendered":"<p>Almanya Ba\u015fbakan\u0131 Friedrich Merz, \u00c7in&#8217;e yapt\u0131\u011f\u0131 resmi ziyaretin ard\u0131ndan a\u00e7\u0131klama yapt\u0131. Friedrich Merz, a\u00e7\u0131klamas\u0131nda, \u00fclkesinin ekonomik \u00fcretkenli\u011finin yetersiz oldu\u011funu vurgulad\u0131. &#8216;ALMANYA HALKI \u00c7ALI\u015eMIYOR&#8217; DED\u0130 Merz, Alman halk\u0131n\u0131 daha fazla &#8230;<\/p>\n","protected":false},"author":1,"featured_media":73525,"comment_status":"open","ping_status":"open","sticky":false,"template":"","format":"standard","meta":{"footnotes":""},"categories":[6],"tags":[1088,378,3831],"class_list":["post-73524","post","type-post","status-publish","format-standard","has-post-thumbnail","hentry","category-dunya","tag-almanya","tag-calisma","tag-merz"],"_links":{"self":[{"href":"https:\/\/bihavadis.com\/index.php\/wp-json\/wp\/v2\/posts\/73524","targetHints":{"allow":["GET"]}}],"collection":[{"href":"https:\/\/bihavadis.com\/index.php\/wp-json\/wp\/v2\/posts"}],"about":[{"href":"https:\/\/bihavadis.com\/index.php\/wp-json\/wp\/v2\/types\/post"}],"author":[{"embeddable":true,"href":"https:\/\/bihavadis.com\/index.php\/wp-json\/wp\/v2\/users\/1"}],"replies":[{"embeddable":true,"href":"https:\/\/bihavadis.com\/index.php\/wp-json\/wp\/v2\/comments?post=73524"}],"version-history":[{"count":1,"href":"https:\/\/bihavadis.com\/index.php\/wp-json\/wp\/v2\/posts\/73524\/revisions"}],"predecessor-version":[{"id":73528,"href":"https:\/\/bihavadis.com\/index.php\/wp-json\/wp\/v2\/posts\/73524\/revisions\/73528"}],"wp:featuredmedia":[{"embeddable":true,"href":"https:\/\/bihavadis.com\/index.php\/wp-json\/wp\/v2\/media\/73525"}],"wp:attachment":[{"href":"https:\/\/bihavadis.com\/index.php\/wp-json\/wp\/v2\/media?parent=73524"}],"wp:term":[{"taxonomy":"category","embeddable":true,"href":"https:\/\/bihavadis.com\/index.php\/wp-json\/wp\/v2\/categories?post=73524"},{"taxonomy":"post_tag","embeddable":true,"href":"https:\/\/bihavadis.com\/index.php\/wp-json\/wp\/v2\/tags?post=73524"}],"curies":[{"name":"wp","href":"https:\/\/api.w.org\/{rel}","templated":true}]}}