{"id":73631,"date":"2026-03-29T00:00:15","date_gmt":"2026-03-29T00:00:15","guid":{"rendered":"https:\/\/bihavadis.com\/?p=73631"},"modified":"2026-03-29T00:00:15","modified_gmt":"2026-03-29T00:00:15","slug":"ytb-basari-hikayelerini-brukselde-bulusturdu","status":"publish","type":"post","link":"https:\/\/bihavadis.com\/index.php\/2026\/03\/29\/ytb-basari-hikayelerini-brukselde-bulusturdu\/","title":{"rendered":"YTB, &#8216;Ba\u015far\u0131 Hikayelerini&#8217; Br\u00fcksel&#8217;de bulu\u015fturdu"},"content":{"rendered":"<p>Bel\u00e7ika\u2019n\u0131n ba\u015fkentinde, TOBB Br\u00fcksel Ofisi\u2019nde Br\u00fcksel\u2019de Avrupa\u2019daki T\u00fcrk toplumunun ba\u015far\u0131 hikayelerinin ele al\u0131nd\u0131\u011f\u0131 bir<span>\u00a0program d\u00fczenlendi.<\/span><\/p>\n<p>Programa, \u0130lim Yayma Vakf\u0131 M\u00fctevelli Heyeti Ba\u015fkan\u0131 Bilal Erdo\u011fan ile AK Parti Genel Ba\u015fkan Yard\u0131mc\u0131s\u0131 Zafer S\u0131rakaya da panelist olarak kat\u0131ld\u0131.<\/p>\n<p>Yurtd\u0131\u015f\u0131 T\u00fcrkler ve Akraba Topluluklar Ba\u015fkanl\u0131\u011f\u0131 (YTB) Ba\u015fkan\u0131 Abdulhadi Turus\u2019un moderat\u00f6rl\u00fc\u011f\u00fcnde ger\u00e7ekle\u015ftirilen programda, Avrupa\u2019n\u0131n farkl\u0131 kentlerinden gelen ve akademi, bilim, t\u0131p, hukuk, sivil toplum ile i\u015f d\u00fcnyas\u0131nda ba\u015far\u0131 elde etmi\u015f isimler deneyimlerini payla\u015ft\u0131.<\/p>\n<p><strong>&#8220;H\u0130KAYEN\u0130N ASIL KAHRAMANLARIYLA B\u0130R ARADAYIZ&#8221;<\/strong><\/p>\n<p>Program\u0131n a\u00e7\u0131l\u0131\u015f\u0131nda konu\u015fan Turus, Avrupa\u2019n\u0131n d\u00f6rt bir yan\u0131ndan gelen kat\u0131l\u0131mc\u0131lar\u0131 selamlayarak, \u201c<em>Avrupa\u2019n\u0131n d\u00f6rt bir yan\u0131ndan gelen gurur tablolar\u0131m\u0131z\u2026 \u2018Ba\u015far\u0131 Hikayeleri\u2019 bulu\u015fmas\u0131na hepiniz ho\u015f geldiniz, safalar getirdiniz\u201d<\/em> dedi.<\/p>\n<p>T\u0131p, hukuk, akademi, i\u015f d\u00fcnyas\u0131, sanat ve daha pek \u00e7ok alanda zirveye \u00e7\u0131km\u0131\u015f T\u00fcrk diasporas\u0131n\u0131n \u00f6nc\u00fc isimleriyle bir arada olduklar\u0131n\u0131 belirten Turus, Avrupa\u2019daki varl\u0131\u011f\u0131n, gelece\u011fin, kar\u015f\u0131la\u015f\u0131lan cam tavanlar\u0131n nas\u0131l k\u0131r\u0131ld\u0131\u011f\u0131n\u0131n ve nesillere b\u0131rak\u0131lacak miras\u0131n ele al\u0131naca\u011f\u0131n\u0131 ifade etti.<\/p>\n<p>Protokol konu\u015fmalar\u0131n\u0131 \u201cdile getiren Turus<em>, \u201cBug\u00fcn biz bizeyiz. \u0130stedik ki samimi, do\u011fal bir ortamda; birbirimizi dinleyerek, g\u00f6z temas\u0131 kurarak, dertle\u015ferek hemhal olal\u0131m.\u201d <\/em>ifadelerini kulland\u0131.<\/p>\n<p>Ayr\u0131ca, Avrupa T\u00fcrklerinin \u201c<em>Ba\u015far\u0131 Hikayesi\u201d<\/em>ni yazan isimlerle bir arada olduklar\u0131n\u0131 vurgulayan Turus,<em> \u201cMasam\u0131z\u0131n iki taraf\u0131 da \u00e7ok g\u00fc\u00e7l\u00fc\u201d<\/em> dedi.<\/p>\n<p><img decoding=\"async\" src=\"https:\/\/bihavadis.com\/wp-content\/uploads\/2026\/03\/ytb-basari-hikayelerini-brukselde-bulusturdu-0-2FYFxvwf.jpg\"\/><\/p>\n<p><strong>&#8220;D\u00dcNYADA C\u0130DD\u0130 B\u0130R K\u00dcLT\u00dcREL YOZLA\u015eMA YA\u015eANIYOR&#8221;<\/strong><\/p>\n<p>Panelde konu\u015fan Bilal Erdo\u011fan ise, T\u00fcrk diasporas\u0131n\u0131n Avrupa\u2019da iddial\u0131 bir noktaya geldi\u011fini g\u00f6rmekten mutluluk duydu\u011funu belirtti.<\/p>\n<p>T\u00fcrkiye\u2019deki sivil toplum kurulu\u015flar\u0131n\u0131n Avrupa\u2019daki T\u00fcrklerle daha yak\u0131n \u00e7al\u0131\u015fmas\u0131n\u0131n \u00f6nemine i\u015faret eden Erdo\u011fan, kar\u015f\u0131l\u0131kl\u0131 etkile\u015fimin art\u0131r\u0131lmas\u0131 gerekti\u011fini s\u00f6yledi.<\/p>\n<p>Toplumlar\u0131n kimlik meselesine dikkat \u00e7eken Erdo\u011fan, d\u00fcnyada ciddi bir k\u00fclt\u00fcrel yozla\u015fma ya\u015fand\u0131\u011f\u0131n\u0131 ifade ederek, toplumlar\u0131n kendi k\u00fclt\u00fcrleri ve kimlikleriyle bar\u0131\u015f\u0131k olmalar\u0131n\u0131n \u00f6zg\u00fcven sa\u011flayaca\u011f\u0131n\u0131 ve ili\u015fkileri daha dengeli bir zemine ta\u015f\u0131yaca\u011f\u0131n\u0131 kaydetti.<\/p>\n<p>Bir toplumun di\u011ferine \u00fcst\u00fcnl\u00fck iddias\u0131nda bulunmas\u0131 halinde sa\u011fl\u0131kl\u0131 ileti\u015fim kurulamayaca\u011f\u0131n\u0131 belirten Bilal Erdo\u011fan, herkesin kendi de\u011ferlerini koruyup ba\u015fkalar\u0131n\u0131n \u00f6zelliklerine sayg\u0131 g\u00f6stermesi gerekti\u011fini vurgulad\u0131.<\/p>\n<p>Diasporadaki T\u00fcrklerin bulunduklar\u0131 \u00fclkelerde sayg\u0131n birer vatanda\u015f olurken kimliklerini de muhafaza etmelerinin \u00f6nemine de\u011finen Erdo\u011fan, \u201c<em><b>Ba\u015far\u0131 elbette ba\u015far\u0131 ancak kimli\u011fiyle birlikte diasporadaki ba\u015far\u0131 daha b\u00fcy\u00fck ba\u015far\u0131.\u201d<\/b><\/em> dedi.<\/p>\n<p>Panelde ayr\u0131ca T\u00fcrkiye\u2019nin karalanmas\u0131 ve yurt d\u0131\u015f\u0131na g\u00f6\u00e7\u00fcn \u00f6zendirilmesi konular\u0131 da ele al\u0131n\u0131rken, Erdo\u011fan gen\u00e7lerin siyasetin kirli yap\u0131lmas\u0131ndan etkilendi\u011fini s\u00f6yledi.<\/p>\n<p><img decoding=\"async\" src=\"https:\/\/bihavadis.com\/wp-content\/uploads\/2026\/03\/ytb-basari-hikayelerini-brukselde-bulusturdu-1-e6szc9GS.jpg\"\/><\/p>\n<p><strong>&#8220;T\u00dcRK\u0130YE, YURT DI\u015eINDAK\u0130 VATANDA\u015eLARIYLA YAKINDAN \u0130LG\u0130LENEN B\u0130R DEVLET&#8221;<\/strong><\/p>\n<p>AK Parti Genel Ba\u015fkan Yard\u0131mc\u0131s\u0131 Zafer S\u0131rakaya ise diasporan\u0131n bir ferdi oldu\u011funu belirterek, T\u00fcrk toplumunun Avrupa\u2019da \u00e7ok say\u0131da ba\u015far\u0131 hikayesi yazd\u0131\u011f\u0131n\u0131 dile getirdi.<\/p>\n<p>Bireysel ba\u015far\u0131lar\u0131n de\u011ferli oldu\u011funu ancak bunun bir tak\u0131m ruhuna d\u00f6n\u00fc\u015ft\u00fcr\u00fclmesi gerekti\u011fini ifade eden S\u0131rakaya, ilerleyen nesillerle birlikte daha b\u00fcy\u00fck ba\u015far\u0131 hikayelerinin yaz\u0131laca\u011f\u0131n\u0131 s\u00f6yledi.<\/p>\n<p>T\u00fcrkiye\u2019nin art\u0131k eski T\u00fcrkiye olmad\u0131\u011f\u0131n\u0131 kaydeden S\u0131rakaya, yurt d\u0131\u015f\u0131ndaki vatanda\u015flara yak\u0131ndan sahip \u00e7\u0131kan bir Cumhurba\u015fkan\u0131 bulundu\u011funu belirtti.<\/p>\n<p>Recep Tayyip Erdo\u011fan\u2019\u0131n yurt d\u0131\u015f\u0131ndaki vatanda\u015flar\u0131n bulunduklar\u0131 \u00fclkelerde oy kullanmas\u0131n\u0131n \u00f6n\u00fcn\u00fc a\u00e7t\u0131\u011f\u0131n\u0131 hat\u0131rlatan S\u0131rakaya, T\u00fcrkiye\u2019nin kendi sorunlar\u0131n\u0131 \u00e7\u00f6zm\u00fc\u015f ve yurt d\u0131\u015f\u0131ndaki vatanda\u015flar\u0131yla yak\u0131ndan ilgilenen bir devlet oldu\u011funu vurgulad\u0131.<\/p>\n<p>Bat\u0131\u2019da y\u00fckselen \u0131rk\u00e7\u0131l\u0131k konusuna da de\u011finen S\u0131rakaya, Bat\u0131\u2019n\u0131n kendini d\u00fc\u015fman \u00fczerinden tan\u0131mlad\u0131\u011f\u0131n\u0131, T\u00fcrk medeniyetinde ise birlikte ya\u015fam k\u00fclt\u00fcr\u00fcn\u00fcn hakim oldu\u011funu ifade ederek, bu ho\u015fg\u00f6r\u00fc ortam\u0131n\u0131n Bat\u0131 toplumuna yans\u0131t\u0131lmas\u0131n\u0131n \u00f6nemine dikkat \u00e7ekti.<\/p>\n<p><img decoding=\"async\" src=\"https:\/\/bihavadis.com\/wp-content\/uploads\/2026\/03\/ytb-basari-hikayelerini-brukselde-bulusturdu-2-Il9kFnj8.jpg\"\/><\/p>\n<p><img decoding=\"async\" src=\"https:\/\/bihavadis.com\/wp-content\/uploads\/2026\/03\/ytb-basari-hikayelerini-brukselde-bulusturdu-3-f3YbHIAa.jpg\"\/><\/p>\n<p><img decoding=\"async\" src=\"https:\/\/bihavadis.com\/wp-content\/uploads\/2026\/03\/ytb-basari-hikayelerini-brukselde-bulusturdu-4-2cfb5tfd.jpg\"\/><\/p>\n<p><img decoding=\"async\" src=\"https:\/\/bihavadis.com\/wp-content\/uploads\/2026\/03\/ytb-basari-hikayelerini-brukselde-bulusturdu-5-sdH5lwBO.jpg\"\/><\/p>\n<p><img decoding=\"async\" src=\"https:\/\/bihavadis.com\/wp-content\/uploads\/2026\/03\/ytb-basari-hikayelerini-brukselde-bulusturdu-6-ZtnRMlk6.jpg\"\/><\/p>\n<p><img decoding=\"async\" src=\"https:\/\/bihavadis.com\/wp-content\/uploads\/2026\/03\/ytb-basari-hikayelerini-brukselde-bulusturdu-7-GdsyWkiJ.jpg\"\/><\/p>\n<p><img decoding=\"async\" src=\"https:\/\/bihavadis.com\/wp-content\/uploads\/2026\/03\/ytb-basari-hikayelerini-brukselde-bulusturdu-8-JuAZ9pdN.jpg\"\/><\/p>\n<p><img decoding=\"async\" src=\"https:\/\/bihavadis.com\/wp-content\/uploads\/2026\/03\/ytb-basari-hikayelerini-brukselde-bulusturdu-9-WiNXXmhY.jpg\"\/><\/p>\n<p><img decoding=\"async\" src=\"https:\/\/bihavadis.com\/wp-content\/uploads\/2026\/03\/ytb-basari-hikayelerini-brukselde-bulusturdu-10-Qic8Jm71.jpg\"\/> <\/p>\n<div> <span><strong>Kaynak:<\/strong> Ensonhaber Haber Merkezi<\/span> <\/div>\n","protected":false},"excerpt":{"rendered":"<p>Bel\u00e7ika\u2019n\u0131n ba\u015fkentinde, TOBB Br\u00fcksel Ofisi\u2019nde Br\u00fcksel\u2019de Avrupa\u2019daki T\u00fcrk toplumunun ba\u015far\u0131 hikayelerinin ele al\u0131nd\u0131\u011f\u0131 bir\u00a0program d\u00fczenlendi. Programa, \u0130lim Yayma Vakf\u0131 M\u00fctevelli Heyeti Ba\u015fkan\u0131 Bilal Erdo\u011fan ile AK Parti Genel Ba\u015fkan Yard\u0131mc\u0131s\u0131 &#8230;<\/p>\n","protected":false},"author":1,"featured_media":73632,"comment_status":"open","ping_status":"open","sticky":false,"template":"","format":"standard","meta":{"footnotes":""},"categories":[9,13],"tags":[1090,688,1526,1030,517],"class_list":["post-73631","post","type-post","status-publish","format-standard","has-post-thumbnail","hentry","category-genel","category-son-dakika","tag-avrupa","tag-basari","tag-erdogan","tag-toplum","tag-turk"],"_links":{"self":[{"href":"https:\/\/bihavadis.com\/index.php\/wp-json\/wp\/v2\/posts\/73631","targetHints":{"allow":["GET"]}}],"collection":[{"href":"https:\/\/bihavadis.com\/index.php\/wp-json\/wp\/v2\/posts"}],"about":[{"href":"https:\/\/bihavadis.com\/index.php\/wp-json\/wp\/v2\/types\/post"}],"author":[{"embeddable":true,"href":"https:\/\/bihavadis.com\/index.php\/wp-json\/wp\/v2\/users\/1"}],"replies":[{"embeddable":true,"href":"https:\/\/bihavadis.com\/index.php\/wp-json\/wp\/v2\/comments?post=73631"}],"version-history":[{"count":1,"href":"https:\/\/bihavadis.com\/index.php\/wp-json\/wp\/v2\/posts\/73631\/revisions"}],"predecessor-version":[{"id":73644,"href":"https:\/\/bihavadis.com\/index.php\/wp-json\/wp\/v2\/posts\/73631\/revisions\/73644"}],"wp:featuredmedia":[{"embeddable":true,"href":"https:\/\/bihavadis.com\/index.php\/wp-json\/wp\/v2\/media\/73632"}],"wp:attachment":[{"href":"https:\/\/bihavadis.com\/index.php\/wp-json\/wp\/v2\/media?parent=73631"}],"wp:term":[{"taxonomy":"category","embeddable":true,"href":"https:\/\/bihavadis.com\/index.php\/wp-json\/wp\/v2\/categories?post=73631"},{"taxonomy":"post_tag","embeddable":true,"href":"https:\/\/bihavadis.com\/index.php\/wp-json\/wp\/v2\/tags?post=73631"}],"curies":[{"name":"wp","href":"https:\/\/api.w.org\/{rel}","templated":true}]}}