{"id":73688,"date":"2026-03-29T00:36:07","date_gmt":"2026-03-29T00:36:07","guid":{"rendered":"https:\/\/bihavadis.com\/?p=73688"},"modified":"2026-03-29T00:36:07","modified_gmt":"2026-03-29T00:36:07","slug":"turkiyede-yatak-sayisi-ve-saglik-hizmetleri-artiyor","status":"publish","type":"post","link":"https:\/\/bihavadis.com\/index.php\/2026\/03\/29\/turkiyede-yatak-sayisi-ve-saglik-hizmetleri-artiyor\/","title":{"rendered":"T\u00fcrkiye&#8217;de Yatak Say\u0131s\u0131 ve Sa\u011fl\u0131k Hizmetleri Art\u0131yor"},"content":{"rendered":"<p> Sa\u011fl\u0131k Bakan\u0131 Kemal Memi\u015fo\u011flu, &#8221; T\u00fcrkiye&#8217;de \u015fu anda 271 bin 240 yata\u011f\u0131m\u0131z var. 2002 senesinde tek ve \u00e7ift ki\u015filik nitelikli yatak dedi\u011fimiz yatak say\u0131m\u0131z 18 bin 943 iken bug\u00fcn 184 bin 198. Yani esas\u0131nda biz hem say\u0131y\u0131 art\u0131rm\u0131\u015f\u0131z, yakla\u015f\u0131k 110 bin, hem de yataklar\u0131m\u0131z\u0131 yenilemi\u015fiz.&#8221; dedi.<\/p>\n<p>Sa\u011fl\u0131k Bakanl\u0131\u011f\u0131ndan yap\u0131lan a\u00e7\u0131klamaya g\u00f6re, Memi\u015fo\u011flu, &#8220;Sa\u011fl\u0131kl\u0131 T\u00fcrkiye Y\u00fczy\u0131l\u0131 Vizyonu: Koruyan, Geli\u015ftiren ve \u00dcreten Sa\u011fl\u0131k Modeli&#8221; temas\u0131yla d\u00fczenlenen 9. Y\u0131l T\u00dcSAP Sa\u011fl\u0131k Zirvesi&#8217;ne kat\u0131ld\u0131.<\/p>\n<p>Programda konu\u015fan Memi\u015fo\u011flu, Bakanl\u0131k olarak sa\u011fl\u0131k alan\u0131nda yapt\u0131klar\u0131 \u00e7al\u0131\u015fmalar\u0131 anlatarak, hedeflerinden bahsetti.<\/p>\n<p>??????Memi\u015fo\u011flu, &#8220;Bug\u00fcn 115 bin uzman hekimimiz var. Toplam 1 milyon 449 bin sa\u011fl\u0131k hizmetlerinde sadece hizmet taraf\u0131nda \u00e7al\u0131\u015fan insan\u0131m\u0131z var.&#8221; ifadesini kulland\u0131.<\/p>\n<p>Hastanelerdeki yatak say\u0131s\u0131na ili\u015fkin bilgiler payla\u015fan Memi\u015fo\u011flu, s\u00f6zlerini \u015f\u00f6yle s\u00fcrd\u00fcrd\u00fc: <\/p>\n<p>&#8220;T\u00fcrkiye&#8217;de \u015fu anda 271 bin 240 yata\u011f\u0131m\u0131z var. 2002 senesinde tek ve \u00e7ift ki\u015filik nitelikli yatak dedi\u011fimiz yatak say\u0131m\u0131z 18 bin 943 iken bug\u00fcn 184 bin 198. Yani esas\u0131nda biz hem say\u0131y\u0131 art\u0131rm\u0131\u015f\u0131z, yakla\u015f\u0131k 110 bin, hem de yataklar\u0131m\u0131z\u0131 yenilemi\u015fiz. Ge\u00e7mi\u015fte 6-8 ki\u015filik ko\u011fu\u015flarda bir yata\u011fa d\u00fc\u015fen metrekare oran\u0131m\u0131z 50-60 iken, bug\u00fcn 200-250 aras\u0131nda. Sadece yatak say\u0131s\u0131 artmad\u0131, yataklar konforlu hale geldi.&#8221;<\/p>\n<p>Kemal Memi\u015fo\u011flu, birinci basamak sa\u011fl\u0131k hizmeti sunan tesislerin say\u0131s\u0131n\u0131n 2002&#8217;den bu yana yakla\u015f\u0131k y\u00fczde 30 artt\u0131\u011f\u0131n\u0131 vurgulayarak, T\u00fcrkiye&#8217;de 1534 hastane oldu\u011funu belirtti.<\/p>\n<p>2025&#8217;te vatanda\u015flara verilen sa\u011fl\u0131k hizmeti 1 milyar\u0131 a\u015ft\u0131<\/p>\n<p>Bakan Memi\u015fo\u011flu, 2002&#8217;de vatanda\u015flara senede yakla\u015f\u0131k 209 milyon kez sa\u011fl\u0131k hizmeti verilirken, 2025&#8217;te bu say\u0131n\u0131n 1 milyar\u0131 a\u015ft\u0131\u011f\u0131n\u0131 ifade ederek, t\u0131bbi cihaz say\u0131lar\u0131n\u0131n artmas\u0131 bak\u0131m\u0131ndan da T\u00fcrkiye&#8217;de \u00f6nemli geli\u015fim s\u00fcreci ya\u015fand\u0131\u011f\u0131n\u0131 aktard\u0131.<\/p>\n<p>&#8220;Koruyan, Geli\u015ftiren ve \u00dcreten Sa\u011fl\u0131k&#8221; modeliyle yola \u00e7\u0131kt\u0131klar\u0131n\u0131 belirten Memi\u015fo\u011flu, b\u00fcy\u00fck\u015fehirler ve di\u011fer \u015fehirler aras\u0131nda sa\u011fl\u0131k ihtiya\u00e7lar\u0131 ve beklentileri aras\u0131nda fark oldu\u011funu kaydetti.<\/p>\n<p>Memi\u015fo\u011flu, &#8220;Onun i\u00e7in sahay\u0131 b\u00fct\u00fcn ekiple dola\u015ft\u0131k. Bizzat ben 67 ilimize gittim. \u0130n\u015fallah bu sene ortas\u0131na kadar b\u00fct\u00fcn illeri bitirmi\u015f olaca\u011f\u0131z.&#8221; bilgisini verdi.<\/p>\n<p>T\u00fct\u00fcn\u00fcn zararlar\u0131 konusunda toplumda fark\u0131ndal\u0131k olu\u015fturmak i\u00e7in proaktif olarak sahaya \u00e7\u0131kt\u0131klar\u0131n\u0131 aktaran Memi\u015fo\u011flu, t\u00fct\u00fcnle m\u00fccadeleye ili\u015fkin yeni bir mevzuat haz\u0131rl\u0131\u011f\u0131 i\u00e7inde olduklar\u0131n\u0131 dile getirdi.<\/p>\n<p>Memi\u015fo\u011flu, Cumhurba\u015fkan\u0131 Recep Tayyip Erdo\u011fan&#8217;\u0131n e\u015fi Emine Erdo\u011fan&#8217;\u0131n himayelerinde, Normal Do\u011fum Eylem Plan\u0131&#8217;n\u0131 ba\u015flatt\u0131klar\u0131n\u0131 hat\u0131rlatarak, &#8220;T\u00fcrkiye&#8217;de ebe y\u00f6netmeli\u011fini de\u011fi\u015ftirdik, ebe okullar\u0131 a\u00e7t\u0131k ve riskli gebelerle ilgili bir takip sistemi kuruyoruz. Bug\u00fcn T\u00fcrkiye, ilk defa primer sezaryen oran\u0131n\u0131 bir senede y\u00fczde 12 azaltm\u0131\u015f durumda. 4,5 puana yak\u0131n d\u00fc\u015ft\u00fc, daha da d\u00fc\u015fmeye devam edecek.&#8221; de\u011ferlendirmesinde bulundu.<\/p>\n<p>Sa\u011fl\u0131k Bakan\u0131 Memi\u015fo\u011flu, evde sa\u011fl\u0131k hizmetleri, uzaktan sa\u011fl\u0131k hizmetleri ve palyatif bak\u0131m konular\u0131nda mevzuat \u00e7al\u0131\u015fmas\u0131 yapt\u0131klar\u0131n\u0131, bunun yan\u0131 s\u0131ra hasta ve \u00e7al\u0131\u015fan haklar\u0131 konusunda da yeni bir d\u00fczenleme \u00fczerinde \u00e7al\u0131\u015ft\u0131klar\u0131n\u0131 duyurdu.<\/p>\n","protected":false},"excerpt":{"rendered":"<p>Sa\u011fl\u0131k Bakan\u0131 Kemal Memi\u015fo\u011flu, &#8220;T\u00fcrkiye&#8217;de \u015fu anda 271 bin 240 yata\u011f\u0131m\u0131z var. 2002 senesinde tek ve \u00e7ift ki\u015filik nitelikli yatak dedi\u011fimiz yatak say\u0131m\u0131z 18 bin 943 iken bug\u00fcn 184 bin 198. Yani esas\u0131nda biz hem say\u0131y\u0131 art\u0131rm\u0131\u015f\u0131z, yakla\u015f\u0131k 110 bin, hem de yataklar\u0131m\u0131z\u0131 yenilemi\u015fiz.&#8221; dedi.<\/p>\n","protected":false},"author":1,"featured_media":73689,"comment_status":"open","ping_status":"open","sticky":false,"template":"","format":"standard","meta":{"footnotes":""},"categories":[12],"tags":[315,5568,157,4171,7856],"class_list":["post-73688","post","type-post","status-publish","format-standard","has-post-thumbnail","hentry","category-siyaset","tag-hizmet","tag-memisoglu","tag-saglik","tag-sene","tag-yatak"],"_links":{"self":[{"href":"https:\/\/bihavadis.com\/index.php\/wp-json\/wp\/v2\/posts\/73688","targetHints":{"allow":["GET"]}}],"collection":[{"href":"https:\/\/bihavadis.com\/index.php\/wp-json\/wp\/v2\/posts"}],"about":[{"href":"https:\/\/bihavadis.com\/index.php\/wp-json\/wp\/v2\/types\/post"}],"author":[{"embeddable":true,"href":"https:\/\/bihavadis.com\/index.php\/wp-json\/wp\/v2\/users\/1"}],"replies":[{"embeddable":true,"href":"https:\/\/bihavadis.com\/index.php\/wp-json\/wp\/v2\/comments?post=73688"}],"version-history":[{"count":1,"href":"https:\/\/bihavadis.com\/index.php\/wp-json\/wp\/v2\/posts\/73688\/revisions"}],"predecessor-version":[{"id":73690,"href":"https:\/\/bihavadis.com\/index.php\/wp-json\/wp\/v2\/posts\/73688\/revisions\/73690"}],"wp:featuredmedia":[{"embeddable":true,"href":"https:\/\/bihavadis.com\/index.php\/wp-json\/wp\/v2\/media\/73689"}],"wp:attachment":[{"href":"https:\/\/bihavadis.com\/index.php\/wp-json\/wp\/v2\/media?parent=73688"}],"wp:term":[{"taxonomy":"category","embeddable":true,"href":"https:\/\/bihavadis.com\/index.php\/wp-json\/wp\/v2\/categories?post=73688"},{"taxonomy":"post_tag","embeddable":true,"href":"https:\/\/bihavadis.com\/index.php\/wp-json\/wp\/v2\/tags?post=73688"}],"curies":[{"name":"wp","href":"https:\/\/api.w.org\/{rel}","templated":true}]}}