{"id":73744,"date":"2026-03-29T01:21:06","date_gmt":"2026-03-29T01:21:06","guid":{"rendered":"https:\/\/bihavadis.com\/?p=73744"},"modified":"2026-03-29T01:21:06","modified_gmt":"2026-03-29T01:21:06","slug":"rusya-abd-ve-israil-tehlikeli-bir-maceraya-giristi","status":"publish","type":"post","link":"https:\/\/bihavadis.com\/index.php\/2026\/03\/29\/rusya-abd-ve-israil-tehlikeli-bir-maceraya-giristi\/","title":{"rendered":"Rusya: ABD ve \u0130srail tehlikeli bir maceraya giri\u015fti"},"content":{"rendered":"<p>ABD ve \u0130srail\u2019in sabah saatlerinde \u0130ran\u2019a ba\u015flatt\u0131\u011f\u0131 hava sald\u0131r\u0131s\u0131ndan sonra Orta Do\u011fu\u2019da gerilim t\u0131rmanmaya devam ederken, Rusya\u2019dan resmi a\u00e7\u0131klama geldi.<\/p>\n<p>Rusya D\u0131\u015fi\u015fleri Bakanl\u0131\u011f\u0131ndan yap\u0131lan a\u00e7\u0131klamada, ABD ve \u0130srail\u2019e tepki g\u00f6sterildi, \u00e7at\u0131\u015fma sonu\u00e7lar\u0131n\u0131n daha da k\u00f6t\u00fcle\u015febilece\u011fine dikkat \u00e7ekti.<\/p>\n<p><strong>&#8220;ULUSLARARASI HUKUKUN TEMEL \u0130LKE VE NORMLARINI \u0130HLAL ED\u0130YOR&#8221;<\/strong><\/p>\n<p>A\u00e7\u0131klamada, <em><b>&#8220;Sabah saatlerinde ABD ve \u0130srail g\u00fc\u00e7leri \u0130ran topraklar\u0131na hava sald\u0131r\u0131lar\u0131 d\u00fczenledi. Bu d\u00fc\u015f\u00fcncesiz eylem \u00f6ncesinde b\u00f6lgeye b\u00fcy\u00fck bir ABD askeri grubunun sevk edilmesi de dahil olmak \u00fczere y\u00fcr\u00fct\u00fclen askeri-politik ve propaganda haz\u0131rl\u0131klar\u0131n\u0131n \u00f6l\u00e7e\u011fi ve niteli\u011fi, s\u00f6z konusu eylemin, uluslararas\u0131 hukukun temel ilke ve normlar\u0131n\u0131 ihlal eden, BM \u00fcyesi egemen ve ba\u011f\u0131ms\u0131z bir devlete kar\u015f\u0131 \u00f6nceden planlanm\u0131\u015f bir silahl\u0131 sald\u0131rganl\u0131k eylemi oldu\u011funa dair hi\u00e7bir \u015f\u00fcphe b\u0131rakmamaktad\u0131r&#8221; <\/b><\/em>denildi.<\/p>\n<p><strong>&#8220;\u0130SRA\u0130L S\u00d6Z\u00dcN\u00dc TUTMADI&#8221;<\/strong><\/p>\n<p>\u0130ran ile ABD aras\u0131nda devam eden m\u00fczakere s\u00fcrecine ra\u011fmen yap\u0131lan sald\u0131r\u0131ya tepki g\u00f6sterilerek, <em><b>&#8220;\u0130srail&#8217;in \u0130ran&#8217;la askeri bir \u00e7at\u0131\u015fmaya girmek istemedi\u011fine dair Rus taraf\u0131na verilen mesajlara ra\u011fmen yap\u0131lmas\u0131, \u00f6zellikle k\u0131nanmas\u0131 gereken bir husustur. BM y\u00f6netimi ve Uluslararas\u0131 Atom Enerjisi Ajans\u0131 (UAEA) dahil olmak \u00fczere uluslararas\u0131 toplum, Orta Do\u011fu&#8217;da bar\u0131\u015f\u0131, istikrar\u0131 ve g\u00fcvenli\u011fi yok etmeye y\u00f6nelik bu sorumsuz eylemlere derhal objektif ve tavizsiz bir de\u011ferlendirme yapmakla y\u00fck\u00fcml\u00fcd\u00fcr&#8221; <\/b><\/em>ifadeleri kullan\u0131ld\u0131.<\/p>\n<p><strong>&#8220;SALDIRGANLARIN N\u0130YETLER\u0130 A\u00c7IK\u00c7A BELL\u0130D\u0130R&#8221;<\/strong><\/p>\n<p>ABD ve \u0130srail\u2019in, \u0130ran\u2019\u0131n egemenli\u011fine sald\u0131r\u0131da bulundu\u011funa da dikkat \u00e7ekilerek, <em>&#8220;Washington ve Tel Aviv, b\u00f6lgeyi h\u0131zla insani, ekonomik ve muhtemelen radyolojik bir felakete s\u00fcr\u00fckleyen tehlikeli bir maceraya bir kez daha giri\u015fmi\u015ftir. Sald\u0131rganlar\u0131n niyetleri a\u00e7\u0131k\u00e7a bellidir ve kendileri taraf\u0131ndan da dile getirilmektedir: Askeri diktaya ve hegemonyaya boyun e\u011fmeyi reddeden bir devletin anayasal d\u00fczenini bozmak ve y\u00f6netimini yok etmek. \u00d6ng\u00f6r\u00fclemez zincirleme tepkiler ve \u015fiddet sarmal\u0131n\u0131n t\u0131rmanmas\u0131 da dahil olmak \u00fczere insan eliyle olu\u015fturulmu\u015f bu krizin t\u00fcm olumsuz sonu\u00e7lar\u0131n\u0131n sorumlulu\u011fu tamamen onlara aittir.<\/em><b><em>\u00a0<\/em><\/b><\/p>\n<p><b><em>N\u00fckleer Silahlar\u0131n Yay\u0131lmas\u0131n\u0131n \u00d6nlenmesi Antla\u015fmas\u0131\u2019n\u0131n (NPT) temel ta\u015f\u0131 oldu\u011fu k\u00fcresel n\u00fckleer silahs\u0131zlanma rejimine y\u00f6nelik bu a\u011f\u0131r sonu\u00e7lar g\u00f6rmezden gelinmektedir. Amerikan-\u0130srail ortakl\u0131\u011f\u0131, \u0130ranl\u0131lar\u0131n n\u00fckleer silaha sahip olmas\u0131n\u0131 engelleme y\u00f6n\u00fcndeki s\u00f6zde bir kayg\u0131ya s\u0131\u011f\u0131nmaktad\u0131r. UAEA g\u00fcvencesi alt\u0131ndaki n\u00fckleer tesislerin bombalanmas\u0131 kabul edilemez&#8221; <\/em><\/b>denildi.<\/p>\n<p><strong>&#8220;ABD&#8217;N\u0130N \u0130ST\u0130KRARSIZLA\u015eTIRICI SALDIRILARININ SER\u0130 N\u0130TEL\u0130\u011e\u0130D\u0130R&#8221;<\/strong><\/p>\n<p>ABD\u2019nin son d\u00f6nemlerde bir\u00e7ok \u00fclkeye sald\u0131rd\u0131\u011f\u0131 ve bir\u00e7ok \u00fclkeyi tehdit etti\u011fi hat\u0131rlat\u0131larak, <em><b>&#8220;\u00d6zellikle endi\u015fe verici olan, ABD y\u00f6netiminin son birka\u00e7 ayd\u0131r d\u00fcnya d\u00fczeninin uluslararas\u0131 hukuk temellerine, yani i\u00e7 i\u015flerine kar\u0131\u015fmama, g\u00fc\u00e7 tehdidinden veya kullan\u0131m\u0131ndan vazge\u00e7me ve uluslararas\u0131 anla\u015fmazl\u0131klar\u0131n bar\u0131\u015f\u00e7\u0131l \u00e7\u00f6z\u00fcm\u00fc ilkelerine kar\u015f\u0131 ger\u00e7ekle\u015ftirdi\u011fi istikrars\u0131zla\u015ft\u0131r\u0131c\u0131 sald\u0131r\u0131lar\u0131n seri niteli\u011fidir&#8221; <\/b><\/em>ifadeleri kullan\u0131ld\u0131.<\/p>\n<p><strong>&#8220;\u00c7\u00d6Z\u00dcM YOLUNA DERHAL GER\u0130 D\u00d6N\u00dcLMES\u0130N\u0130 TALEP ED\u0130YORUZ&#8221;<\/strong><\/p>\n<p>T\u00fcm taraflar diplomatik \u00e7\u00f6z\u00fcme davet edilerek,<em><b> &#8220;Siyasi ve diplomatik \u00e7\u00f6z\u00fcm yoluna derhal geri d\u00f6n\u00fclmesini talep ediyoruz. Rusya, her zaman oldu\u011fu gibi uluslararas\u0131 hukuk, kar\u015f\u0131l\u0131kl\u0131 sayg\u0131 ve \u00e7\u0131karlar\u0131n dengesi temelinde bar\u0131\u015f\u00e7\u0131l \u00e7\u00f6z\u00fcmler aranmas\u0131na yard\u0131mc\u0131 olmaya haz\u0131rd\u0131r&#8221; <\/b><\/em>denildi.<\/p>\n<div> <span><strong>Kaynak:<\/strong> \u0130hlas Haber Ajans\u0131 (\u0130HA)<\/span> <\/div>\n","protected":false},"excerpt":{"rendered":"<p>ABD ve \u0130srail\u2019in sabah saatlerinde \u0130ran\u2019a ba\u015flatt\u0131\u011f\u0131 hava sald\u0131r\u0131s\u0131ndan sonra Orta Do\u011fu\u2019da gerilim t\u0131rmanmaya devam ederken, Rusya\u2019dan resmi a\u00e7\u0131klama geldi. Rusya D\u0131\u015fi\u015fleri Bakanl\u0131\u011f\u0131ndan yap\u0131lan a\u00e7\u0131klamada, ABD ve \u0130srail\u2019e tepki g\u00f6sterildi, \u00e7at\u0131\u015fma &#8230;<\/p>\n","protected":false},"author":1,"featured_media":73745,"comment_status":"open","ping_status":"open","sticky":false,"template":"","format":"standard","meta":{"footnotes":""},"categories":[6],"tags":[272,1196,271,792,975],"class_list":["post-73744","post","type-post","status-publish","format-standard","has-post-thumbnail","hentry","category-dunya","tag-abd","tag-cozum","tag-iran","tag-israil","tag-uluslararasi"],"_links":{"self":[{"href":"https:\/\/bihavadis.com\/index.php\/wp-json\/wp\/v2\/posts\/73744","targetHints":{"allow":["GET"]}}],"collection":[{"href":"https:\/\/bihavadis.com\/index.php\/wp-json\/wp\/v2\/posts"}],"about":[{"href":"https:\/\/bihavadis.com\/index.php\/wp-json\/wp\/v2\/types\/post"}],"author":[{"embeddable":true,"href":"https:\/\/bihavadis.com\/index.php\/wp-json\/wp\/v2\/users\/1"}],"replies":[{"embeddable":true,"href":"https:\/\/bihavadis.com\/index.php\/wp-json\/wp\/v2\/comments?post=73744"}],"version-history":[{"count":1,"href":"https:\/\/bihavadis.com\/index.php\/wp-json\/wp\/v2\/posts\/73744\/revisions"}],"predecessor-version":[{"id":73746,"href":"https:\/\/bihavadis.com\/index.php\/wp-json\/wp\/v2\/posts\/73744\/revisions\/73746"}],"wp:featuredmedia":[{"embeddable":true,"href":"https:\/\/bihavadis.com\/index.php\/wp-json\/wp\/v2\/media\/73745"}],"wp:attachment":[{"href":"https:\/\/bihavadis.com\/index.php\/wp-json\/wp\/v2\/media?parent=73744"}],"wp:term":[{"taxonomy":"category","embeddable":true,"href":"https:\/\/bihavadis.com\/index.php\/wp-json\/wp\/v2\/categories?post=73744"},{"taxonomy":"post_tag","embeddable":true,"href":"https:\/\/bihavadis.com\/index.php\/wp-json\/wp\/v2\/tags?post=73744"}],"curies":[{"name":"wp","href":"https:\/\/api.w.org\/{rel}","templated":true}]}}