{"id":73767,"date":"2026-03-29T01:39:10","date_gmt":"2026-03-29T01:39:10","guid":{"rendered":"https:\/\/bihavadis.com\/?p=73767"},"modified":"2026-03-29T01:39:10","modified_gmt":"2026-03-29T01:39:10","slug":"simge-sagin-cso-ada-ankarada-coskuyla-sahne-aldi","status":"publish","type":"post","link":"https:\/\/bihavadis.com\/index.php\/2026\/03\/29\/simge-sagin-cso-ada-ankarada-coskuyla-sahne-aldi\/","title":{"rendered":"Simge Sa\u011f\u0131n, CSO Ada Ankara&#8217;da Co\u015fkuyla Sahne Ald\u0131"},"content":{"rendered":"<p>\u015eark\u0131c\u0131 Simge Sa\u011f\u0131n, Ankara&#8217;n\u0131n k\u00fclt\u00fcr sanat etkinliklerinin \u00f6nemli adreslerinden olan CSO Ada Ankara&#8217;da sahneye \u00e7\u0131kt\u0131.<\/p>\n<p>Simge Sa\u011f\u0131n, CSO Ada Ankara Ziraat Bankas\u0131 Ana Salonu&#8217;nda &#8220;Anlatas\u0131m Var&#8221; konserleri kapsam\u0131nda m\u00fczikseverlerle bulu\u015ftu ve sevilen \u015fark\u0131lar\u0131n\u0131 seslendirdi.<\/p>\n<p>Konser, dinleyiciler taraf\u0131ndan ilgi ve be\u011feniyle takip edildi.<\/p>\n<p>Konser \u00f6ncesi gazetecilere de\u011ferlendirmede bulunan \u015fark\u0131c\u0131 Simge Sa\u011f\u0131n, &#8220;Ankara&#8217;da b\u00f6ylesine g\u00fczel bir salonda hi\u00e7 konser vermemi\u015ftim. O y\u00fczden fazlas\u0131yla heyecanl\u0131y\u0131m. Akustik bir sahnede pop \u015fark\u0131lar\u0131 s\u00f6yleyece\u011fim, altyap\u0131l\u0131 bir \u015fekilde s\u00f6yleyece\u011fim. Enteresan bir \u015fey olacak. \u00c7ok g\u00fczel bir akustik var i\u00e7eride.&#8221; dedi.<\/p>\n<p>Dijital ekranda AA&#8217;n\u0131n &#8220;Y\u0131l\u0131n Kareleri&#8221; oylamas\u0131na kat\u0131ld\u0131lar<\/p>\n<p>Konsere gelen vatanda\u015flar, CSO Ada Ankara&#8217;da kurulan dijital ekranda, Anadolu Ajans\u0131 (AA) taraf\u0131ndan d\u00fczenlenen &#8220;Y\u0131l\u0131n Kareleri&#8221; oylamas\u0131na da ilgi g\u00f6sterdi ve oylamaya kat\u0131ld\u0131.<\/p>\n<p>Oylamaya kat\u0131lanlardan \u00dclk\u00fc Ceren Cedeta\u015f, foto\u011fraflar\u0131 \u00e7ok be\u011fendi\u011fini belirterek, &#8220;Ger\u00e7ekten \u00e7ok i\u00e7ten \u00e7ekilmi\u015f foto\u011fraflar. \u00c7ok ho\u015fuma gitti. Herkesin gelip oylamas\u0131n\u0131 tavsiye ederim.&#8221; ifadesini kulland\u0131.<\/p>\n","protected":false},"excerpt":{"rendered":"<p>Simge Sa\u011f\u0131n, Ankara&#8217;da d\u00fczenlenen &#8216;Anlatas\u0131m Var&#8217; konserinde sevilen \u015fark\u0131lar\u0131n\u0131 seslendirdi.<\/p>\n","protected":false},"author":1,"featured_media":73768,"comment_status":"open","ping_status":"open","sticky":false,"template":"","format":"standard","meta":{"footnotes":""},"categories":[9,4,13],"tags":[377,593],"class_list":["post-73767","post","type-post","status-publish","format-standard","has-post-thumbnail","hentry","category-genel","category-gundem","category-son-dakika","tag-ankara","tag-konser"],"_links":{"self":[{"href":"https:\/\/bihavadis.com\/index.php\/wp-json\/wp\/v2\/posts\/73767","targetHints":{"allow":["GET"]}}],"collection":[{"href":"https:\/\/bihavadis.com\/index.php\/wp-json\/wp\/v2\/posts"}],"about":[{"href":"https:\/\/bihavadis.com\/index.php\/wp-json\/wp\/v2\/types\/post"}],"author":[{"embeddable":true,"href":"https:\/\/bihavadis.com\/index.php\/wp-json\/wp\/v2\/users\/1"}],"replies":[{"embeddable":true,"href":"https:\/\/bihavadis.com\/index.php\/wp-json\/wp\/v2\/comments?post=73767"}],"version-history":[{"count":1,"href":"https:\/\/bihavadis.com\/index.php\/wp-json\/wp\/v2\/posts\/73767\/revisions"}],"predecessor-version":[{"id":73769,"href":"https:\/\/bihavadis.com\/index.php\/wp-json\/wp\/v2\/posts\/73767\/revisions\/73769"}],"wp:featuredmedia":[{"embeddable":true,"href":"https:\/\/bihavadis.com\/index.php\/wp-json\/wp\/v2\/media\/73768"}],"wp:attachment":[{"href":"https:\/\/bihavadis.com\/index.php\/wp-json\/wp\/v2\/media?parent=73767"}],"wp:term":[{"taxonomy":"category","embeddable":true,"href":"https:\/\/bihavadis.com\/index.php\/wp-json\/wp\/v2\/categories?post=73767"},{"taxonomy":"post_tag","embeddable":true,"href":"https:\/\/bihavadis.com\/index.php\/wp-json\/wp\/v2\/tags?post=73767"}],"curies":[{"name":"wp","href":"https:\/\/api.w.org\/{rel}","templated":true}]}}