{"id":7378,"date":"2026-01-31T03:45:11","date_gmt":"2026-01-31T03:45:11","guid":{"rendered":"https:\/\/bihavadis.com\/?p=7378"},"modified":"2026-01-31T03:45:11","modified_gmt":"2026-01-31T03:45:11","slug":"putinde-iran-aciklamasi-yakindan-takip-ediyoruz","status":"publish","type":"post","link":"https:\/\/bihavadis.com\/index.php\/2026\/01\/31\/putinde-iran-aciklamasi-yakindan-takip-ediyoruz\/","title":{"rendered":"Putin&#8217;de \u0130ran a\u00e7\u0131klamas\u0131: Yak\u0131ndan takip ediyoruz"},"content":{"rendered":"<p>Birle\u015fik Arap Emirlikleri (BAE) Devlet Ba\u015fkan\u0131 \u015eeyh Muhammed bin Zayid Al Nahyan, resmi ziyaret d\u00fczenledi\u011fi Rusya\u2019n\u0131n ba\u015fkenti Moskova\u2019ya geldi.<\/p>\n<p>Al Nahyan, Moskova temaslar\u0131 kapsam\u0131nda Kremlin Saray\u0131\u2019nda Rusya Devlet Ba\u015fkan\u0131 Vladimir Putin taraf\u0131ndan kar\u015f\u0131land\u0131.<\/p>\n<p>\u0130ki \u00fclke mar\u015flar\u0131n\u0131n \u00e7al\u0131nd\u0131\u011f\u0131 t\u00f6rende, liderlere heyetler tan\u0131t\u0131ld\u0131.<\/p>\n<p><strong>\u0130K\u0130L\u0130 G\u00d6R\u00dc\u015eME GER\u00c7EKLE\u015eT\u0130RD\u0130LER <\/strong><\/p>\n<p>Al Nahyan ve Putin daha sonra Kremlin Saray\u0131\u2019n\u0131n Aziz George Salonu\u2019nda ikili g\u00f6r\u00fc\u015fmeye ge\u00e7ti.<\/p>\n<p>G\u00f6r\u00fc\u015fmede \u00e7ok y\u00f6nl\u00fc Rusya-BAE i\u015f birli\u011fi, Orta Do\u011fu\u2019daki g\u00fcncel durum ve uluslararas\u0131 konular yer ald\u0131.<\/p>\n<p><img decoding=\"async\" src=\"https:\/\/bihavadis.com\/wp-content\/uploads\/2026\/01\/putinde-iran-aciklamasi-yakindan-takip-ediyoruz-0-ibPPfZNf.jpg\"\/><\/p>\n<p><strong>&#8220;ORTAKLI\u011eIMIZIN \u0130LERLET\u0130LMES\u0130N\u0130 DE\u011eERL\u0130 G\u00d6R\u00dcYORUZ&#8221;<\/strong><\/p>\n<p>G\u00f6r\u00fc\u015fmenin bas\u0131na a\u00e7\u0131k k\u0131sm\u0131nda konu\u015fan Putin, iki \u00fclke aras\u0131ndaki diplomatik ili\u015fkilerin kurulmas\u0131n\u0131n 55. Y\u0131ld\u00f6n\u00fcm\u00fc oldu\u011funu hat\u0131rlatarak, <em><b>&#8220;\u00dclkelerimiz aras\u0131ndaki \u00e7ok y\u00f6nl\u00fc, kar\u015f\u0131l\u0131kl\u0131 fayda sa\u011flayan ve dinamik bir \u015fekilde geli\u015fen Rusya-BAE stratejik ortakl\u0131\u011f\u0131n\u0131n ilerletilmesine y\u00f6nelik sizlerin ki\u015fisel katk\u0131s\u0131n\u0131 y\u00fcksek bir \u015fekilde de\u011ferli g\u00f6r\u00fcyoruz&#8221; <\/b><\/em>dedi.<\/p>\n<p><strong>&#8220;ARAP D\u00dcNYASINDAK\u0130 \u00d6NEML\u0130 B\u0130R T\u0130CAR\u0130 ORTA\u011eIMIZ&#8221;<\/strong><\/p>\n<p>H\u00fck\u00fcmetler, parlamentolar, bakanl\u0131klar, kurumlar ve hatta i\u015f d\u00fcnyas\u0131 d\u00fczeyinde siyasi diyalog tesis edildi\u011fini aktaran Putin, <em><b>&#8220;BAE, Arap d\u00fcnyas\u0131ndaki bizim \u00f6nemli bir ticari orta\u011f\u0131m\u0131z. \u0130kili ticaret istikrarl\u0131 bir \u015fekilde b\u00fcy\u00fcyor ve geni\u015fliyor. H\u00fck\u00fcmetleraras\u0131 komisyon aktif olarak \u00e7al\u0131\u015f\u0131yor. \u0130lk kez Rusya-BAE \u0130\u015f Forumu d\u00fczenlendi. Yat\u0131r\u0131m i\u015f birli\u011fi y\u00fcksek d\u00fczeyde. Rus Do\u011frudan Yat\u0131r\u0131m Fonu ile Mubadala Fonu 60\u2019tan fazla projeyi hayata ge\u00e7irdi. Teknoloji ve sanayi alan\u0131ndaki i\u015f birli\u011fi ileri seviyede. Y\u00fcksek teknoloji \u015firketimiz Yandex, hizmetlerini BAE pazar\u0131nda tan\u0131t\u0131yor. Enerji sekt\u00f6r\u00fcnde de \u00f6nemli giri\u015fimler bulunuyor&#8221;<\/b><\/em> ifadelerini kulland\u0131.<\/p>\n<p><img decoding=\"async\" src=\"https:\/\/bihavadis.com\/wp-content\/uploads\/2026\/01\/putinde-iran-aciklamasi-yakindan-takip-ediyoruz-1-xKcnGae7.jpg\"\/><\/p>\n<p><strong>&#8220;HEYET\u0130M\u0130ZE G\u00d6STERD\u0130\u011e\u0130N\u0130Z \u0130LG\u0130 \u0130\u00c7\u0130N M\u0130NNETTARIZ&#8221;<\/strong><\/p>\n<p>BAE\u2019nin Ukrayna sava\u015f\u0131na ili\u015fkin \u00e7abalar\u0131, tutuklular\u0131n de\u011fi\u015fimi konusundaki katk\u0131s\u0131 ve BAE\u2019de \u00e7e\u015fitli temaslar\u0131n d\u00fczenlenmesine y\u00f6nelik yard\u0131mlar\u0131na de\u011finen Rus lider Putin, &#8220;Bu \u00e7abalar\u0131n\u0131za m\u00fcte\u015fekkiriz. Ge\u00e7en hafta Abu Dabi\u2019de G\u00fcvenlik \u00c7al\u0131\u015fma Grubu \u00e7er\u00e7evesinde d\u00fczenlenen \u00fc\u00e7l\u00fc g\u00f6r\u00fc\u015fmelerin kolayla\u015ft\u0131r\u0131lmas\u0131 ve heyetimize g\u00f6sterdi\u011finiz ilgi i\u00e7in \u015fahsen size minnettar\u0131z&#8221; dedi.<\/p>\n<p><strong>&#8220;\u0130RAN&#8217;DAK\u0130 GEL\u0130\u015eMELER\u0130 YAKINDAN TAK\u0130P ED\u0130YORUZ&#8221;<\/strong><\/p>\n<p>Putin a\u00e7\u0131klamas\u0131n\u0131 \u015fu \u015fekilde s\u00fcrd\u00fc:<\/p>\n<p><em><b>&#8220;Orta Do\u011fu\u2019daki durumla ilgili diyalogumuz da \u00f6nemli. Filistin-\u0130srail \u00e7at\u0131\u015fma b\u00f6lgesindeki durumu ve Gazze \u015eeridi\u2019ndeki insani durumun iyile\u015ftirilmesi i\u00e7in ortak \u00e7abalar\u0131 defalarca g\u00f6r\u00fc\u015ft\u00fck. As\u0131l konu, \u0130srail ile bar\u0131\u015f ve g\u00fcvenlik i\u00e7inde bir arada var olacak bir Filistin devletinin kurulmas\u0131d\u0131r. Bu, kal\u0131c\u0131 bir \u00e7\u00f6z\u00fcme ve b\u00f6lgede uzun vadeli istikrara imkan sa\u011flayacakt\u0131r. Elbette \u0130ran hatt\u0131ndaki g\u00fcncel geli\u015fmeleri de hep birlikte yak\u0131ndan takip ediyoruz&#8221;<\/b><\/em><\/p>\n<p><img decoding=\"async\" src=\"https:\/\/bihavadis.com\/wp-content\/uploads\/2026\/01\/putinde-iran-aciklamasi-yakindan-takip-ediyoruz-2-ygeSqRjR.jpg\"\/><\/p>\n<p><strong>&#8220;\u0130L\u0130\u015eK\u0130LER\u0130M\u0130Z VER\u0130ML\u0130 \u0130\u015e B\u0130RL\u0130\u011e\u0130 M\u0130RASINA DAYANIYOR&#8221;<\/strong><\/p>\n<p>Al Nahyan ise, <em><b>&#8220;BAE ile Rusya aras\u0131ndaki ili\u015fkiler, 50 y\u0131l\u0131 a\u015fk\u0131n s\u00fcredir devam eden verimli i\u015f birli\u011fi miras\u0131na dayan\u0131yor. \u00dclkelerimiz ekonomi, enerji, yat\u0131r\u0131m, ticaret, teknoloji ve di\u011fer alanlarda kalk\u0131nma i\u00e7in ortakl\u0131k ve s\u00fcrd\u00fcr\u00fclebilir i\u015f birli\u011fi ile birbirine ba\u011fl\u0131d\u0131r. Bu ili\u015fkileri g\u00fc\u00e7lendirmeye ve her iki \u00fclkenin \u00e7\u0131karlar\u0131 do\u011frultusunda kalk\u0131nma hedeflerine ve ortakl\u0131klara ula\u015fmaya kararl\u0131y\u0131z&#8221; <\/b><\/em>dedi.<\/p>\n<p><strong>&#8220;BU \u00c7OK \u00d6NEML\u0130 \u0130NSAN\u0130 B\u0130R KONU&#8221;<\/strong><\/p>\n<p>Al Nahyan, <em><b>&#8220;Rusya ile Ukrayna aras\u0131nda mahkum ve tutuklular\u0131n de\u011fi\u015fiminin kolayla\u015ft\u0131r\u0131lmas\u0131na y\u00f6nelik \u00e7abalar\u0131m\u0131zda deste\u011finiz i\u00e7in te\u015fekk\u00fcr ederim. Bu \u00e7ok \u00f6nemli bir insani konu. BAE\u2019nin bar\u0131\u015f\u0131n, uluslararas\u0131 bar\u0131\u015f ve istikrar\u0131n tesisine katk\u0131 sa\u011flayacak siyasi ve diplomatik \u00e7at\u0131\u015fmalar\u0131n \u00e7\u00f6z\u00fcm\u00fcne y\u00f6nelik her t\u00fcrl\u00fc \u00e7abay\u0131 tam olarak destekledi\u011fini bir kez daha vurgulamak isterim&#8221;<\/b><\/em> ifadelerini kulland\u0131.<\/p>\n<p><img decoding=\"async\" src=\"https:\/\/bihavadis.com\/wp-content\/uploads\/2026\/01\/putinde-iran-aciklamasi-yakindan-takip-ediyoruz-3-FtjAvjT4.jpg\"\/><\/p>\n<p><img decoding=\"async\" src=\"https:\/\/bihavadis.com\/wp-content\/uploads\/2026\/01\/putinde-iran-aciklamasi-yakindan-takip-ediyoruz-4-WWIDqD66.jpg\"\/><\/p>\n<p><img decoding=\"async\" src=\"https:\/\/bihavadis.com\/wp-content\/uploads\/2026\/01\/putinde-iran-aciklamasi-yakindan-takip-ediyoruz-5-xm1WK9Sk.jpg\"\/><\/p>\n<p><img decoding=\"async\" src=\"https:\/\/bihavadis.com\/wp-content\/uploads\/2026\/01\/putinde-iran-aciklamasi-yakindan-takip-ediyoruz-6-s1uzjbYI.jpg\"\/><\/p>\n<p><img decoding=\"async\" src=\"https:\/\/bihavadis.com\/wp-content\/uploads\/2026\/01\/putinde-iran-aciklamasi-yakindan-takip-ediyoruz-7-vMVdhM9O.jpg\"\/><\/p>\n<p><img decoding=\"async\" src=\"https:\/\/bihavadis.com\/wp-content\/uploads\/2026\/01\/putinde-iran-aciklamasi-yakindan-takip-ediyoruz-8-gx47lKOP.jpg\"\/><\/p>\n<p><img decoding=\"async\" src=\"https:\/\/bihavadis.com\/wp-content\/uploads\/2026\/01\/putinde-iran-aciklamasi-yakindan-takip-ediyoruz-9-9EWOUU9G.jpg\"\/><\/p>\n<p><img decoding=\"async\" src=\"https:\/\/bihavadis.com\/wp-content\/uploads\/2026\/01\/putinde-iran-aciklamasi-yakindan-takip-ediyoruz-10-mu1T5z8a.jpg\"\/><\/p>\n<p><img decoding=\"async\" src=\"https:\/\/bihavadis.com\/wp-content\/uploads\/2026\/01\/putinde-iran-aciklamasi-yakindan-takip-ediyoruz-11-NDFwrKVx.jpg\"\/><\/p>\n","protected":false},"excerpt":{"rendered":"<p>Rusya&#8217;ya resmi ziyaret ger\u00e7ekle\u015ftiren BAE Devlet Ba\u015fkan\u0131 \u015eeyh Muhammed bin Zayid Al Nahyan ile ortak bas\u0131n a\u00e7\u0131klamas\u0131nda konu\u015fan Vladimir Putin, \u0130ran&#8217;daki geli\u015fmeleri yak\u0131ndan takip ettiklerini s\u00f6yledi.<\/p>\n","protected":false},"author":1,"featured_media":7379,"comment_status":"open","ping_status":"open","sticky":false,"template":"","format":"standard","meta":{"footnotes":""},"categories":[6],"tags":[1755,1191,407,1756,154],"class_list":["post-7378","post","type-post","status-publish","format-standard","has-post-thumbnail","hentry","category-dunya","tag-bae","tag-onemli","tag-orta","tag-putin","tag-rusya"],"_links":{"self":[{"href":"https:\/\/bihavadis.com\/index.php\/wp-json\/wp\/v2\/posts\/7378","targetHints":{"allow":["GET"]}}],"collection":[{"href":"https:\/\/bihavadis.com\/index.php\/wp-json\/wp\/v2\/posts"}],"about":[{"href":"https:\/\/bihavadis.com\/index.php\/wp-json\/wp\/v2\/types\/post"}],"author":[{"embeddable":true,"href":"https:\/\/bihavadis.com\/index.php\/wp-json\/wp\/v2\/users\/1"}],"replies":[{"embeddable":true,"href":"https:\/\/bihavadis.com\/index.php\/wp-json\/wp\/v2\/comments?post=7378"}],"version-history":[{"count":1,"href":"https:\/\/bihavadis.com\/index.php\/wp-json\/wp\/v2\/posts\/7378\/revisions"}],"predecessor-version":[{"id":7392,"href":"https:\/\/bihavadis.com\/index.php\/wp-json\/wp\/v2\/posts\/7378\/revisions\/7392"}],"wp:featuredmedia":[{"embeddable":true,"href":"https:\/\/bihavadis.com\/index.php\/wp-json\/wp\/v2\/media\/7379"}],"wp:attachment":[{"href":"https:\/\/bihavadis.com\/index.php\/wp-json\/wp\/v2\/media?parent=7378"}],"wp:term":[{"taxonomy":"category","embeddable":true,"href":"https:\/\/bihavadis.com\/index.php\/wp-json\/wp\/v2\/categories?post=7378"},{"taxonomy":"post_tag","embeddable":true,"href":"https:\/\/bihavadis.com\/index.php\/wp-json\/wp\/v2\/tags?post=7378"}],"curies":[{"name":"wp","href":"https:\/\/api.w.org\/{rel}","templated":true}]}}