{"id":73821,"date":"2026-03-29T02:21:37","date_gmt":"2026-03-29T02:21:37","guid":{"rendered":"https:\/\/bihavadis.com\/?p=73821"},"modified":"2026-03-29T02:21:37","modified_gmt":"2026-03-29T02:21:37","slug":"fehim-adak-anma-programi-mardinde-gerceklesti","status":"publish","type":"post","link":"https:\/\/bihavadis.com\/index.php\/2026\/03\/29\/fehim-adak-anma-programi-mardinde-gerceklesti\/","title":{"rendered":"Fehim Adak Anma Program\u0131 Mardin&#8217;de Ger\u00e7ekle\u015fti"},"content":{"rendered":"<p>Yeniden Refah Partisi Genel Ba\u015fkan\u0131 Fatih Erbakan, Mardin&#8217;de Milli G\u00f6r\u00fc\u015f hareketinin \u00f6nc\u00fc isimlerinden eski bakan Fehim Adak i\u00e7in d\u00fczenlenen anma program\u0131na kat\u0131ld\u0131.<\/p>\n<p>Milli Gen\u00e7lik Derne\u011fince, vefat\u0131n\u0131n 10. y\u0131l\u0131 dolay\u0131s\u0131yla Adak i\u00e7in kentteki bir otelde ger\u00e7ekle\u015ftirilen anma program\u0131nda konu\u015fan Erbakan, Adak&#8217;\u0131 rahmetle and\u0131klar\u0131n\u0131 s\u00f6yledi.<\/p>\n<p>Adak i\u00e7in d\u00fczenledikleri anma programlar\u0131n\u0131 bundan sonra daha kapsaml\u0131 ger\u00e7ekle\u015ftirmeyi d\u00fc\u015f\u00fcnd\u00fcklerini ifade eden Erbakan, \u015funlar\u0131 kaydetti: <\/p>\n<p>&#8220;\u00c7\u00fcnk\u00fc Fehim Adak gibi bir b\u00fcy\u00fc\u011f\u00fcm\u00fcz\u00fcn ruhunun manas\u0131n\u0131n, temsil etti\u011fi de\u011ferlerinin ya\u015fat\u0131lmas\u0131, yeni nesillere aktar\u0131lmas\u0131, Milli G\u00f6r\u00fc\u015f davas\u0131n\u0131n gelece\u011fi, gen\u00e7lerimizin, nesillerimizin yeti\u015fmesi i\u00e7in \u00e7ok b\u00fcy\u00fck mana ifade etmektedir. Fehim Adak b\u00fcy\u00fc\u011f\u00fcm\u00fcz\u00fcn siyasi hayat\u0131na, yapm\u0131\u015f oldu\u011fu g\u00f6revlere ve arkas\u0131ndan da b\u0131rakt\u0131\u011f\u0131 manevi mirasa bakt\u0131\u011f\u0131n\u0131z zaman, siyaseti bir ticaret olarak de\u011fil, ibadet olarak yapt\u0131\u011f\u0131n\u0131 a\u00e7\u0131k bir \u015fekilde g\u00f6rmeniz m\u00fcmk\u00fcnd\u00fcr. Ne mutlu ona, ne mutlu onun gibi b\u00f6yle g\u00fczel sada b\u0131rak\u0131p ahirete irtihal edenlere. Allah gani gani rahmet eylesin. 1948 y\u0131l\u0131ndan itibaren merhum liderimiz Prof. Dr. Necmettin Erbakan hocam\u0131zla yol y\u00fcr\u00fcyen bir dava adam\u0131, bir m\u00fccahit, \u00f6rnek bir \u015fahsiyet.&#8221;<\/p>\n<p>Fehim Adak&#8217;\u0131n o\u011flu AK Parti Mardin Milletvekili Muhammed Adak da babas\u0131n\u0131n ahlak ve maneviyat d\u00fcsturunu korumaya \u00e7al\u0131\u015farak, memlekete en iyi \u015fekilde fayda g\u00f6stermeye \u00e7al\u0131\u015ft\u0131\u011f\u0131n\u0131 s\u00f6yledi.<\/p>\n<p>Adak, &#8220;Programa \u00e7e\u015fitli g\u00f6r\u00fc\u015flerden, farkl\u0131 partilerden kat\u0131l\u0131mc\u0131lar da &#8216;Fehim Adak&#8217; denilince ko\u015farak geldiler. Mardin&#8217;in ne kadar vefakar, ne kadar samimi bir kent oldu\u011funa \u015fahitlik ediyoruz. Ba\u015fta Necmettin Erbakan hocam\u0131za, babama ve di\u011fer dava arkada\u015flar\u0131na Allah&#8217;tan rahmet diliyorum.&#8221; dedi.<\/p>\n<p>Programda, Yeniden Refah Partisi Genel Ba\u015fkan Yard\u0131mc\u0131s\u0131 ve \u0130stanbul Milletvekili Do\u011fan Bekin, Fehim Adak&#8217;\u0131n o\u011flu Yeniden Refah Partisi MKYK \u00fcyesi Abdulhamit Adak ile Milli Gen\u00e7lik Derne\u011fi Genel Ba\u015fkan\u0131 Ahmet \u00d6zvatan da konu\u015fma yapt\u0131.<\/p>\n<p>Programa, Yeniden Refah Partisi Genel Ba\u015fkan Yard\u0131mc\u0131s\u0131 \u015e\u00fckr\u00fc Y\u0131lmaz, AK Parti \u0130l Ba\u015fkan\u0131 Mehmet Uncu, MHP \u0130l Ba\u015fkan\u0131 Ferhan Bozku\u015f, Yeniden Refah Partisi Mardin \u0130l Ba\u015fkan\u0131 Mahmut \u00d6zer ile partinin b\u00f6lge illerinden gelen il ba\u015fkanlar\u0131 ve partililer kat\u0131ld\u0131.<\/p>\n","protected":false},"excerpt":{"rendered":"<p>Yeniden Refah Partisi lideri Fatih Erbakan, Mardin&#8217;de Fehim Adak i\u00e7in anma program\u0131na kat\u0131ld\u0131.<\/p>\n","protected":false},"author":1,"featured_media":73822,"comment_status":"open","ping_status":"open","sticky":false,"template":"","format":"standard","meta":{"footnotes":""},"categories":[12],"tags":[8029,986,2116,8030,563],"class_list":["post-73821","post","type-post","status-publish","format-standard","has-post-thumbnail","hentry","category-siyaset","tag-adak","tag-baskani","tag-erbakan","tag-fehim-adak","tag-parti"],"_links":{"self":[{"href":"https:\/\/bihavadis.com\/index.php\/wp-json\/wp\/v2\/posts\/73821","targetHints":{"allow":["GET"]}}],"collection":[{"href":"https:\/\/bihavadis.com\/index.php\/wp-json\/wp\/v2\/posts"}],"about":[{"href":"https:\/\/bihavadis.com\/index.php\/wp-json\/wp\/v2\/types\/post"}],"author":[{"embeddable":true,"href":"https:\/\/bihavadis.com\/index.php\/wp-json\/wp\/v2\/users\/1"}],"replies":[{"embeddable":true,"href":"https:\/\/bihavadis.com\/index.php\/wp-json\/wp\/v2\/comments?post=73821"}],"version-history":[{"count":1,"href":"https:\/\/bihavadis.com\/index.php\/wp-json\/wp\/v2\/posts\/73821\/revisions"}],"predecessor-version":[{"id":73823,"href":"https:\/\/bihavadis.com\/index.php\/wp-json\/wp\/v2\/posts\/73821\/revisions\/73823"}],"wp:featuredmedia":[{"embeddable":true,"href":"https:\/\/bihavadis.com\/index.php\/wp-json\/wp\/v2\/media\/73822"}],"wp:attachment":[{"href":"https:\/\/bihavadis.com\/index.php\/wp-json\/wp\/v2\/media?parent=73821"}],"wp:term":[{"taxonomy":"category","embeddable":true,"href":"https:\/\/bihavadis.com\/index.php\/wp-json\/wp\/v2\/categories?post=73821"},{"taxonomy":"post_tag","embeddable":true,"href":"https:\/\/bihavadis.com\/index.php\/wp-json\/wp\/v2\/tags?post=73821"}],"curies":[{"name":"wp","href":"https:\/\/api.w.org\/{rel}","templated":true}]}}