{"id":73846,"date":"2026-03-29T02:42:06","date_gmt":"2026-03-29T02:42:06","guid":{"rendered":"https:\/\/bihavadis.com\/?p=73846"},"modified":"2026-03-29T02:42:06","modified_gmt":"2026-03-29T02:42:06","slug":"fransa-cumhurbaskani-emmanuel-macron-bmgkye-acil-toplanti-cagrisi-yapti","status":"publish","type":"post","link":"https:\/\/bihavadis.com\/index.php\/2026\/03\/29\/fransa-cumhurbaskani-emmanuel-macron-bmgkye-acil-toplanti-cagrisi-yapti\/","title":{"rendered":"Fransa Cumhurba\u015fkan\u0131 Emmanuel Macron BMGK&#8217;ye &#8216;acil toplant\u0131&#8217; \u00e7a\u011fr\u0131s\u0131 yapt\u0131"},"content":{"rendered":"<p>D\u00fcnyan\u0131n g\u00f6z\u00fc, ABD-\u0130srail ve \u0130ran hatt\u0131nda..<\/p>\n<p>D\u00fcnya liderlerinden pe\u015f pe\u015fe a\u00e7\u0131klamalar gelmeye devam ediyor.<\/p>\n<p>Fransa Cumhurba\u015fkan\u0131 Emmanuel Macron, sosyal medya hesab\u0131ndan yapt\u0131\u011f\u0131 payla\u015f\u0131mla ABD, \u0130srail ve \u0130ran aras\u0131nda ba\u015flayan \u00e7at\u0131\u015fmalara ili\u015fkin a\u00e7\u0131klamalarda bulundu.<\/p>\n<p><strong>GEREKL\u0130 KAYNAKLARIN KULLANILMAK \u0130\u00c7\u0130N HAZIR OLDU\u011eU B\u0130LD\u0130R\u0130LD\u0130<\/strong><\/p>\n<p>Ya\u015fanan gerilimin uluslararas\u0131 bar\u0131\u015f ve g\u00fcvenlik i\u00e7in a\u011f\u0131r sonu\u00e7lar ta\u015f\u0131d\u0131\u011f\u0131na dikkat \u00e7eken Emmanuel<span>\u00a0<\/span>Macron, ulusal topraklar\u0131n, vatanda\u015flar\u0131n ve Orta Do\u011fu&#8217;daki Frans\u0131z \u00e7\u0131karlar\u0131n\u0131n g\u00fcvenli\u011fini sa\u011flamak i\u00e7in her t\u00fcrl\u00fc \u00f6nlemin al\u0131nd\u0131\u011f\u0131n\u0131 duyurdu.<\/p>\n<p>Macron, Fransa&#8217;n\u0131n talep etmeleri halinde en yak\u0131n ortaklar\u0131n\u0131 korumak i\u00e7in gerekli kaynaklar\u0131 seferber etmeye de haz\u0131r oldu\u011funu belirtti.<\/p>\n<p><strong>&#8220;\u0130RAN REJ\u0130M\u0130N\u0130N M\u00dcZAKERELERE G\u0130RMEKTEN BA\u015eKA SE\u00c7ENE\u011e\u0130 YOK&#8221;<\/strong><\/p>\n<p>Devam eden gerginli\u011fin herkes i\u00e7in tehlikeli oldu\u011funu ve derhal durmas\u0131 gerekti\u011fini vurgulayan Macron, \u015fu ifadeleri kulland\u0131:<\/p>\n<p>\u0130ran rejimi, n\u00fckleer ve balistik programlar\u0131n\u0131n yan\u0131 s\u0131ra b\u00f6lgesel istikrars\u0131zla\u015ft\u0131rma faaliyetlerini sona erdirmek \u00fczere iyi niyetli m\u00fczakerelere girmekten ba\u015fka se\u00e7ene\u011fi olmad\u0131\u011f\u0131n\u0131 art\u0131k anlamal\u0131d\u0131r. Bu, Orta Do\u011fu&#8217;daki herkesin g\u00fcvenli\u011fi i\u00e7in kesinlikle gereklidir.<\/p>\n<p><strong>&#8220;NE KADAR ERKEN OLURSA O KADAR \u0130Y\u0130&#8221;<\/strong><\/p>\n<p>\u0130ranl\u0131lar\u0131n kendi geleceklerini \u00f6zg\u00fcrce in\u015fa edebilmeleri gerekti\u011fini dile getiren Macron, a\u00e7\u0131klamalar\u0131na \u015f\u00f6yle devam etti:<\/p>\n<p>\u0130slami rejimin i\u015fledi\u011fi katliamlar onu diskalifiye etmektedir ve s\u00f6z\u00fcn halka geri verilmesini gerektirmektedir. Ne kadar erken olursa o kadar iyi.<\/p>\n<p>Fransa&#8217;n\u0131n uluslararas\u0131 sorumluluklar\u0131n\u0131n ve ilkelerinin bilincinde olarak Birle\u015fmi\u015f Milletler G\u00fcvenlik Konseyi\u2019ni acil toplant\u0131ya \u00e7a\u011f\u0131rd\u0131\u011f\u0131n\u0131 duyuran Macron, Avrupal\u0131 ortaklar ve Orta Do\u011fu&#8217;daki dost \u00fclkelerle de yak\u0131n temas halinde oldu\u011funu s\u00f6zlerine ekledi.<\/p>\n<p><img decoding=\"async\" src=\"https:\/\/bihavadis.com\/wp-content\/uploads\/2026\/03\/fransa-cumhurbaskani-emmanuel-macron-bmgkye-acil-toplanti-cagrisi-yapti-0-qnI7X2iy.jpg\"\/> <\/p>\n<div> <span><strong>Kaynak:<\/strong> Demir\u00f6ren Haber Ajans\u0131 (DHA)<\/span> <\/div>\n","protected":false},"excerpt":{"rendered":"<p>D\u00fcnyan\u0131n g\u00f6z\u00fc, ABD-\u0130srail ve \u0130ran hatt\u0131nda.. D\u00fcnya liderlerinden pe\u015f pe\u015fe a\u00e7\u0131klamalar gelmeye devam ediyor. Fransa Cumhurba\u015fkan\u0131 Emmanuel Macron, sosyal medya hesab\u0131ndan yapt\u0131\u011f\u0131 payla\u015f\u0131mla ABD, \u0130srail ve \u0130ran aras\u0131nda ba\u015flayan \u00e7at\u0131\u015fmalara ili\u015fkin &#8230;<\/p>\n","protected":false},"author":1,"featured_media":73847,"comment_status":"open","ping_status":"open","sticky":false,"template":"","format":"standard","meta":{"footnotes":""},"categories":[6],"tags":[1510,407],"class_list":["post-73846","post","type-post","status-publish","format-standard","has-post-thumbnail","hentry","category-dunya","tag-macron","tag-orta"],"_links":{"self":[{"href":"https:\/\/bihavadis.com\/index.php\/wp-json\/wp\/v2\/posts\/73846","targetHints":{"allow":["GET"]}}],"collection":[{"href":"https:\/\/bihavadis.com\/index.php\/wp-json\/wp\/v2\/posts"}],"about":[{"href":"https:\/\/bihavadis.com\/index.php\/wp-json\/wp\/v2\/types\/post"}],"author":[{"embeddable":true,"href":"https:\/\/bihavadis.com\/index.php\/wp-json\/wp\/v2\/users\/1"}],"replies":[{"embeddable":true,"href":"https:\/\/bihavadis.com\/index.php\/wp-json\/wp\/v2\/comments?post=73846"}],"version-history":[{"count":1,"href":"https:\/\/bihavadis.com\/index.php\/wp-json\/wp\/v2\/posts\/73846\/revisions"}],"predecessor-version":[{"id":73849,"href":"https:\/\/bihavadis.com\/index.php\/wp-json\/wp\/v2\/posts\/73846\/revisions\/73849"}],"wp:featuredmedia":[{"embeddable":true,"href":"https:\/\/bihavadis.com\/index.php\/wp-json\/wp\/v2\/media\/73847"}],"wp:attachment":[{"href":"https:\/\/bihavadis.com\/index.php\/wp-json\/wp\/v2\/media?parent=73846"}],"wp:term":[{"taxonomy":"category","embeddable":true,"href":"https:\/\/bihavadis.com\/index.php\/wp-json\/wp\/v2\/categories?post=73846"},{"taxonomy":"post_tag","embeddable":true,"href":"https:\/\/bihavadis.com\/index.php\/wp-json\/wp\/v2\/tags?post=73846"}],"curies":[{"name":"wp","href":"https:\/\/api.w.org\/{rel}","templated":true}]}}