{"id":73856,"date":"2026-03-29T02:51:09","date_gmt":"2026-03-29T02:51:09","guid":{"rendered":"https:\/\/bihavadis.com\/?p=73856"},"modified":"2026-03-29T02:51:09","modified_gmt":"2026-03-29T02:51:09","slug":"denizlide-aren-bebegi-darbeden-saniga-verilen-ceza-belli-oldu","status":"publish","type":"post","link":"https:\/\/bihavadis.com\/index.php\/2026\/03\/29\/denizlide-aren-bebegi-darbeden-saniga-verilen-ceza-belli-oldu\/","title":{"rendered":"Denizli&#8217;de Aren bebe\u011fi darbeden san\u0131\u011fa verilen ceza belli oldu"},"content":{"rendered":"<p>1 May\u0131s 2025 tarihinde Denizli&#8217;nin Sarayk\u00f6y il\u00e7esine ba\u011fl\u0131 A\u015fa\u011f\u0131 Mahalle\u2019de korkun\u00e7 bir olay meydana geldi.<\/p>\n<p>Edinilen bilgilere g\u00f6re, e\u015finden bir s\u00fcre \u00f6nce bo\u015fanan Sat\u0131 Buse D. (22), iddiaya g\u00f6re uyu\u015fturucu madde kulland\u0131\u011f\u0131 \u00f6ne s\u00fcr\u00fclen sevgilisi S\u00fcleyman Dan\u0131\u015f (24) ile birlikte ya\u015famaya ba\u015flad\u0131.<\/p>\n<p>Sabah saatlerinde kom\u015fular\u0131ndan yard\u0131m isteyen anne, 2 ya\u015f\u0131ndaki o\u011flu Aren bebe\u011fin darbedildi\u011fini s\u00f6yledi.<\/p>\n<p><strong>HASTANEDE \u0130ZLER TESP\u0130T ED\u0130LD\u0130 <\/strong><\/p>\n<p>Bunun \u00fczerine anne ve \u00e7ocuk, Sarayk\u00f6y Devlet Hastanesi\u2019ne g\u00f6t\u00fcr\u00fcld\u00fc.<\/p>\n<p>Hastanede yap\u0131lan muayenede k\u00fc\u00e7\u00fck \u00e7ocu\u011fun y\u00fcz\u00fcnde ve v\u00fccudunun \u00e7e\u015fitli yerlerinde darp izleri tespit edilmesi \u00fczerine durum polis ekiplerine bildirildi.<\/p>\n<p><img decoding=\"async\" src=\"https:\/\/bihavadis.com\/wp-content\/uploads\/2026\/03\/denizlide-aren-bebegi-darbeden-saniga-verilen-ceza-belli-oldu-0-ulZWv26N.jpg\"\/><\/p>\n<p><strong>\u015e\u00dcPHEL\u0130 G\u00d6ZALTINA ALINDI <\/strong><\/p>\n<p>Sarayk\u00f6y \u0130l\u00e7e Emniyet M\u00fcd\u00fcrl\u00fc\u011f\u00fc ekipleri, olay\u0131n ya\u015fand\u0131\u011f\u0131 adrese giderek S\u00fcleyman Dan\u0131\u015f\u2019\u0131 evde uyurken g\u00f6zalt\u0131na ald\u0131.<\/p>\n<p>\u0130lk m\u00fcdahalesi Sarayk\u00f6y Devlet Hastanesi\u2019nde yap\u0131lan A.K., daha sonra Pamukkale \u00dcniversitesi Hastanesi\u2019ne sevk edildi.<\/p>\n<p><strong>BEBEK DEVLET KORUMASINA ALINDI <\/strong><\/p>\n<p>Burada yap\u0131lan tetkiklerde \u00e7ocu\u011fun sa\u011f kolunda k\u0131r\u0131k oldu\u011fu, v\u00fccudunun bir\u00e7ok yerinde darp izleri bulundu\u011fu ve g\u00f6z \u00e7evresindeki \u015fiddetli travma nedeniyle sa\u011f g\u00f6z\u00fcn\u00fc kaybetme riski ta\u015f\u0131d\u0131\u011f\u0131 belirlendi.<\/p>\n<p>Yo\u011fun bak\u0131mda tedavi alt\u0131na al\u0131nan A.K., tedavisinin ard\u0131ndan devlet korumas\u0131na al\u0131nd\u0131.<\/p>\n<p>Anne Sat\u0131 Buse D. de g\u00f6zalt\u0131na al\u0131n\u0131rken, ifadesinin ard\u0131ndan serbest b\u0131rak\u0131ld\u0131.<\/p>\n<p><img decoding=\"async\" src=\"https:\/\/bihavadis.com\/wp-content\/uploads\/2026\/03\/denizlide-aren-bebegi-darbeden-saniga-verilen-ceza-belli-oldu-1-jmzsFAZk.jpg\"\/><\/p>\n<p><strong>SAVCI \u0130ND\u0130R\u0130M UYGULANMADAN CEZALANDIRILMASINI \u0130STED\u0130 <\/strong><\/p>\n<p>Sarayk\u00f6y 2\u2019nci Asliye Ceza Mahkemesi\u2019nde g\u00f6r\u00fclen davan\u0131n karar duru\u015fmas\u0131na tutuklu san\u0131k S\u00fcleyman Dan\u0131\u015f, Sat\u0131 Buse D.\u2019nin avukat\u0131 ve taraf avukatlar\u0131 kat\u0131ld\u0131.<\/p>\n<p>Sat\u0131 Buse D., karar duru\u015fmas\u0131na da kat\u0131lmad\u0131.<\/p>\n<p>Cumhuriyet savc\u0131s\u0131, esas hakk\u0131ndaki m\u00fctalaas\u0131nda san\u0131klar\u0131n \u2018kasten yaralama\u2019 su\u00e7undan haks\u0131z tahrik indirimi uygulanmadan cezaland\u0131r\u0131lmas\u0131n\u0131 talep etti.<\/p>\n<p><strong>CEZALAR BELL\u0130 OLDU <\/strong><\/p>\n<p>Mahkeme heyeti, S\u00fcleyman Dan\u0131\u015f\u2019\u0131 kasten yaralama su\u00e7unu birden fazla kez i\u015flemesi, eylemin silahla (sopa) ger\u00e7ekle\u015ftirilmesi, ma\u011fdurun kendisini savunamayacak durumda olmas\u0131 ve kemik k\u0131r\u0131\u011f\u0131na neden olunmas\u0131 gerek\u00e7eleriyle 8 y\u0131l 5 ay hapis cezas\u0131na \u00e7arpt\u0131rd\u0131.<\/p>\n<p>Anne Sat\u0131 Buse D. ise alt soya kar\u015f\u0131 kasten yaralama su\u00e7undan 3 y\u0131l 4 ay hapis cezas\u0131 ald\u0131.<\/p>\n<p><strong>DAVA \u0130ST\u0130NAFA TA\u015eINACAK <\/strong><\/p>\n<p>Karar duru\u015fmas\u0131nda san\u0131k S\u00fcleyman Dan\u0131\u015f\u2019a ve anne Sat\u0131 Buse D.\u2019ye yeterli cezan\u0131 verilmedi\u011fi kanaatinde oldu\u011funu ifade eden Aren bebe\u011fin avukat\u0131 Ecem \u00c7a\u011fatay, <em><b>&#8220;Kasten yaralama su\u00e7undan de\u011fil, kasten \u00f6ld\u00fcrmeye te\u015febb\u00fcs su\u00e7unun oldu\u011funu d\u00fc\u015f\u00fcn\u00fcyoruz. Anne Sat\u0131 Buse D., t\u00fcm bu olaylardan habersiz de\u011fildi. Su\u00e7a g\u00f6z yumdu\u011funu, annenin de ihmali oldu\u011fu kanaatindeyiz. Davay\u0131 istinaf edece\u011fiz&#8221; <\/b><\/em>dedi.<\/p>\n<p><img decoding=\"async\" src=\"https:\/\/bihavadis.com\/wp-content\/uploads\/2026\/03\/denizlide-aren-bebegi-darbeden-saniga-verilen-ceza-belli-oldu-2-VjNNBN8t.jpg\"\/> <\/p>\n<div> <span><strong>Kaynak:<\/strong> \u0130hlas Haber Ajans\u0131 (\u0130HA)<\/span> <\/div>\n","protected":false},"excerpt":{"rendered":"<p>1 May\u0131s 2025 tarihinde Denizli&#8217;nin Sarayk\u00f6y il\u00e7esine ba\u011fl\u0131 A\u015fa\u011f\u0131 Mahalle\u2019de korkun\u00e7 bir olay meydana geldi. Edinilen bilgilere g\u00f6re, e\u015finden bir s\u00fcre \u00f6nce bo\u015fanan Sat\u0131 Buse D. (22), iddiaya g\u00f6re uyu\u015fturucu madde kulland\u0131\u011f\u0131 \u00f6ne s\u00fcr\u00fclen sevgilisi &#8230;<\/p>\n","protected":false},"author":1,"featured_media":73857,"comment_status":"open","ping_status":"open","sticky":false,"template":"","format":"standard","meta":{"footnotes":""},"categories":[4,13],"tags":[299,258,654,423,8031],"class_list":["post-73856","post","type-post","status-publish","format-standard","has-post-thumbnail","hentry","category-gundem","category-son-dakika","tag-anne","tag-ceza","tag-goz","tag-kasten","tag-saraykoy"],"_links":{"self":[{"href":"https:\/\/bihavadis.com\/index.php\/wp-json\/wp\/v2\/posts\/73856","targetHints":{"allow":["GET"]}}],"collection":[{"href":"https:\/\/bihavadis.com\/index.php\/wp-json\/wp\/v2\/posts"}],"about":[{"href":"https:\/\/bihavadis.com\/index.php\/wp-json\/wp\/v2\/types\/post"}],"author":[{"embeddable":true,"href":"https:\/\/bihavadis.com\/index.php\/wp-json\/wp\/v2\/users\/1"}],"replies":[{"embeddable":true,"href":"https:\/\/bihavadis.com\/index.php\/wp-json\/wp\/v2\/comments?post=73856"}],"version-history":[{"count":1,"href":"https:\/\/bihavadis.com\/index.php\/wp-json\/wp\/v2\/posts\/73856\/revisions"}],"predecessor-version":[{"id":73861,"href":"https:\/\/bihavadis.com\/index.php\/wp-json\/wp\/v2\/posts\/73856\/revisions\/73861"}],"wp:featuredmedia":[{"embeddable":true,"href":"https:\/\/bihavadis.com\/index.php\/wp-json\/wp\/v2\/media\/73857"}],"wp:attachment":[{"href":"https:\/\/bihavadis.com\/index.php\/wp-json\/wp\/v2\/media?parent=73856"}],"wp:term":[{"taxonomy":"category","embeddable":true,"href":"https:\/\/bihavadis.com\/index.php\/wp-json\/wp\/v2\/categories?post=73856"},{"taxonomy":"post_tag","embeddable":true,"href":"https:\/\/bihavadis.com\/index.php\/wp-json\/wp\/v2\/tags?post=73856"}],"curies":[{"name":"wp","href":"https:\/\/api.w.org\/{rel}","templated":true}]}}