{"id":73875,"date":"2026-03-29T03:03:10","date_gmt":"2026-03-29T03:03:10","guid":{"rendered":"https:\/\/bihavadis.com\/?p=73875"},"modified":"2026-03-29T03:03:10","modified_gmt":"2026-03-29T03:03:10","slug":"samsunda-kamyonet-ve-motosiklet-carpisti-bir-yarali","status":"publish","type":"post","link":"https:\/\/bihavadis.com\/index.php\/2026\/03\/29\/samsunda-kamyonet-ve-motosiklet-carpisti-bir-yarali\/","title":{"rendered":"Samsun&#8217;da Kamyonet ve Motosiklet \u00c7arp\u0131\u015ft\u0131: Bir Yaral\u0131"},"content":{"rendered":"<p> Samsun&#8217;un \u0130lkad\u0131m il\u00e7esinde kamyonet ile motosikletin \u00e7arp\u0131\u015fmas\u0131 sonucu meydana gelen trafik kazas\u0131 g\u00fcvenlik kameralar\u0131na yans\u0131d\u0131.<\/p>\n<p>Kenan Pars y\u00f6netimindeki 05 DF 307 plakal\u0131 kamyonet, Kaz\u0131m Karabekir Mahallesi \u015eehit Tuncay Karata\u015f Bulvar\u0131 ile Me\u015fale Sokak kav\u015fa\u011f\u0131nda, ayn\u0131 y\u00f6nde sol \u015feritte seyreden Barbaros Taha Lermi (26) idaresindeki 55 AOL 795 plakal\u0131 motosikletle \u00e7arp\u0131\u015ft\u0131.<\/p>\n<p>\u00c7arpman\u0131n etkisiyle motosiklet s\u00fcr\u00fcc\u00fcs\u00fc Barbaros Taha Lermi yaraland\u0131. Kurye oldu\u011fu \u00f6\u011frenilen s\u00fcr\u00fcc\u00fcn\u00fcn hayati tehlikesinin bulunmad\u0131\u011f\u0131 bildirildi.<\/p>\n<p>Yaral\u0131ya ilk m\u00fcdahale \u00e7evredeki vatanda\u015flar taraf\u0131ndan yap\u0131l\u0131rken, ihbar \u00fczerine olay yerine polis ve sa\u011fl\u0131k ekipleri sevk edildi.<\/p>\n<p> Kaza an\u0131 \u00e7evredeki g\u00fcvenlik kameralar\u0131nca saniye saniye kaydedildi.<\/p>\n","protected":false},"excerpt":{"rendered":"<p>Samsun&#8217;un \u0130lkad\u0131m il\u00e7esinde bir kamyonet ile motosikletin \u00e7arp\u0131\u015fmas\u0131 sonucu motosiklet s\u00fcr\u00fcc\u00fcs\u00fc yaraland\u0131. Yanan kamyonet, Kaz\u0131m Karabekir Mahallesi&#8217;nde meydana geldi. Kurye oldu\u011fu \u00f6\u011frenilen motosiklet s\u00fcr\u00fcc\u00fcs\u00fcn\u00fcn hayati tehlikesi olmad\u0131\u011f\u0131 bildirildi. Kaza an\u0131 \u00e7evredeki g\u00fcvenlik kameralar\u0131 taraf\u0131ndan kaydedildi.<\/p>\n","protected":false},"author":1,"featured_media":73876,"comment_status":"open","ping_status":"open","sticky":false,"template":"","format":"standard","meta":{"footnotes":""},"categories":[9,4,13],"tags":[],"class_list":["post-73875","post","type-post","status-publish","format-standard","has-post-thumbnail","hentry","category-genel","category-gundem","category-son-dakika"],"_links":{"self":[{"href":"https:\/\/bihavadis.com\/index.php\/wp-json\/wp\/v2\/posts\/73875","targetHints":{"allow":["GET"]}}],"collection":[{"href":"https:\/\/bihavadis.com\/index.php\/wp-json\/wp\/v2\/posts"}],"about":[{"href":"https:\/\/bihavadis.com\/index.php\/wp-json\/wp\/v2\/types\/post"}],"author":[{"embeddable":true,"href":"https:\/\/bihavadis.com\/index.php\/wp-json\/wp\/v2\/users\/1"}],"replies":[{"embeddable":true,"href":"https:\/\/bihavadis.com\/index.php\/wp-json\/wp\/v2\/comments?post=73875"}],"version-history":[{"count":1,"href":"https:\/\/bihavadis.com\/index.php\/wp-json\/wp\/v2\/posts\/73875\/revisions"}],"predecessor-version":[{"id":73877,"href":"https:\/\/bihavadis.com\/index.php\/wp-json\/wp\/v2\/posts\/73875\/revisions\/73877"}],"wp:featuredmedia":[{"embeddable":true,"href":"https:\/\/bihavadis.com\/index.php\/wp-json\/wp\/v2\/media\/73876"}],"wp:attachment":[{"href":"https:\/\/bihavadis.com\/index.php\/wp-json\/wp\/v2\/media?parent=73875"}],"wp:term":[{"taxonomy":"category","embeddable":true,"href":"https:\/\/bihavadis.com\/index.php\/wp-json\/wp\/v2\/categories?post=73875"},{"taxonomy":"post_tag","embeddable":true,"href":"https:\/\/bihavadis.com\/index.php\/wp-json\/wp\/v2\/tags?post=73875"}],"curies":[{"name":"wp","href":"https:\/\/api.w.org\/{rel}","templated":true}]}}