{"id":73927,"date":"2026-03-29T03:48:07","date_gmt":"2026-03-29T03:48:07","guid":{"rendered":"https:\/\/bihavadis.com\/?p=73927"},"modified":"2026-03-29T03:48:07","modified_gmt":"2026-03-29T03:48:07","slug":"israil-ve-irana-seyahati-yasaklayan-ulkeler","status":"publish","type":"post","link":"https:\/\/bihavadis.com\/index.php\/2026\/03\/29\/israil-ve-irana-seyahati-yasaklayan-ulkeler\/","title":{"rendered":"\u0130srail ve \u0130ran&#8217;a seyahati yasaklayan \u00fclkeler"},"content":{"rendered":"<p>ABD-\u0130ran gerilimi nedeniyle baz\u0131 \u00fclkeler \u0130srail ve \u0130ran\u2019daki vatanda\u015flar\u0131n\u0131 uyard\u0131.<\/p>\n<p>Baz\u0131lar\u0131 bu iki \u00fclkeye girilmemesini tavsiye etti, baz\u0131lar\u0131 da bu \u00fclkede bulunanlar\u0131 yurda d\u00f6nmesini istedi.<\/p>\n<p>Baz\u0131 \u00fclkeler, ABD\u2019nin \u0130ran\u2019a y\u00f6nelik muhtemel askeri m\u00fcdahalesi nedeniyle \u0130srail ve \u0130ran\u2019daki vatanda\u015flar\u0131ndan b\u00f6lgeden ayr\u0131lmalar\u0131 ya da zorunlu olmad\u0131k\u00e7a buralara seyahat etmemeleri \u00e7a\u011fr\u0131s\u0131nda bulundu.\u00a0<\/p>\n<p><strong>AVUSTRALYA<\/strong><\/p>\n<p>\u0130lk uyar\u0131, Avustralya&#8217;dan geldi.<\/p>\n<p>Avustralya, Orta Do\u011fu&#8217;da g\u00fcvenlik endi\u015felerinin &#8220;artmas\u0131&#8221; nedeniyle \u0130srail ve L\u00fcbnan&#8217;daki g\u00f6revli diplomatlar\u0131n yak\u0131nlar\u0131na \u00fclkeden ayr\u0131lmalar\u0131 talimat\u0131 vererek bu \u00fclkelerdeki vatanda\u015flar\u0131na ticari u\u00e7u\u015flar s\u00fcrerken \u00fclkeden ayr\u0131lmalar\u0131 \u00e7a\u011fr\u0131s\u0131nda bulundu.<\/p>\n<p><strong>\u00c7\u0130N<\/strong><\/p>\n<p>Bu \u00e7a\u011fr\u0131n\u0131n ard\u0131ndan \u00c7in de benzer bir a\u00e7\u0131klama yaparak Orta Do\u011fu&#8217;da g\u00fcvenlik risklerinin artmas\u0131 nedeniyle \u0130srail&#8217;deki vatanda\u015flar\u0131 i\u00e7in g\u00fcvenlik uyar\u0131s\u0131 yay\u0131mlad\u0131.<\/p>\n<p>ABD\u2019nin \u0130srail\u2019deki B\u00fcy\u00fckel\u00e7ili\u011fi, \u0130ran\u2019la artan gerilimin ard\u0131ndan, &#8220;olu\u015fan g\u00fcvenlik riskleri nedeniyle\u201d kritik g\u00f6revlerde bulunmayan \u00e7al\u0131\u015fanlar ve ailelerinin \u00fclkeyi terk etmesine izin verdi.<\/p>\n<p>New York Times gazetesi, ABD&#8217;nin \u0130srail B\u00fcy\u00fckel\u00e7isi Mike Huckabee&#8217;nin, B\u00fcy\u00fckel\u00e7ilik personeline g\u00f6nderdi\u011fi e-postada, \u00fclkeyi terk etmek istiyorlarsa &#8220;bunu bir an \u00f6nce yapmalar\u0131&#8221; konusunda uyar\u0131da bulundu\u011funu yazd\u0131.<\/p>\n<p>Bu geli\u015fmelerin ard\u0131ndan bir\u00e7ok \u00fclkeden benzer a\u00e7\u0131klamalar gelmeye ba\u015flad\u0131.<\/p>\n<p><strong>\u0130NG\u0130LTERE<\/strong><\/p>\n<p>\u0130ngiltere D\u0131\u015fi\u015fleri Bakanl\u0131\u011f\u0131, \u201cB\u00f6lgesel gerginli\u011fin artma riskleri nedeniyle vatanda\u015flar\u0131m\u0131za \u0130srail ve Filistin\u2019e zorunlu olmad\u0131k\u00e7a seyahat etmemelerini tavsiye ediyoruz.\u201d ifadelerini kulland\u0131.<\/p>\n<p>Bakanl\u0131k ayr\u0131ca Tel Aviv\u2019de g\u00f6rev yapan baz\u0131 personel ve ailelerinin ge\u00e7ici olarak \u0130srail i\u00e7inde ba\u015fka bir noktaya nakledildi\u011fini a\u00e7\u0131klad\u0131.<\/p>\n<p><strong>FRANSA<\/strong><\/p>\n<p>Fransa D\u0131\u015fi\u015fleri Bakanl\u0131\u011f\u0131 da yapt\u0131\u011f\u0131 a\u00e7\u0131klamada, b\u00f6lgesel geli\u015fmeler ve hava sahas\u0131n\u0131n kapanma ihtimali nedeniyle vatanda\u015flar\u0131na \u0130srail\u2019e seyahat etmemeleri tavsiyesinde bulundu.<\/p>\n<p><strong>ALMANYA<\/strong><\/p>\n<p>Almanya D\u0131\u015fi\u015fleri Bakanl\u0131\u011f\u0131 ise vatanda\u015flar\u0131na \u0130srail ve Do\u011fu Kud\u00fcs\u2019e seyahatten ka\u00e7\u0131nmalar\u0131 y\u00f6n\u00fcnde uyar\u0131 yaparak Tel Aviv\u2019in \u201cresmi olarak h\u00e2l\u00e2 sava\u015f halinde\u201d oldu\u011funu vurgulad\u0131.<\/p>\n<p>A\u00e7\u0131klamada, <b><em>\u201cGazze \u015eeridi ve Bat\u0131 \u015eeria\u2019ya seyahatten \u015fiddetle ka\u00e7\u0131n\u0131lmas\u0131 tavsiye edilir.\u201d<\/em><\/b> denildi. Gazze veya Bat\u0131 \u015eeria\u2019da bulunan Alman vatanda\u015flar\u0131na da m\u00fcmk\u00fcnse b\u00f6lgeden ayr\u0131lmalar\u0131 \u00e7a\u011fr\u0131s\u0131 yap\u0131ld\u0131.<\/p>\n<p><img decoding=\"async\" src=\"https:\/\/bihavadis.com\/wp-content\/uploads\/2026\/03\/israil-ve-irana-seyahati-yasaklayan-ulkeler-0-iSiugm3q.jpg\"\/><\/p>\n<p><strong>\u0130RAN\u2019A SEYAHAT UYARILARI<\/strong><\/p>\n<p>Washington ile Tahran aras\u0131nda artan gerilim nedeniyle bir\u00e7ok \u00fclke \u0130srail&#8217;e oldu\u011fu gibi \u0130ran&#8217;daki vatanda\u015flar\u0131 i\u00e7in uyar\u0131lardan bulundu.<\/p>\n<p><strong>G\u00dcNEY KORE<\/strong><\/p>\n<p>\u0130ran&#8217;a son g\u00fcnlerde ilk seyahat uyar\u0131s\u0131 G\u00fcney Kore&#8217;den geldi. G\u00fcney Kore merkezli haber ajans\u0131 Yonhap&#8217;\u0131n haberine g\u00f6re, G\u00fcney Kore&#8217;nin Tahran B\u00fcy\u00fckel\u00e7ili\u011fi, ABD&#8217;nin Tahran&#8217;a olas\u0131 askeri sald\u0131r\u0131s\u0131 nedeniyle b\u00f6lgede gerilimin artmas\u0131 \u00fczerine vatanda\u015flar\u0131na &#8220;\u0130ran&#8217;\u0131 terk etmeleri&#8221; tavsiyesinde bulundu.<\/p>\n<p><strong>H\u0130ND\u0130STAN<\/strong><\/p>\n<p>G\u00fcney Kore&#8217;nin ard\u0131ndan Hindistan Tahran B\u00fcy\u00fckel\u00e7ili\u011fi&#8217;nden \u0130ran geneline yay\u0131lan g\u00f6steriler ve b\u00f6lgedeki gerilimin artmas\u0131 nedeniyle Hindistan&#8217;dan, vatanda\u015flar\u0131na ticari u\u00e7u\u015flar da dahil olmak \u00fczere, mevcut ula\u015f\u0131m ara\u00e7lar\u0131yla \u0130ran&#8217;\u0131 terk etmeleri tavsiyesi geldi.<\/p>\n<p><strong>\u00c7\u0130N<\/strong><\/p>\n<p>\u00c7in, d\u0131\u015f g\u00fcvenlik risklerinin artmas\u0131 nedeniyle vatanda\u015flar\u0131na \u0130ran&#8217;\u0131 \u00fclkeyi terk etmeleri uyar\u0131s\u0131 yapt\u0131.<\/p>\n<p><strong>\u0130NG\u0130LTERE<\/strong><\/p>\n<p>\u0130ngiltere D\u0131\u015fi\u015fleri Bakanl\u0131\u011f\u0131, ayr\u0131 bir a\u00e7\u0131klamas\u0131nda \u0130ran\u2019a y\u00f6nelik seyahat uyar\u0131s\u0131n\u0131 s\u00fcrd\u00fcrd\u00fc\u011f\u00fcn\u00fc ve g\u00fcvenlik durumu nedeniyle \u0130ran\u2019daki diplomatik personelini ge\u00e7ici olarak geri \u00e7ekti\u011fini bildirdi.<\/p>\n<p><strong>FRANSA<\/strong><\/p>\n<p>Fransa D\u0131\u015fi\u015fleri Bakanl\u0131\u011f\u0131 da h\u00e2lihaz\u0131rda \u0130ran\u2019da bulunan Frans\u0131z vatanda\u015flar\u0131na azami dikkat g\u00f6stermeleri ve bireysel ya da toplu s\u0131\u011f\u0131nma yerlerini belirlemeleri \u00e7a\u011fr\u0131s\u0131 yapt\u0131.<\/p>\n<p><strong>\u0130\u015eVE\u00c7<\/strong><\/p>\n<p>\u0130sve\u00e7 de \u0130ran\u2019daki vatanda\u015flar\u0131na \u00fclkeyi acilen terk etmeleri \u00e7a\u011fr\u0131s\u0131nda bulundu.<\/p>\n<p>\u0130sve\u00e7 D\u0131\u015fi\u015fleri Bakan\u0131 Maria Malmer Stenergard, ABD merkezli X sosyal medya platformundaki hesab\u0131ndan yapt\u0131\u011f\u0131 payla\u015f\u0131mda, bakanl\u0131\u011f\u0131n \u0130ran\u2019a seyahat edilmemesi y\u00f6n\u00fcndeki tavsiyesine uyulmas\u0131 gerekti\u011fini belirtti.<\/p>\n<p>Stenergard, \u0130ran\u2019da bulunan \u0130sve\u00e7 vatanda\u015flar\u0131na \u00fclkeyi acilen terk etmeleri y\u00f6n\u00fcndeki g\u00fc\u00e7l\u00fc \u00e7a\u011fr\u0131s\u0131n\u0131 yineleyerek, <b><em>\u201c\u0130sve\u00e7liler f\u0131rsat varken \u0130ran\u2019\u0131 terk etmeli ve beklememeli. \u0130ran\u2019da kalmay\u0131 se\u00e7enler b\u00fcy\u00fck bir ki\u015fisel sorumluluk alm\u0131\u015f olur. Bu noktada D\u0131\u015fi\u015fleri Bakanl\u0131\u011f\u0131, \u0130ran\u2019dan tahliye konusunda yard\u0131mc\u0131 olamayacakt\u0131r.\u201d <\/em><\/b>ifadelerini kulland\u0131.<\/p>\n<p><strong>\u0130TALYA<\/strong><\/p>\n<p>\u0130talya D\u0131\u015fi\u015fleri Bakanl\u0131\u011f\u0131, \u0130ran&#8217;daki \u0130talyan vatanda\u015flar\u0131na bu \u00fclkeyi terk etme \u00e7a\u011fr\u0131s\u0131n\u0131 yineleyip dikkatli olmalar\u0131 konusunda uyar\u0131rken, \u0130srail&#8217;deki vatanda\u015flar\u0131na da ihtiyatl\u0131 olmalar\u0131n\u0131 ve teyakkuzda kalmalar\u0131n\u0131 tavsiye etti.<\/p>\n<p><strong>POLONYA<\/strong><\/p>\n<p>Polonya D\u0131\u015fi\u015fleri Bakanl\u0131\u011f\u0131 ise \u0130ran\u2019daki geli\u015fmeler nedeniyle vatanda\u015flar\u0131na L\u00fcbnan\u2019\u0131 \u201cderhal\u201d terk etmeleri \u00e7a\u011fr\u0131s\u0131nda bulundu. A\u00e7\u0131klamada,<b><em> \u201c\u0130ran\u2019daki durum nedeniyle L\u00fcbnan\u2019\u0131 derhal terk etmenizi tavsiye ediyoruz. Hava yoluyla d\u00f6n\u00fc\u015f zor veya hatta imk\u00e2ns\u0131z olabilir.\u201d<\/em><\/b> ifadelerine yer verildi.<\/p>\n<p><strong>KAZAK\u0130STAN<\/strong><\/p>\n<p>Bunlara ek olarak, Kazakistan D\u0131\u015fi\u015fleri Bakanl\u0131\u011f\u0131, b\u00f6lgede artan gerginlik nedeniyle \u0130ran&#8217;da bulunan vatanda\u015flar\u0131na \u00fclkeyi terk etmelerini tavsiye etti.<\/p>\n<p><strong>BREZ\u0130LYA, SIRB\u0130STAN, S\u0130NGAPUR<\/strong><\/p>\n<p>Brezilya, S\u0131rbistan ve Singapur da benzer \u015fekilde seyahat uyar\u0131s\u0131 yaparak vatanda\u015flar\u0131ndan \u0130ran&#8217;\u0131 terk etmeleri \u00e7a\u011fr\u0131s\u0131 yapt\u0131.<\/p>\n<p>Bel\u00e7ika D\u0131\u015fi\u015fleri Bakan\u0131 ve Ba\u015fbakan Yard\u0131mc\u0131s\u0131 Maxime Prevot, ABD merkezli X \u015firketinin sosyal medya platformundan yapt\u0131\u011f\u0131 a\u00e7\u0131klamada, <b><em>&#8220;B\u00f6lgede son birka\u00e7 g\u00fcndeki istikrars\u0131z durum g\u00f6z \u00f6n\u00fcne al\u0131nd\u0131\u011f\u0131nda, halihaz\u0131rda y\u00fcr\u00fcrl\u00fckte olan seyahat uyar\u0131lar\u0131n\u0131 tekrar hat\u0131rlat\u0131yor ve b\u00f6lgedeki t\u00fcm Bel\u00e7ikal\u0131lara dikkatli olmalar\u0131n\u0131, yerel yetkililerin talimatlar\u0131n\u0131 izlemelerini ve D\u0131\u015fi\u015fleri Bakanl\u0131\u011f\u0131&#8217;n\u0131n seyahat tavsiyelerine dikkatlice ba\u015fvurmalar\u0131n\u0131 tavsiye ediyorum.&#8221; <\/em><\/b>ifadelerini kulland\u0131.<\/p>\n<p>\u0130srail ve L\u00fcbnan&#8217;a da gerekli olmad\u0131k\u00e7a seyahat edilmemesi tavsiyesinde bulunan Prevot, <b><em>&#8220;Bel\u00e7ika vatanda\u015flar\u0131 ve \u00e7ifte vatanda\u015flar i\u00e7in \u0130ran&#8217;a herhangi bir nedenle seyahat kesinlikle \u00f6nerilmemektedir.&#8221;<\/em><\/b> mesaj\u0131n\u0131 payla\u015ft\u0131.<\/p>\n<p><strong>BEL\u00c7\u0130KA<\/strong><\/p>\n<p>Prevot, \u0130ran\u2019daki Bel\u00e7ika vatanda\u015flar\u0131na en k\u0131sa s\u00fcrede \u00fclkeyi terk etmeleri \u00e7a\u011fr\u0131s\u0131nda bulundu.<\/p>\n<div> <span><strong>Kaynak:<\/strong> Anadolu Ajans\u0131 (AA)<\/span> <\/div>\n","protected":false},"excerpt":{"rendered":"<p>ABD-\u0130ran gerilimi nedeniyle baz\u0131 \u00fclkeler \u0130srail ve \u0130ran\u2019daki vatanda\u015flar\u0131n\u0131 uyard\u0131. Baz\u0131lar\u0131 bu iki \u00fclkeye girilmemesini tavsiye etti, baz\u0131lar\u0131 da bu \u00fclkede bulunanlar\u0131 yurda d\u00f6nmesini istedi. Baz\u0131 \u00fclkeler, ABD\u2019nin \u0130ran\u2019a y\u00f6nelik muhtemel askeri &#8230;<\/p>\n","protected":false},"author":1,"featured_media":73928,"comment_status":"open","ping_status":"open","sticky":false,"template":"","format":"standard","meta":{"footnotes":""},"categories":[6],"tags":[271,1365,8035,700,8034],"class_list":["post-73927","post","type-post","status-publish","format-standard","has-post-thumbnail","hentry","category-dunya","tag-iran","tag-seyahat","tag-tavsiye","tag-ulke","tag-vatandaslarina"],"_links":{"self":[{"href":"https:\/\/bihavadis.com\/index.php\/wp-json\/wp\/v2\/posts\/73927","targetHints":{"allow":["GET"]}}],"collection":[{"href":"https:\/\/bihavadis.com\/index.php\/wp-json\/wp\/v2\/posts"}],"about":[{"href":"https:\/\/bihavadis.com\/index.php\/wp-json\/wp\/v2\/types\/post"}],"author":[{"embeddable":true,"href":"https:\/\/bihavadis.com\/index.php\/wp-json\/wp\/v2\/users\/1"}],"replies":[{"embeddable":true,"href":"https:\/\/bihavadis.com\/index.php\/wp-json\/wp\/v2\/comments?post=73927"}],"version-history":[{"count":1,"href":"https:\/\/bihavadis.com\/index.php\/wp-json\/wp\/v2\/posts\/73927\/revisions"}],"predecessor-version":[{"id":73930,"href":"https:\/\/bihavadis.com\/index.php\/wp-json\/wp\/v2\/posts\/73927\/revisions\/73930"}],"wp:featuredmedia":[{"embeddable":true,"href":"https:\/\/bihavadis.com\/index.php\/wp-json\/wp\/v2\/media\/73928"}],"wp:attachment":[{"href":"https:\/\/bihavadis.com\/index.php\/wp-json\/wp\/v2\/media?parent=73927"}],"wp:term":[{"taxonomy":"category","embeddable":true,"href":"https:\/\/bihavadis.com\/index.php\/wp-json\/wp\/v2\/categories?post=73927"},{"taxonomy":"post_tag","embeddable":true,"href":"https:\/\/bihavadis.com\/index.php\/wp-json\/wp\/v2\/tags?post=73927"}],"curies":[{"name":"wp","href":"https:\/\/api.w.org\/{rel}","templated":true}]}}