{"id":73950,"date":"2026-03-29T04:09:08","date_gmt":"2026-03-29T04:09:08","guid":{"rendered":"https:\/\/bihavadis.com\/?p=73950"},"modified":"2026-03-29T04:09:08","modified_gmt":"2026-03-29T04:09:08","slug":"chpden-istifa-eden-belediye-baskaninin-kufur-iddialarina-ozgur-ozelden-yanit","status":"publish","type":"post","link":"https:\/\/bihavadis.com\/index.php\/2026\/03\/29\/chpden-istifa-eden-belediye-baskaninin-kufur-iddialarina-ozgur-ozelden-yanit\/","title":{"rendered":"CHP&#8217;den istifa eden belediye ba\u015fkan\u0131n\u0131n k\u00fcf\u00fcr iddialar\u0131na \u00d6zg\u00fcr \u00d6zel&#8217;den yan\u0131t"},"content":{"rendered":"<p>Ke\u00e7i\u00f6ren Belediye Ba\u015fkan\u0131 Mesut \u00d6zarslan&#8217;\u0131n CHP&#8217;den istifa etmesi sonras\u0131 CHP&#8217;de s\u0131cak saatler ya\u015fand\u0131. \u0130stifa a\u00e7\u0131klamas\u0131nda CHP Genel Ba\u015fkan\u0131 \u00d6zg\u00fcr \u00d6zel&#8217;in kendisine k\u00fcf\u00fcr etti\u011fini \u00f6ne s\u00fcren \u00d6zarslan, istifa a\u00e7\u0131klamas\u0131nda \u00e7ok sert ifadeler kulland\u0131. <\/p>\n<p>\u00d6zarslan, &#8220;Bir genel ba\u015fkan, belediye ba\u015fkan\u0131na k\u00fcf\u00fcr eder mi? Bir genel ba\u015fkan, ailevi de\u011ferleri hedef al\u0131p hakaret eder mi? Bir genel ba\u015fkan, a\u011f\u0131za al\u0131nmayacak kelimelerle tehdit eder mi?&#8221; ifadelerini kullanmas\u0131 dikkat \u00e7ekti.<\/p>\n<p><b>\u00d6ZG\u00dcR \u00d6ZEL&#8217;DEN K\u00dcF\u00dcR \u0130DD\u0130ASINA YANIT <\/b><\/p>\n<p>CHP Genel Ba\u015fkan\u0131 \u00d6zg\u00fcr \u00d6zel ise \u00d6zarslan&#8217;\u0131n iddialar\u0131yla ilgili Gazeteci \u0130smail Saymaz&#8217;a konu\u015ftu. Saymaz&#8217;\u0131n aktard\u0131\u011f\u0131na g\u00f6re \u00d6zel k\u00fcf\u00fcr iddialar\u0131n\u0131 reddetti.<\/p>\n<p>\u00d6zel yapt\u0131\u011f\u0131 a\u00e7\u0131klamada, &#8220;Yalan at\u0131yor, yani diyor ki &#8220;Aileme, anneme, babama k\u00fcfretti&#8221; falan diyor, b\u00f6yle bir \u015fey yok. S\u00f6yledi\u011fim s\u00f6z \u015fu; bak benim ona s\u00f6yledi\u011fim s\u00f6z \u015fu: &#8220;Sen&#8230; Sana h\u0131rs\u0131z dediler, ben seni \u00e7a\u011f\u0131rd\u0131m sordum. &#8220;B\u00f6yle bir \u015fey yok, yolsuzlu\u011fum h\u0131rs\u0131zl\u0131\u011f\u0131m yok, iftira ediyorlar&#8221; dedin. Ben sana inand\u0131m, sana g\u00fcvendim. \u015eimdi h\u0131rs\u0131z diyenlere gidiyorsun, sana g\u00fcvenenleri b\u0131rak\u0131yorsun dedim.<\/p>\n<p>Aileye hi\u00e7bir \u015fey yok asla. &#8220;Bu yapt\u0131klar\u0131n seni do\u011furan anneyi de, evlatlar\u0131n\u0131 da, ileride torunlar\u0131n\u0131 da utand\u0131racak&#8217; dedim. Ondan sonra &#8220;Bir g\u00fcn elime bir \u015fey ge\u00e7erse veya bir g\u00fcn g\u00f6r\u00fc\u015f\u00fcr\u00fcz, seni asla affetmeyece\u011fim&#8221; dedim&#8221; ifadelerini kulland\u0131.<\/p>\n<p><b>KUL\u0130SLERDE AK PART\u0130&#8217;YE GE\u00c7ECE\u011e\u0130 KONU\u015eULUYORDU<\/b><\/p>\n<p>Ayr\u0131ca \u00d6zarslans&#8217;\u0131n AK Parti&#8217;ye kat\u0131laca\u011f\u0131 y\u00f6n\u00fcndeki iddialar kulislerde konu\u015fuluyordu. Gazeteci Sinan Burhan, Cumhuriyet Halk Partisi&#8217;nden Ke\u00e7i\u00f6ren Belediye Ba\u015fkan\u0131 se\u00e7ilen Mesut \u00d6zarslan&#8217;\u0131n AK Parti saflar\u0131na kat\u0131laca\u011f\u0131n\u0131 belirterek, &#8220;Ke\u00e7i\u00f6ren Belediye Ba\u015fkan\u0131 Mesut \u00d6zarslan&#8217;\u0131n AK Parti&#8217;ye ge\u00e7ece\u011fi kesinle\u015fmi\u015f g\u00f6z\u00fck\u00fcyor&#8221; ifadelerini kullanm\u0131\u015ft\u0131.<\/p>\n<p>Ayn\u0131 iddiaya ili\u015fkin AK Partili Savc\u0131 Sayan da a\u00e7\u0131klama yapm\u0131\u015f, transfer s\u00f6ylentilerini do\u011frulayan Sayan, \u00d6zarslan&#8217;\u0131n AK Parti&#8217;ye kat\u0131laca\u011f\u0131 tarihi de payla\u015fm\u0131\u015ft\u0131. Sayan, &#8220;Kayna\u011f\u0131m \u00e7elik gibi. Ke\u00e7i\u00f6ren Belediye Ba\u015fkan\u0131 Mesut \u00d6zarslan \u00e7ar\u015famba g\u00fcn\u00fc AK Parti&#8217;mizde. \u00dc\u00e7 g\u00fc\u00e7l\u00fc isim Say\u0131n Cumhurba\u015fkan\u0131m\u0131z\u0131 ikna etmi\u015f&#8221; demi\u015fti.<\/p>\n","protected":false},"excerpt":{"rendered":"<p>CHP&#8217;den istifa eden Ke\u00e7i\u00f6ren Belediye Ba\u015fkan\u0131 Mesut \u00d6zarslan&#8217;\u0131n k\u00fcf\u00fcr iddialar\u0131na yan\u0131t veren CHP Genel Ba\u015fkan\u0131 \u00d6zg\u00fcr \u00d6zel, &#8220;Yalan at\u0131yor, yani diyor ki &#8216;Aileme, anneme, babama k\u00fcfretti&#8217; falan diyor, b\u00f6yle bir \u015fey yok&#8221; ifadelerini kulland\u0131.<\/p>\n","protected":false},"author":1,"featured_media":73951,"comment_status":"open","ping_status":"open","sticky":false,"template":"","format":"standard","meta":{"footnotes":""},"categories":[12],"tags":[1389,399],"class_list":["post-73950","post","type-post","status-publish","format-standard","has-post-thumbnail","hentry","category-siyaset","tag-ak-parti","tag-belediye-baskani"],"_links":{"self":[{"href":"https:\/\/bihavadis.com\/index.php\/wp-json\/wp\/v2\/posts\/73950","targetHints":{"allow":["GET"]}}],"collection":[{"href":"https:\/\/bihavadis.com\/index.php\/wp-json\/wp\/v2\/posts"}],"about":[{"href":"https:\/\/bihavadis.com\/index.php\/wp-json\/wp\/v2\/types\/post"}],"author":[{"embeddable":true,"href":"https:\/\/bihavadis.com\/index.php\/wp-json\/wp\/v2\/users\/1"}],"replies":[{"embeddable":true,"href":"https:\/\/bihavadis.com\/index.php\/wp-json\/wp\/v2\/comments?post=73950"}],"version-history":[{"count":1,"href":"https:\/\/bihavadis.com\/index.php\/wp-json\/wp\/v2\/posts\/73950\/revisions"}],"predecessor-version":[{"id":73952,"href":"https:\/\/bihavadis.com\/index.php\/wp-json\/wp\/v2\/posts\/73950\/revisions\/73952"}],"wp:featuredmedia":[{"embeddable":true,"href":"https:\/\/bihavadis.com\/index.php\/wp-json\/wp\/v2\/media\/73951"}],"wp:attachment":[{"href":"https:\/\/bihavadis.com\/index.php\/wp-json\/wp\/v2\/media?parent=73950"}],"wp:term":[{"taxonomy":"category","embeddable":true,"href":"https:\/\/bihavadis.com\/index.php\/wp-json\/wp\/v2\/categories?post=73950"},{"taxonomy":"post_tag","embeddable":true,"href":"https:\/\/bihavadis.com\/index.php\/wp-json\/wp\/v2\/tags?post=73950"}],"curies":[{"name":"wp","href":"https:\/\/api.w.org\/{rel}","templated":true}]}}