{"id":7396,"date":"2026-01-31T03:54:06","date_gmt":"2026-01-31T03:54:06","guid":{"rendered":"https:\/\/bihavadis.com\/?p=7396"},"modified":"2026-01-31T03:54:06","modified_gmt":"2026-01-31T03:54:06","slug":"kocaeli-buyuksehir-yine-turkiyeyi-gururlandirdi","status":"publish","type":"post","link":"https:\/\/bihavadis.com\/index.php\/2026\/01\/31\/kocaeli-buyuksehir-yine-turkiyeyi-gururlandirdi\/","title":{"rendered":"Kocaeli B\u00fcy\u00fck\u015fehir, yine T\u00fcrkiye&#8217;yi gururland\u0131rd\u0131"},"content":{"rendered":"<p>Almanya\u2019n\u0131n Essen \u015fehrinde d\u00fczenlenen IPM ESSEN 2026\u2019ya Kocaeli B\u00fcy\u00fck\u015fehir Belediyesi damga vurdu. D\u00fcnyan\u0131n \u00f6nde gelen \u00fclkeleri ile birlikte dev organizasyonda yer alan Kocaeli B\u00fcy\u00fck\u015fehir Belediyesi Park ve Bah\u00e7eler Dairesi Ba\u015fkanl\u0131\u011f\u0131 ile Sekapark A.\u015e., ye\u015fil alan y\u00f6netimindeki uzmanl\u0131\u011f\u0131n\u0131 uluslararas\u0131 arenada bir kez daha g\u00f6sterdi.<\/p>\n<p><b>EN PREST\u0130JL\u0130 FUARA B\u00dcY\u00dcK\u015eEH\u0130R\u2019DEN KATKI<\/b><\/p>\n<p>Kocaeli B\u00fcy\u00fck\u015fehir Belediyesi, kurumsal kimli\u011fini uluslararas\u0131 alanda en iyi \u015fekilde yans\u0131tmaya devam ediyor. Ba\u015fta Avrupa olmak \u00fczere bir\u00e7ok k\u0131tada ba\u015far\u0131l\u0131 \u00e7al\u0131\u015fmalara ve etkinliklere imza atan Kocaeli B\u00fcy\u00fck\u015fehir, bu kez Almanya\u2019n\u0131n Essen \u015fehrinde 27-30 Ocak tarihlerinde d\u00fczenlenen d\u00fcnyan\u0131n en prestijli bah\u00e7ecilik ve s\u00fcs bitkileri fuar\u0131 IPM ESSEN etkinli\u011finde yerini ald\u0131. Bu y\u0131l 41. kez kap\u0131lar\u0131n\u0131 a\u00e7an dev fuarda Kocaeli B\u00fcy\u00fck\u015fehir Belediyesi Park ve Bah\u00e7eler Dairesi Ba\u015fkanl\u0131\u011f\u0131 ile Sekapark A.\u015e. ortak stant a\u00e7arak katk\u0131 sa\u011flad\u0131. Kocaelili firmalardan Kocaeli S\u00fcs Bitkileri Birli\u011fi ve Ba\u015fiskele Tar\u0131msal Kalk\u0131nma Kooperatifi S\u00fcs Bitkileri Yeti\u015ftiricili\u011fi Kooperatifi de bu \u00f6nemli etkinli\u011fe B\u00fcy\u00fck\u015fehir deste\u011fi ile kat\u0131ld\u0131.<\/p>\n<p><b>BARA\u00c7LI VE BALABAN DA FUARA KATILDI<\/b><\/p>\n<p>Kocaeli B\u00fcy\u00fck\u015fehir Belediyesi Genel Sekreteri Dr. Hayri Bara\u00e7l\u0131 ve Genel Sekreter Yard\u0131mc\u0131s\u0131 Numan Balaban da Messe Essen GmbH Fuar Merkezi\u2019nde ger\u00e7ekle\u015fen etkinli\u011fin \u00fc\u00e7\u00fcnc\u00fc g\u00fcn\u00fcnde T\u00fcrkiye\u2019den kat\u0131lan t\u00fcm firmalar\u0131n stantlar\u0131n\u0131 tek tek ziyaret etti. Bara\u00e7l\u0131, \u00fcr\u00fcnler hakk\u0131nda detayl\u0131 bilgi ald\u0131, firma temsilcileri ile sohbet ederek T\u00fcrkiye\u2019nin fuardaki ba\u015far\u0131l\u0131 temsilinden duydu\u011fu memnuniyeti dile getirdi. Bu ziyaret, yerel y\u00f6netimlerin sekt\u00f6re verdi\u011fi deste\u011fi somutla\u015ft\u0131rd\u0131.<\/p>\n<p><b>B\u00dcY\u00dcK\u015eEH\u0130R, BU ALANDAK\u0130 UZMANLI\u011eINI KANITLADI<\/b><\/p>\n<p>Kocaeli B\u00fcy\u00fck\u015fehir Belediyesi Park ve Bah\u00e7eler Dairesi, yeti\u015ftirdi\u011fi yerli ve kaliteli s\u00fcs bitkilerini IPM ESSEN 2026\u2019da tan\u0131t\u0131rken, Sekapark A.\u015e. ise \u00fcretti\u011fi bitkisel \u00fcr\u00fcnleri ve peyzaj \u00e7\u00f6z\u00fcmlerini ziyaret\u00e7ilere sundu. Hem Park ve Bah\u00e7eler Dairesi hem de Sekapark A.\u015e. Kocaeli\u2019nin ye\u015fil alan y\u00f6netimindeki uzmanl\u0131\u011f\u0131n\u0131 uluslararas\u0131 arenada bir kez daha kan\u0131tlad\u0131.<\/p>\n<p><b>BA\u015eKONSOLOS TAYLAN \u00d6ZG\u00dcR AYDIN\u2019DAN Z\u0130YARET<\/b><\/p>\n<p>Fuar\u0131n en dikkat \u00e7eken anlar\u0131ndan biri, T\u00fcrkiye\u2019nin Essen Ba\u015fkonsolosu Taylan \u00d6zg\u00fcr Ayd\u0131n\u2019\u0131n T\u00fcrkiye Pavilyonu\u2019ndaki stantlar\u0131 ziyaret etmesi oldu. Ba\u015fkonsolos Ayd\u0131n, ba\u015fta Kocaeli B\u00fcy\u00fck\u015fehir olmak \u00fczere T\u00fcrk firmalar\u0131n\u0131n \u00fcr\u00fcnlerini yak\u0131ndan inceleyerek, sekt\u00f6rdeki geli\u015fmeleri ve ihracat f\u0131rsatlar\u0131n\u0131 da de\u011ferlendirdi. Bu ziyaret, Almanya\u2019daki T\u00fcrk toplumu ve i\u015f d\u00fcnyas\u0131 aras\u0131nda ye\u015fil sekt\u00f6r\u00fcn \u00f6nemini bir kez daha vurgulad\u0131.<\/p>\n<p><b>REKOR KATILIMA EV SAH\u0130PL\u0130\u011e\u0130 YAPTI<\/b><\/p>\n<p>IPM ESSEN 2026 organizasyonu 45 \u00fclkeden 1.400\u2019den fazla kat\u0131l\u0131mc\u0131 firma ve 60.000\u2019den fazla profesyonel ziyaret\u00e7iyle rekor kat\u0131l\u0131ma ev sahipli\u011fi yapt\u0131. Trend bitkilerden ak\u0131ll\u0131 sulama sistemlerine, bah\u00e7e ekipmanlar\u0131ndan inovatif \u00fcretim teknolojilerine kadar sekt\u00f6r\u00fcn t\u00fcm de\u011fer zincirini kapsayan fuar; T\u00fcrkiye, Hollanda, \u0130talya, Fransa, \u0130spanya ve Almanya gibi devlerin milli \u00e7ad\u0131rlar\u0131yla dikkat \u00e7ekti.<\/p>\n<p>\u00a0<\/p>\n<p>Kaynak: (BYZHA) Beyaz Haber Ajans\u0131<\/p>\n","protected":false},"excerpt":{"rendered":"<p>Almanya\u2019n\u0131n Essen \u015fehrinde d\u00fczenlenen IPM ESSEN 2026\u2019ya Kocaeli B\u00fcy\u00fck\u015fehir Belediyesi damga vurdu.<\/p>\n","protected":false},"author":1,"featured_media":7397,"comment_status":"open","ping_status":"open","sticky":false,"template":"","format":"standard","meta":{"footnotes":""},"categories":[4],"tags":[1758,1757,433,240,319],"class_list":["post-7396","post","type-post","status-publish","format-standard","has-post-thumbnail","hentry","category-gundem","tag-bahce","tag-essen","tag-fuar","tag-kocaeli","tag-ziyaret"],"_links":{"self":[{"href":"https:\/\/bihavadis.com\/index.php\/wp-json\/wp\/v2\/posts\/7396","targetHints":{"allow":["GET"]}}],"collection":[{"href":"https:\/\/bihavadis.com\/index.php\/wp-json\/wp\/v2\/posts"}],"about":[{"href":"https:\/\/bihavadis.com\/index.php\/wp-json\/wp\/v2\/types\/post"}],"author":[{"embeddable":true,"href":"https:\/\/bihavadis.com\/index.php\/wp-json\/wp\/v2\/users\/1"}],"replies":[{"embeddable":true,"href":"https:\/\/bihavadis.com\/index.php\/wp-json\/wp\/v2\/comments?post=7396"}],"version-history":[{"count":1,"href":"https:\/\/bihavadis.com\/index.php\/wp-json\/wp\/v2\/posts\/7396\/revisions"}],"predecessor-version":[{"id":7398,"href":"https:\/\/bihavadis.com\/index.php\/wp-json\/wp\/v2\/posts\/7396\/revisions\/7398"}],"wp:featuredmedia":[{"embeddable":true,"href":"https:\/\/bihavadis.com\/index.php\/wp-json\/wp\/v2\/media\/7397"}],"wp:attachment":[{"href":"https:\/\/bihavadis.com\/index.php\/wp-json\/wp\/v2\/media?parent=7396"}],"wp:term":[{"taxonomy":"category","embeddable":true,"href":"https:\/\/bihavadis.com\/index.php\/wp-json\/wp\/v2\/categories?post=7396"},{"taxonomy":"post_tag","embeddable":true,"href":"https:\/\/bihavadis.com\/index.php\/wp-json\/wp\/v2\/tags?post=7396"}],"curies":[{"name":"wp","href":"https:\/\/api.w.org\/{rel}","templated":true}]}}