{"id":74007,"date":"2026-03-29T04:51:09","date_gmt":"2026-03-29T04:51:09","guid":{"rendered":"https:\/\/bihavadis.com\/?p=74007"},"modified":"2026-03-29T04:51:09","modified_gmt":"2026-03-29T04:51:09","slug":"burhanettin-duran-turkiye-sorumlulugunu-yerine-getirecek","status":"publish","type":"post","link":"https:\/\/bihavadis.com\/index.php\/2026\/03\/29\/burhanettin-duran-turkiye-sorumlulugunu-yerine-getirecek\/","title":{"rendered":"Burhanettin Duran: T\u00fcrkiye sorumlulu\u011funu yerine getirecek"},"content":{"rendered":"<p>\u0130ran ile ABD aras\u0131ndaki m\u00fczakere s\u00fcreci devam ederken, sabah saatlerinde \u0130srail ve ABD\u2019nin \u0130ran\u2019a y\u00f6nelik geni\u015f \u00e7apl\u0131 sald\u0131r\u0131lar ba\u015flatt\u0131\u011f\u0131 a\u00e7\u0131kland\u0131.<\/p>\n<p>Geli\u015fme, Orta Do\u011fu\u2019da tansiyonu bir anda y\u00fckseltti.<\/p>\n<p><strong>&#8220;\u00d6NLEY\u0130C\u0130 SALDIRI&#8221; VE &#8220;B\u00dcY\u00dcK OPERASYON&#8221; A\u00c7IKLAMASI<\/strong><\/p>\n<p>\u0130srail Savunma Bakanl\u0131\u011f\u0131, \u0130ran\u2019a kar\u015f\u0131<em><b> \u201c\u00f6nleyici sald\u0131r\u0131\u201d <\/b><\/em>ba\u015flat\u0131ld\u0131\u011f\u0131n\u0131 duyurdu. ABD Ba\u015fkan\u0131 Donald Trump ise \u0130ran\u2019a y\u00f6nelik <em><b>\u201cb\u00fcy\u00fck bir operasyon\u201d <\/b><\/em>y\u00fcr\u00fctt\u00fcklerini a\u00e7\u0131klad\u0131.<\/p>\n<p>Sald\u0131r\u0131lar kapsam\u0131nda \u0130ran\u2019\u0131n ba\u015fkenti Tahran ba\u015fta olmak \u00fczere \u0130sfahan, Kerec, Kum, Tebriz, \u015eiraz, Bu\u015fehr, Kirman\u015fah ve \u0130lam kentlerinin hedef al\u0131nd\u0131\u011f\u0131 bildirildi.<\/p>\n<p>Operasyonlar\u0131n ard\u0131ndan hem \u0130srail hem de \u0130ran hava sahas\u0131n\u0131 kapatt\u0131.<\/p>\n<p>\u0130srail genelinde ola\u011fan\u00fcst\u00fc hal ilan edilirken, \u00fclke genelinde sirenler \u00e7ald\u0131. \u0130ran\u2019\u0131n olas\u0131 kar\u015f\u0131 sald\u0131r\u0131lar\u0131na kar\u015f\u0131 \u0130srail halk\u0131na s\u0131\u011f\u0131naklara gitmeleri y\u00f6n\u00fcnde uyar\u0131lar yap\u0131ld\u0131.<\/p>\n<p><img decoding=\"async\" src=\"https:\/\/bihavadis.com\/wp-content\/uploads\/2026\/03\/burhanettin-duran-turkiye-sorumlulugunu-yerine-getirecek-0-8rXE3mCa.jpg\"\/><\/p>\n<p><strong>\u0130RAN KAR\u015eILIK VERD\u0130<\/strong><\/p>\n<p>\u0130ran ordusu, ABD ve \u0130srail\u2019in sald\u0131r\u0131lar\u0131na kar\u015f\u0131l\u0131k olarak \u0130srail\u2019e onlarca balistik f\u00fcze ve insans\u0131z hava arac\u0131yla misilleme ba\u015flatt\u0131\u011f\u0131n\u0131 duyurdu.<\/p>\n<p>Ayr\u0131ca \u0130ran\u2019\u0131n, Bahreyn, Birle\u015fik Arap Emirlikleri, Kuveyt, Katar ve \u00dcrd\u00fcn\u2019de bulunan ABD \u00fcslerini e\u015f zamanl\u0131 olarak hedef ald\u0131.<\/p>\n<p>Bahreyn\u2019deki ABD donanma \u00fcss\u00fc vuruldu.<\/p>\n<p><img decoding=\"async\" src=\"https:\/\/bihavadis.com\/wp-content\/uploads\/2026\/03\/burhanettin-duran-turkiye-sorumlulugunu-yerine-getirecek-1-O9aCOK6Y.jpg\"\/><\/p>\n<p><strong>&#8220;T\u00dcRK\u0130YE SORUMLULU\u011eUNU YER\u0130NE GET\u0130RMEYE DEVAM EDECEK&#8221;<\/strong><\/p>\n<p>Ya\u015fanan gerilime ili\u015fkin a\u00e7\u0131klama yapan \u0130leti\u015fim Ba\u015fkan\u0131 Burhanettin Duran, b\u00f6lgedeki s\u0131cak \u00e7at\u0131\u015fma riskinin kabul edilemez oldu\u011funu belirtti.<\/p>\n<p>Duran a\u00e7\u0131klamas\u0131nda, ABD, \u0130srail ve \u0130ran aras\u0131nda t\u0131rmanan gerilimin s\u0131cak \u00e7at\u0131\u015fmaya d\u00f6n\u00fc\u015fmesinin yaln\u0131zca taraf \u00fclkeleri de\u011fil, geni\u015f bir co\u011frafyada istikrar\u0131 ve sivillerin g\u00fcvenli\u011fini tehdit etti\u011fini ifade ederek, diyalog ve m\u00fczakere mekanizmalar\u0131n\u0131n ivedilikle yeniden devreye al\u0131nmas\u0131 gerekti\u011fini vurgulad\u0131.<\/p>\n<p>Duran&#8217;\u0131n a\u00e7\u0131klamalar\u0131n\u0131n tamam\u0131 \u015fu \u015fekilde;<\/p>\n<p>Son d\u00f6nemde ABD ve \u0130srail ile \u0130ran aras\u0131nda t\u0131rmanan gerilimin s\u0131cak \u00e7at\u0131\u015fmaya d\u00f6n\u00fc\u015fmesi ve di\u011fer b\u00f6lge \u00fclkelerini de etkilemesi, kabul edilemez bir durumdur. B\u00f6lgemiz ve k\u00fcresel bar\u0131\u015f a\u00e7\u0131s\u0131ndan ciddi bir endi\u015fe kayna\u011f\u0131d\u0131r.<\/p>\n<p>Ya\u015fanan geli\u015fmeler, sadece taraf \u00fclkeleri de\u011fil, geni\u015f bir co\u011frafyada istikrar\u0131 ve sivillerin g\u00fcvenli\u011fini tehdit etmektedir. Bu \u00e7er\u00e7evede diyalog ve m\u00fczakere mekanizmalar\u0131n\u0131n ivedilikle yeniden devreye al\u0131nmas\u0131 gerekmektedir. <\/p>\n<p>Cumhurba\u015fkan\u0131m\u0131z Say\u0131n Recep Tayyip Erdo\u011fan\u2019\u0131n liderli\u011finde T\u00fcrkiye, ilkesel olarak her zaman kal\u0131c\u0131 bar\u0131\u015ftan, b\u00f6lgesel istikrardan ve uluslararas\u0131 hukuka dayal\u0131 \u00e7\u00f6z\u00fcm aray\u0131\u015flar\u0131ndan yana olmu\u015ftur. <\/p>\n<p>T\u00fcrkiye, gerilimin d\u00fc\u015f\u00fcr\u00fclmesi, sivillerin korunmas\u0131 ve diplomatik kanallar\u0131n etkin bi\u00e7imde i\u015fletilmesi i\u00e7in \u00fczerine d\u00fc\u015fen sorumlulu\u011fu yerine getirmeye devam edecektir.<\/p>\n<p>Devletimiz b\u00fct\u00fcn kurumlar\u0131yla b\u00f6lgedeki geli\u015fmeleri yak\u0131ndan takip etmekte ve vatanda\u015flar\u0131m\u0131z\u0131n g\u00fcvenli\u011fi i\u00e7in gerekli \u00f6nlemleri almaktad\u0131r.<\/p>\n<p>\u0130leti\u015fim Ba\u015fkanl\u0131\u011f\u0131 olarak bu s\u00fcre\u00e7te, yap\u0131lmak istenen provokasyonlar ve yay\u0131lmak istenen dezenformasyonlarla m\u00fccadelemizi s\u00fcrd\u00fcr\u00fcyoruz. Medyam\u0131z\u0131n da s\u00fcreci her zaman oldu\u011fu gibi objektif ve T\u00fcrkiye merkezli ele alaca\u011f\u0131na y\u00f6nelik inanc\u0131m\u0131z tamd\u0131r.<\/p>\n<p>Vatanda\u015flar\u0131m\u0131z\u0131n bu s\u00fcre\u00e7te ba\u015fta dijital medya alan\u0131nda olmak \u00fczere yap\u0131lan provokasyonlara ve dezenformasyonlara kar\u015f\u0131 daha duyarl\u0131 olmas\u0131; teyit edilmemi\u015f bilgileri dikkate almamas\u0131 ve resm\u00ee kurumlar\u0131m\u0131z\u0131n a\u00e7\u0131klamalar\u0131na itibar etmesini \u00f6nemsiyoruz.<\/p>\n<p><img decoding=\"async\" src=\"https:\/\/bihavadis.com\/wp-content\/uploads\/2026\/03\/burhanettin-duran-turkiye-sorumlulugunu-yerine-getirecek-2-cDvINd1q.jpg\"\/> <\/p>\n<div> <span><strong>Kaynak:<\/strong> Ensonhaber Haber Merkezi<\/span> <\/div>\n","protected":false},"excerpt":{"rendered":"<p>\u0130ran ile ABD aras\u0131ndaki m\u00fczakere s\u00fcreci devam ederken, sabah saatlerinde \u0130srail ve ABD\u2019nin \u0130ran\u2019a y\u00f6nelik geni\u015f \u00e7apl\u0131 sald\u0131r\u0131lar ba\u015flatt\u0131\u011f\u0131 a\u00e7\u0131kland\u0131. Geli\u015fme, Orta Do\u011fu\u2019da tansiyonu bir anda y\u00fckseltti. &#8220;\u00d6NLEY\u0130C\u0130 SALDIRI&#8221; VE &#8220;B\u00dcY\u00dcK OPERASYON &#8230;<\/p>\n","protected":false},"author":1,"featured_media":74008,"comment_status":"open","ping_status":"open","sticky":false,"template":"","format":"standard","meta":{"footnotes":""},"categories":[9,13],"tags":[272,510,271,792],"class_list":["post-74007","post","type-post","status-publish","format-standard","has-post-thumbnail","hentry","category-genel","category-son-dakika","tag-abd","tag-bolge","tag-iran","tag-israil"],"_links":{"self":[{"href":"https:\/\/bihavadis.com\/index.php\/wp-json\/wp\/v2\/posts\/74007","targetHints":{"allow":["GET"]}}],"collection":[{"href":"https:\/\/bihavadis.com\/index.php\/wp-json\/wp\/v2\/posts"}],"about":[{"href":"https:\/\/bihavadis.com\/index.php\/wp-json\/wp\/v2\/types\/post"}],"author":[{"embeddable":true,"href":"https:\/\/bihavadis.com\/index.php\/wp-json\/wp\/v2\/users\/1"}],"replies":[{"embeddable":true,"href":"https:\/\/bihavadis.com\/index.php\/wp-json\/wp\/v2\/comments?post=74007"}],"version-history":[{"count":1,"href":"https:\/\/bihavadis.com\/index.php\/wp-json\/wp\/v2\/posts\/74007\/revisions"}],"predecessor-version":[{"id":74012,"href":"https:\/\/bihavadis.com\/index.php\/wp-json\/wp\/v2\/posts\/74007\/revisions\/74012"}],"wp:featuredmedia":[{"embeddable":true,"href":"https:\/\/bihavadis.com\/index.php\/wp-json\/wp\/v2\/media\/74008"}],"wp:attachment":[{"href":"https:\/\/bihavadis.com\/index.php\/wp-json\/wp\/v2\/media?parent=74007"}],"wp:term":[{"taxonomy":"category","embeddable":true,"href":"https:\/\/bihavadis.com\/index.php\/wp-json\/wp\/v2\/categories?post=74007"},{"taxonomy":"post_tag","embeddable":true,"href":"https:\/\/bihavadis.com\/index.php\/wp-json\/wp\/v2\/tags?post=74007"}],"curies":[{"name":"wp","href":"https:\/\/api.w.org\/{rel}","templated":true}]}}