{"id":74074,"date":"2026-04-01T08:45:08","date_gmt":"2026-04-01T08:45:08","guid":{"rendered":"https:\/\/bihavadis.com\/?p=74074"},"modified":"2026-04-01T08:45:08","modified_gmt":"2026-04-01T08:45:08","slug":"iran-disisleri-bakani-arakci-hamaney-ve-pezeskiyan-bildigim-kadariyla-hayatta","status":"publish","type":"post","link":"https:\/\/bihavadis.com\/index.php\/2026\/04\/01\/iran-disisleri-bakani-arakci-hamaney-ve-pezeskiyan-bildigim-kadariyla-hayatta\/","title":{"rendered":"\u0130ran D\u0131\u015fi\u015fleri Bakan\u0131 Arak\u00e7i: Hamaney ve Peze\u015fkiyan  bildi\u011fim kadar\u0131yla hayatta"},"content":{"rendered":"<p>Orta Do\u011fu yeni bir sava\u015fa uyand\u0131.\u00a0<\/p>\n<p>ABD ile \u0130ran aras\u0131nda n\u00fckleer anla\u015fmazl\u0131\u011f\u0131 konusunda m\u00fczakereler devam ederken bir anda silahlar \u00e7ekildi.\u00a0<\/p>\n<p>\u0130srail ve ABD koordinesinde \u0130ran&#8217;a y\u00f6nelik \u00f6nc\u00fc bir sald\u0131r\u0131 ba\u015flat\u0131ld\u0131.\u00a0<\/p>\n<p>Sald\u0131r\u0131larda \u0130ran&#8217;\u0131n \u00fcst d\u00fczey isimleri hedef al\u0131n\u0131rken \u0130ran da misilleme sald\u0131r\u0131s\u0131 ba\u015flatt\u0131.\u00a0<\/p>\n<p><strong>SAVA\u015e \u0130\u00c7\u0130N &#8216;GAYR\u0130ME\u015eRU&#8217; DED\u0130 <\/strong><\/p>\n<p>Geli\u015fmeler dikkatle takip edilirken \u0130ran D\u0131\u015fi\u015fleri Bakan\u0131 Abbas Arak\u00e7i,\u00a0ABD merkezli NBC News&#8217;e konu\u015ftu.\u00a0<\/p>\n<p>Arak\u00e7i, a\u00e7\u0131klamas\u0131nda ba\u015flat\u0131lan sava\u015f\u0131n gayrime\u015fru oldu\u011funu savundu.\u00a0<\/p>\n<p><img decoding=\"async\" src=\"https:\/\/bihavadis.com\/wp-content\/uploads\/2026\/04\/iran-disisleri-bakani-arakci-hamaney-ve-pezeskiyan-bildigim-kadariyla-hayatta-0-6LK5L32Q.jpg\"\/><\/p>\n<p><strong>&#8220;HAMANEY B\u0130LD\u0130\u011e\u0130M KADARIYLA HAYATTA&#8221;<\/strong><\/p>\n<p>\u0130srailli g\u00fcvenlik yetkilileri \u0130ran lideri Hamaney\u2019e d\u00fczenlenen suikast giri\u015fiminin ba\u015far\u0131l\u0131 oldu\u011fu savunurken Arak\u00e7i, bu iddialar hakk\u0131nda konu\u015ftu.\u00a0<\/p>\n<p>\u0130ranl\u0131 diplomat <em><b>&#8220;Hamaney ve Peze\u015fkiyan ise bildi\u011fim kadar\u0131yla hayatta.&#8221; <\/b><\/em>dedi.\u00a0<\/p>\n<p><img decoding=\"async\" src=\"https:\/\/bihavadis.com\/wp-content\/uploads\/2026\/04\/iran-disisleri-bakani-arakci-hamaney-ve-pezeskiyan-bildigim-kadariyla-hayatta-1-Lg1nfRI2.jpg\"\/><\/p>\n<p><strong>&#8220;OTURUP \u00d6YLECE \u0130ZLEYEMEY\u0130Z&#8221;<\/strong><\/p>\n<p>Yap\u0131lan m\u00fcdahaleye misliyle kar\u015f\u0131l\u0131k vereceklerini belirten Arak\u00e7i,<em><b> &#8220;Onlar\u0131n bize sald\u0131rmas\u0131n\u0131 \u00f6ylece oturup izleyemeyiz.&#8221;<\/b><\/em> ifadelerini kulland\u0131.\u00a0<\/p>\n<p>Arak\u00e7i ayr\u0131ca, Trump&#8217;\u0131n anketlerde d\u00fc\u015fen oy oranlar\u0131 nedeniyle b\u00f6yle bir karar alm\u0131\u015f olabilece\u011fi belirtti.\u00a0<\/p>\n<p><img decoding=\"async\" src=\"https:\/\/bihavadis.com\/wp-content\/uploads\/2026\/04\/iran-disisleri-bakani-arakci-hamaney-ve-pezeskiyan-bildigim-kadariyla-hayatta-2-743TCZip.jpg\"\/><\/p>\n<p><strong>&#8220;NEDEN\u0130N\u0130 ANLAYAMIYORUM&#8221;<\/strong><\/p>\n<p>ABD ile \u0130ran aras\u0131ndaki n\u00fckleer m\u00fczakerelerin \u00fc\u00e7\u00fcnc\u00fc turu, ge\u00e7ti\u011fimiz g\u00fcnlerde Cenevre&#8217;de yap\u0131lm\u0131\u015ft\u0131.\u00a0<\/p>\n<p>D\u00f6rd\u00fcnc\u00fc tur i\u00e7in Viyana i\u015faret edilirken askeri m\u00fcdahalenin gelmesi, Arak\u00e7i taraf\u0131ndan <em><b>&#8220;ABD y\u00f6netiminin m\u00fczakerelere ba\u015flay\u0131p, tam ortas\u0131nda kar\u015f\u0131 tarafa sald\u0131rmas\u0131n\u0131n nedenini anlam\u0131yorum.&#8221;<\/b><\/em> s\u00f6zleriyle yorumland\u0131.\u00a0<\/p>\n<div> <span><strong>Kaynak:<\/strong> Ensonhaber Haber Merkezi<\/span> <\/div>\n","protected":false},"excerpt":{"rendered":"<p>Orta Do\u011fu yeni bir sava\u015fa uyand\u0131.\u00a0 ABD ile \u0130ran aras\u0131nda n\u00fckleer anla\u015fmazl\u0131\u011f\u0131 konusunda m\u00fczakereler devam ederken bir anda silahlar \u00e7ekildi.\u00a0 \u0130srail ve ABD koordinesinde \u0130ran&#8217;a y\u00f6nelik \u00f6nc\u00fc bir sald\u0131r\u0131 ba\u015flat\u0131ld\u0131.\u00a0 Sald\u0131r\u0131larda \u0130ran&#8217;\u0131n \u00fcst d\u00fczey &#8230;<\/p>\n","protected":false},"author":1,"featured_media":74075,"comment_status":"open","ping_status":"open","sticky":false,"template":"","format":"standard","meta":{"footnotes":""},"categories":[6],"tags":[272,1545,271],"class_list":["post-74074","post","type-post","status-publish","format-standard","has-post-thumbnail","hentry","category-dunya","tag-abd","tag-arakci","tag-iran"],"_links":{"self":[{"href":"https:\/\/bihavadis.com\/index.php\/wp-json\/wp\/v2\/posts\/74074","targetHints":{"allow":["GET"]}}],"collection":[{"href":"https:\/\/bihavadis.com\/index.php\/wp-json\/wp\/v2\/posts"}],"about":[{"href":"https:\/\/bihavadis.com\/index.php\/wp-json\/wp\/v2\/types\/post"}],"author":[{"embeddable":true,"href":"https:\/\/bihavadis.com\/index.php\/wp-json\/wp\/v2\/users\/1"}],"replies":[{"embeddable":true,"href":"https:\/\/bihavadis.com\/index.php\/wp-json\/wp\/v2\/comments?post=74074"}],"version-history":[{"count":1,"href":"https:\/\/bihavadis.com\/index.php\/wp-json\/wp\/v2\/posts\/74074\/revisions"}],"predecessor-version":[{"id":74079,"href":"https:\/\/bihavadis.com\/index.php\/wp-json\/wp\/v2\/posts\/74074\/revisions\/74079"}],"wp:featuredmedia":[{"embeddable":true,"href":"https:\/\/bihavadis.com\/index.php\/wp-json\/wp\/v2\/media\/74075"}],"wp:attachment":[{"href":"https:\/\/bihavadis.com\/index.php\/wp-json\/wp\/v2\/media?parent=74074"}],"wp:term":[{"taxonomy":"category","embeddable":true,"href":"https:\/\/bihavadis.com\/index.php\/wp-json\/wp\/v2\/categories?post=74074"},{"taxonomy":"post_tag","embeddable":true,"href":"https:\/\/bihavadis.com\/index.php\/wp-json\/wp\/v2\/tags?post=74074"}],"curies":[{"name":"wp","href":"https:\/\/api.w.org\/{rel}","templated":true}]}}