{"id":74101,"date":"2026-04-01T09:06:10","date_gmt":"2026-04-01T09:06:10","guid":{"rendered":"https:\/\/bihavadis.com\/?p=74101"},"modified":"2026-04-01T09:06:10","modified_gmt":"2026-04-01T09:06:10","slug":"orta-dogu-hava-sahasi-kapandi-ucuslar-durdu","status":"publish","type":"post","link":"https:\/\/bihavadis.com\/index.php\/2026\/04\/01\/orta-dogu-hava-sahasi-kapandi-ucuslar-durdu\/","title":{"rendered":"Orta Do\u011fu hava sahas\u0131 kapand\u0131: U\u00e7u\u015flar durdu"},"content":{"rendered":"<p>\u0130srail\u2019in \u0130ran\u2019a operasyonunun ard\u0131ndan Orta Do\u011fu\u2019nun bir\u00e7ok \u00fclkesinde hava sahas\u0131 kapat\u0131ld\u0131, uluslararas\u0131 u\u00e7u\u015flar iptal edildi veya alternatif rotalara y\u00f6nlendirildi.<\/p>\n<p>K\u00fcresel u\u00e7u\u015f haritalar\u0131, \u0130ran, Irak, Suriye ve \u0130srail hatt\u0131nda trafi\u011fin neredeyse durdu\u011funu g\u00f6sterirken, Avrupa ve Akdeniz\u2019de yo\u011fun hava trafi\u011fi devam ediyor<\/p>\n<p>Buna kar\u015f\u0131l\u0131k Avrupa ve Akdeniz hatt\u0131nda yo\u011fun hava trafi\u011fi devam ediyor.<\/p>\n<p><strong>K\u00dcRESEL HAVACILIK ETK\u0130LEND\u0130<\/strong><\/p>\n<p>Orta Do\u011fu\u2019nun uluslararas\u0131 u\u00e7u\u015flar a\u00e7\u0131s\u0131ndan kritik bir ge\u00e7i\u015f koridoru olmas\u0131 nedeniyle ya\u015fanan geli\u015fmeler, sadece b\u00f6lgesel de\u011fil, k\u00fcresel havac\u0131l\u0131\u011f\u0131 da do\u011frudan etkiliyor.<\/p>\n<p><img decoding=\"async\" src=\"https:\/\/bihavadis.com\/wp-content\/uploads\/2026\/04\/orta-dogu-hava-sahasi-kapandi-ucuslar-durdu-0-3hREcQk1.jpg\"\/><\/p>\n<p><strong>HAVA SAHALARI TEKER TEKER KAPANDI<\/strong><\/p>\n<p>Sald\u0131r\u0131lar\u0131n ard\u0131ndan \u0130ran ve Irak, ilk hava sahas\u0131 kapatma karar\u0131n\u0131 al\u0131rken, k\u0131sa s\u00fcre i\u00e7inde Katar, Birle\u015fik Arap Emirlikleri ve \u0130srail de benzer ad\u0131mlar att\u0131.<\/p>\n<p>Bu geli\u015fmeler, b\u00f6lgedeki sivil havac\u0131l\u0131k operasyonlar\u0131n\u0131 ciddi \u015fekilde sekteye u\u011fratt\u0131.<\/p>\n<p><img decoding=\"async\" src=\"https:\/\/bihavadis.com\/wp-content\/uploads\/2026\/04\/orta-dogu-hava-sahasi-kapandi-ucuslar-durdu-1-UNIArFRh.jpg\"\/><\/p>\n<p><strong>HAVAYOLLARINDAN PE\u015e PE\u015eE \u0130PTALLER<\/strong><\/p>\n<p>Uluslararas\u0131 u\u00e7u\u015flar ya tamamen iptal edildi ya da alternatif rotalara y\u00f6nlendirildi. \u00d6zellikle Avrupa-Asya hatt\u0131nda kullan\u0131lan en k\u0131sa g\u00fczergahlar\u0131n kapanmas\u0131, u\u00e7u\u015f s\u00fcrelerinin uzamas\u0131na ve maliyetlerin artmas\u0131na yol a\u00e7t\u0131.<\/p>\n<p><img decoding=\"async\" src=\"https:\/\/bihavadis.com\/wp-content\/uploads\/2026\/04\/orta-dogu-hava-sahasi-kapandi-ucuslar-durdu-2-SFRtAztv.jpg\"\/><\/p>\n<p><strong>T\u00dcRK\u0130YE&#8217;N\u0130N U\u00c7U\u015e \u0130PTAL KARARLARI<\/strong><\/p>\n<p>Ula\u015ft\u0131rma ve Altyap\u0131 Bakan\u0131 Uralo\u011flu, b\u00f6lgedeki geli\u015fmeler nedeniyle \u0130ran, Irak, Suriye, L\u00fcbnan ve \u00dcrd\u00fcn&#8217;e olan b\u00fct\u00fcn u\u00e7u\u015flar\u0131n 2 Mart&#8217;a kadar iptal edildi\u011fini a\u00e7\u0131klad\u0131.<\/p>\n<p>Ya\u015fanan g\u00fcvenlik riskleri sonras\u0131 T\u00fcrk Hava Yollar\u0131 (THY), Orta Do\u011fu\u2019daki bir\u00e7ok destinasyona u\u00e7u\u015flar\u0131n\u0131 iptal etti\u011fini a\u00e7\u0131klad\u0131.<\/p>\n<p>Benzer \u015fekilde Pegasus, AnadoluJet ve bir\u00e7ok uluslararas\u0131 havayolu \u015firketi de b\u00f6lgeye y\u00f6nelik u\u00e7u\u015flar\u0131n\u0131 ask\u0131ya ald\u0131.<\/p>\n<p><img decoding=\"async\" src=\"https:\/\/bihavadis.com\/wp-content\/uploads\/2026\/04\/orta-dogu-hava-sahasi-kapandi-ucuslar-durdu-3-DAJawOXl.jpg\"\/><\/p>\n<p><strong>AVRUPA MERKEZL\u0130 HAVAYOLLARI<\/strong><\/p>\n<p>Avrupa merkezli havayollar\u0131 da rotalar\u0131n\u0131 de\u011fi\u015ftirme veya u\u00e7u\u015flar\u0131 tamamen iptal etme yoluna giderken, baz\u0131 u\u00e7aklar\u0131n havada y\u00f6n de\u011fi\u015ftirerek geri d\u00f6nd\u00fc\u011f\u00fc bildirildi.<\/p>\n<p>A\u00e7\u0131klamaya g\u00f6re; \u0130ran, Irak, Suriye, L\u00fcbnan ve \u00dcrd\u00fcn u\u00e7u\u015flar\u0131 2 Mart\u2019a kadar durduruldu.<\/p>\n<p>ABD ve \u0130srail&#8217;in, \u0130ran&#8217;a y\u00f6nelik d\u00fczenledi\u011fi sald\u0131r\u0131lar\u0131n ard\u0131ndan L\u00fcbnan Sivil Havac\u0131l\u0131k Kurumu\u2019nun hava sahas\u0131n\u0131 kapatma karar\u0131 \u00fczerine, ba\u015fkent Beyrut&#8217;taki Refik Hariri Uluslararas\u0131 Havaliman\u0131\u2019ndaki yolcular terminalde bekleyi\u015fe ge\u00e7ti. Yolcular\u0131n baz\u0131lar\u0131, uzun s\u00fcreli\u00a0u\u00e7u\u015f\u00a0iptalleri nedeniyle terminalde mahsur kald\u0131.<\/p>\n<p>Katar, Kuveyt, Bahreyn, Birle\u015fik Arap Emirlikleri ve Umman seferleri ise 28 \u015eubat g\u00fcn\u00fc i\u00e7in iptal edildi.<\/p>\n<p><img decoding=\"async\" src=\"https:\/\/bihavadis.com\/wp-content\/uploads\/2026\/04\/orta-dogu-hava-sahasi-kapandi-ucuslar-durdu-4-KF4Fbe6L.jpg\"\/><\/p>\n<p><strong>A) HAVA SAHASI KAPALILI\u011eI OLAN \u00dcLKELER:<\/strong><\/p>\n<p>1-\u0130ran,<\/p>\n<p>2-Irak,<\/p>\n<p>3-\u0130srail,<\/p>\n<p>4-Suriye,<\/p>\n<p>5-Bahreyn,<\/p>\n<p>6-Kuveyt<\/p>\n<p>7-Katar,<\/p>\n<p>8-Afganistan\u00a0<\/p>\n<p>9-Birle\u015fik Arap Emirlikleri, Emirates FIR, hava Yol D\u00fczenlemesi<\/p>\n<p><img decoding=\"async\" src=\"https:\/\/bihavadis.com\/wp-content\/uploads\/2026\/04\/orta-dogu-hava-sahasi-kapandi-ucuslar-durdu-5-dORds6yF.jpg\"\/><\/p>\n<p><strong>B) AYRICA HAVAL\u0130MANI KAPALILIK NOTAMLARI:<\/strong><\/p>\n<p>1-\u0130srail Tel Aviv-Ben gurion havaliman\u0131 k\u0131s\u0131tl\u0131<\/p>\n<p>2-\u0130srail Hayfa, Ramon, Rosh Pina ve Herzliya havalimanlari kapal\u0131<\/p>\n<p>3-Suriye \u015eam ve Halep havalimanlar\u0131<\/p>\n<p><img decoding=\"async\" src=\"https:\/\/bihavadis.com\/wp-content\/uploads\/2026\/04\/orta-dogu-hava-sahasi-kapandi-ucuslar-durdu-6-relyaO2H.jpg\"\/><\/p>\n<p><strong>BO\u015eALAN HAVA KOR\u0130DORU<\/strong><\/p>\n<p>U\u00e7u\u015f takip sistemlerinden al\u0131nan anl\u0131k haritalar, krizin etkisini net bi\u00e7imde ortaya koydu. Payla\u015f\u0131lan g\u00f6r\u00fcnt\u00fclerde; Avrupa hava sahas\u0131nda yo\u011fun trafik devam ederken, \u0130ran, Irak, Suriye ve \u0130srail hatt\u0131nda neredeyse hi\u00e7 u\u00e7u\u015f olmad\u0131\u011f\u0131, K\u00f6rfez b\u00f6lgesinde ise u\u00e7u\u015flar\u0131n s\u0131n\u0131rl\u0131 ve da\u011f\u0131n\u0131k \u015fekilde s\u00fcrd\u00fc\u011f\u00fc g\u00f6zlemlendi.<\/p>\n<p><img decoding=\"async\" src=\"https:\/\/bihavadis.com\/wp-content\/uploads\/2026\/04\/orta-dogu-hava-sahasi-kapandi-ucuslar-durdu-7-dLsnxm2u.jpg\"\/><\/p>\n<p><strong>ABD VE \u0130SRA\u0130L&#8217;\u0130N \u0130RAN&#8217;A SALDIRILARI<\/strong><\/p>\n<p>\u0130ran ile ABD aras\u0131ndaki m\u00fczakere s\u00fcreci devam ederken, \u0130srail ve ABD sabah saatlerinde \u0130ran&#8217;a ortak sald\u0131r\u0131 ba\u015flatt\u0131.<\/p>\n<p>Sald\u0131r\u0131lar kapsam\u0131nda ba\u015fkent Tahran, \u0130sfahan, Kerec, Kum, Tebriz, \u015eiraz, Bu\u015fehr, Kirman\u015fah ve \u0130lam kentleri hedef al\u0131nd\u0131.<\/p>\n<p>\u0130srail ve \u0130ran, hava sahas\u0131n\u0131 kapat\u0131rken \u0130srail genelinde ola\u011fan\u00fcst\u00fc hal ilan edildi, sirenler \u00e7ald\u0131. \u0130ran&#8217;\u0131n kar\u015f\u0131 sald\u0131r\u0131lar\u0131 \u00f6ncesinde \u0130srail halk\u0131n\u0131 s\u0131\u011f\u0131naklara y\u00f6nlendiren uyar\u0131lar yap\u0131ld\u0131.<\/p>\n<p>\u0130ran ordusu, ABD ile \u0130srail&#8217;in sald\u0131r\u0131lar\u0131na kar\u015f\u0131l\u0131k \u0130srail&#8217;e onlarca balistik f\u00fcze ve insans\u0131z hava ara\u00e7lar\u0131yla kar\u015f\u0131 sald\u0131r\u0131lar ba\u015flatt\u0131\u011f\u0131n\u0131 duyurdu.<\/p>\n<p>\u0130ran, f\u00fcze sald\u0131r\u0131lar\u0131yla Bahreyn, Birle\u015fik Arap Emirlikleri, Kuveyt, Katar ve \u00dcrd\u00fcn gibi \u00fclkelerde e\u015f zamanl\u0131 ABD \u00fcslerini hedef al\u0131rken Bahreyn&#8217;deki ABD donanma \u00fcss\u00fc vuruldu.<\/p>\n<div> <span><strong>Kaynak:<\/strong> Ensonhaber Haber Merkezi<\/span> <\/div>\n","protected":false},"excerpt":{"rendered":"<p>\u0130srail\u2019in \u0130ran\u2019a operasyonunun ard\u0131ndan Orta Do\u011fu\u2019nun bir\u00e7ok \u00fclkesinde hava sahas\u0131 kapat\u0131ld\u0131, uluslararas\u0131 u\u00e7u\u015flar iptal edildi veya alternatif rotalara y\u00f6nlendirildi. K\u00fcresel u\u00e7u\u015f haritalar\u0131, \u0130ran, Irak, Suriye ve \u0130srail hatt\u0131nda trafi\u011fin neredeyse &#8230;<\/p>\n","protected":false},"author":1,"featured_media":74102,"comment_status":"open","ping_status":"open","sticky":false,"template":"","format":"standard","meta":{"footnotes":""},"categories":[6],"tags":[459,3567,271,792,2589],"class_list":["post-74101","post","type-post","status-publish","format-standard","has-post-thumbnail","hentry","category-dunya","tag-hava","tag-iptal","tag-iran","tag-israil","tag-ucuslar"],"_links":{"self":[{"href":"https:\/\/bihavadis.com\/index.php\/wp-json\/wp\/v2\/posts\/74101","targetHints":{"allow":["GET"]}}],"collection":[{"href":"https:\/\/bihavadis.com\/index.php\/wp-json\/wp\/v2\/posts"}],"about":[{"href":"https:\/\/bihavadis.com\/index.php\/wp-json\/wp\/v2\/types\/post"}],"author":[{"embeddable":true,"href":"https:\/\/bihavadis.com\/index.php\/wp-json\/wp\/v2\/users\/1"}],"replies":[{"embeddable":true,"href":"https:\/\/bihavadis.com\/index.php\/wp-json\/wp\/v2\/comments?post=74101"}],"version-history":[{"count":1,"href":"https:\/\/bihavadis.com\/index.php\/wp-json\/wp\/v2\/posts\/74101\/revisions"}],"predecessor-version":[{"id":74111,"href":"https:\/\/bihavadis.com\/index.php\/wp-json\/wp\/v2\/posts\/74101\/revisions\/74111"}],"wp:featuredmedia":[{"embeddable":true,"href":"https:\/\/bihavadis.com\/index.php\/wp-json\/wp\/v2\/media\/74102"}],"wp:attachment":[{"href":"https:\/\/bihavadis.com\/index.php\/wp-json\/wp\/v2\/media?parent=74101"}],"wp:term":[{"taxonomy":"category","embeddable":true,"href":"https:\/\/bihavadis.com\/index.php\/wp-json\/wp\/v2\/categories?post=74101"},{"taxonomy":"post_tag","embeddable":true,"href":"https:\/\/bihavadis.com\/index.php\/wp-json\/wp\/v2\/tags?post=74101"}],"curies":[{"name":"wp","href":"https:\/\/api.w.org\/{rel}","templated":true}]}}