{"id":74172,"date":"2026-04-05T04:15:06","date_gmt":"2026-04-05T04:15:06","guid":{"rendered":"https:\/\/bihavadis.com\/?p=74172"},"modified":"2026-04-05T04:15:06","modified_gmt":"2026-04-05T04:15:06","slug":"keciorende-istifalar-baskan-vekili-ve-yardimcisi-gorevden-ayrildi","status":"publish","type":"post","link":"https:\/\/bihavadis.com\/index.php\/2026\/04\/05\/keciorende-istifalar-baskan-vekili-ve-yardimcisi-gorevden-ayrildi\/","title":{"rendered":"Ke\u00e7i\u00f6ren&#8217;de \u0130stifalar: Ba\u015fkan Vekili ve Yard\u0131mc\u0131s\u0131 G\u00f6revden Ayr\u0131ld\u0131"},"content":{"rendered":"<p>\n<p>KE\u00c7\u0130\u00d6REN BELED\u0130YE BA\u015eKAN VEK\u0130L\u0130 TURGUT VE BELED\u0130YE BA\u015eKAN YARDIMCISI TUN\u00c7 \u0130ST\u0130FA ETT\u0130<\/p>\n<p>Ke\u00e7i\u00f6ren Belediye Ba\u015fkan\u0131 Mesut \u00d6zarslan&#8217;\u0131n CHP&#8217;den istifa etmesinin ard\u0131ndan, Ba\u015fkan Vekili Tolga Turgut ve Ba\u015fkan Yard\u0131mc\u0131s\u0131 Emir Can Tun\u00e7, g\u00f6revlerinden ayr\u0131ld\u0131klar\u0131n\u0131 duyurdu. Tolga Turgut, sanal medya \u00fczerinden yapt\u0131\u011f\u0131 a\u00e7\u0131klamada, &#8220;K\u0131ymetli Hem\u015fehrilerim, de\u011ferli Ke\u00e7i\u00f6renliler ve baba oca\u011f\u0131m, ailem Cumhuriyet Halk Partililer; \u00e7ocuklu\u011fumda kap\u0131s\u0131ndan girdi\u011fim, farkl\u0131 g\u00f6revler ald\u0131\u011f\u0131m, 20 y\u0131ld\u0131r onurla Gen\u00e7lik Kollar\u0131 \u0130l Ba\u015fkanl\u0131\u011f\u0131ndan ana kademesine kadar g\u00f6rev yapt\u0131\u011f\u0131m Cumhuriyet Halk Partisi benim ve ben gibi d\u00fc\u015f\u00fcnenler i\u00e7in sadece bir siyasi parti de\u011fil; bir inan\u00e7, bir m\u00fccadele ve bir hayat yolculu\u011fudur. \u00d6rg\u00fct\u00fcm\u00fcz\u00fcn bizlere verdi\u011fi g\u00f6revle gece-g\u00fcnd\u00fcz demeden, destekleyen kimseyi utand\u0131rmadan, bizleri bu g\u00f6revlere getirenlerin y\u00fcz\u00fcn\u00fc bir g\u00fcn olsun yere e\u011fmeden g\u00f6revimizi yapman\u0131n onurunu ya\u015farken bug\u00fcn geldi\u011fimiz nokta da ortadad\u0131r. Bizler bug\u00fcn geldi\u011fimiz noktada m\u00fccadelemizin gereklili\u011fini yerine getirecek, \u015fahsi makamlar\u0131n yan\u0131nda de\u011fil, ba\u015f\u0131m\u0131z dik bir \u015fekilde halk\u0131m\u0131z\u0131n, \u00f6rg\u00fct\u00fcm\u00fcz\u00fcn, vicdan\u0131n\u0131n yan\u0131nda olaca\u011f\u0131z. Bu nedenle Ke\u00e7i\u00f6ren Belediyesi Ba\u015fkan Yard\u0131mc\u0131l\u0131\u011f\u0131 ve Ba\u015fkan Vekilli\u011fi g\u00f6revlerimden istifa ediyorum. Bizler i\u00e7in as\u0131l olan makamlar de\u011fil; Cumhuriyet Halk Partisidir&#8221; ifadelerini kulland\u0131. <\/p>\n<p>TUN\u00c7: VATANDA\u015eLARIMIZA SIRT \u00c7EV\u0130RMEM M\u00dcMK\u00dcN DE\u011e\u0130LD\u0130R<\/p>\n<p>Ke\u00e7i\u00f6ren Belediye Ba\u015fkan Yard\u0131mc\u0131l\u0131\u011f\u0131 g\u00f6revinden istifa eden Emir Can Tun\u00e7 ise sosyal medya hesab\u0131ndan yapt\u0131\u011f\u0131 a\u00e7\u0131klamada \u015fu ifadeleri kulland\u0131: <\/p>\n<p>&#8220;Cumhuriyet Halk Partisi&#8217;ne ve onun savundu\u011fu de\u011ferlere olan inanc\u0131mla \u00e7\u0131kt\u0131\u011f\u0131m bu yolda, sizlerin deste\u011fiyle bug\u00fcne kadar geldim. Gazi Mustafa Kemal Atat\u00fcrk&#8217;\u00fcn ilke ve ink\u0131laplar\u0131n\u0131 kendime rehber edindim ve bu makamda sizlerin iradesiyle hizmet ettim. Bug\u00fcn geldi\u011fimiz noktada, siyasi konjonkt\u00fcrde meydana gelen de\u011fi\u015fiklikler neticesinde benim i\u00e7in bu g\u00f6revi s\u00fcrd\u00fcrmem m\u00fcmk\u00fcn de\u011fildir. Siyaset benim i\u00e7in koltuk meselesi de\u011fil, inand\u0131\u011f\u0131m de\u011ferlerle ayakta durabilme meselesidir. Ke\u00e7i\u00f6ren&#8217;de Cumhuriyet Halk Partisi&#8217;ne g\u00f6n\u00fcl veren, de\u011fi\u015fim isteyen ve Cumhuriyet de\u011ferlerini savunan siz k\u0131ymetli vatanda\u015flar\u0131m\u0131za s\u0131rt \u00e7evirmem m\u00fcmk\u00fcn de\u011fildir. G\u00f6revde kalmaya devam etmem, sizlere kar\u015f\u0131 bir vefas\u0131zl\u0131k olurdu. Bu sebeple, tamamen kendi irademle, vicdan\u0131m\u0131n ve siyasi ahlak\u0131m\u0131n gere\u011fi olarak Belediye Ba\u015fkan Yard\u0131mc\u0131l\u0131\u011f\u0131 g\u00f6revimden istifa ediyorum. Bilmenizi isterim ki, ba\u011fl\u0131l\u0131\u011f\u0131m makamlara de\u011fil Cumhuriyet&#8217;e; g\u00fcc\u00fcm ise unvanlardan de\u011fil, halk\u0131n g\u00fcveninden gelir. G\u00f6revimden ayr\u0131lmakla birlikte, Cumhuriyet Halk Partisi&#8217;nde, Atat\u00fcrk&#8217;\u00fcn izinde ve halk\u0131n yan\u0131nda durmaya devam edece\u011fim. Bana g\u00fcvenen, destek veren t\u00fcm Ke\u00e7i\u00f6renlilere minnettar\u0131m. Ba\u015f\u0131m dik, aln\u0131m a\u00e7\u0131k.&#8221; <\/p>\n","protected":false},"excerpt":{"rendered":"<p>Ke\u00e7i\u00f6ren Belediye Ba\u015fkan Vekili Tolga Turgut ve Ba\u015fkan Yard\u0131mc\u0131s\u0131 Emir Can Tun\u00e7, istifa etti.<\/p>\n","protected":false},"author":1,"featured_media":74173,"comment_status":"open","ping_status":"open","sticky":false,"template":"","format":"standard","meta":{"footnotes":""},"categories":[12],"tags":[516,3469,1159,1712,4614],"class_list":["post-74172","post","type-post","status-publish","format-standard","has-post-thumbnail","hentry","category-siyaset","tag-baskan","tag-belediye-baskan","tag-gorev","tag-istifa","tag-kecioren"],"_links":{"self":[{"href":"https:\/\/bihavadis.com\/index.php\/wp-json\/wp\/v2\/posts\/74172","targetHints":{"allow":["GET"]}}],"collection":[{"href":"https:\/\/bihavadis.com\/index.php\/wp-json\/wp\/v2\/posts"}],"about":[{"href":"https:\/\/bihavadis.com\/index.php\/wp-json\/wp\/v2\/types\/post"}],"author":[{"embeddable":true,"href":"https:\/\/bihavadis.com\/index.php\/wp-json\/wp\/v2\/users\/1"}],"replies":[{"embeddable":true,"href":"https:\/\/bihavadis.com\/index.php\/wp-json\/wp\/v2\/comments?post=74172"}],"version-history":[{"count":1,"href":"https:\/\/bihavadis.com\/index.php\/wp-json\/wp\/v2\/posts\/74172\/revisions"}],"predecessor-version":[{"id":74174,"href":"https:\/\/bihavadis.com\/index.php\/wp-json\/wp\/v2\/posts\/74172\/revisions\/74174"}],"wp:featuredmedia":[{"embeddable":true,"href":"https:\/\/bihavadis.com\/index.php\/wp-json\/wp\/v2\/media\/74173"}],"wp:attachment":[{"href":"https:\/\/bihavadis.com\/index.php\/wp-json\/wp\/v2\/media?parent=74172"}],"wp:term":[{"taxonomy":"category","embeddable":true,"href":"https:\/\/bihavadis.com\/index.php\/wp-json\/wp\/v2\/categories?post=74172"},{"taxonomy":"post_tag","embeddable":true,"href":"https:\/\/bihavadis.com\/index.php\/wp-json\/wp\/v2\/tags?post=74172"}],"curies":[{"name":"wp","href":"https:\/\/api.w.org\/{rel}","templated":true}]}}