{"id":74208,"date":"2026-04-05T04:45:07","date_gmt":"2026-04-05T04:45:07","guid":{"rendered":"https:\/\/bihavadis.com\/?p=74208"},"modified":"2026-04-05T04:45:07","modified_gmt":"2026-04-05T04:45:07","slug":"murat-kaytaz-galatasaray-macina-haziriz","status":"publish","type":"post","link":"https:\/\/bihavadis.com\/index.php\/2026\/04\/05\/murat-kaytaz-galatasaray-macina-haziriz\/","title":{"rendered":"Murat Kaytaz: Galatasaray ma\u00e7\u0131na haz\u0131r\u0131z"},"content":{"rendered":"<p>S\u00fcper Lig&#8217;in 24. haftas\u0131nda Be\u015fikta\u015f, Kocaelispor&#8217;u deplasmanda 1-0 ma\u011flup etti.<\/p>\n<p>Be\u015fikta\u015f&#8217;ta sar\u0131 kart cezal\u0131s\u0131 Teknik Direkt\u00f6r Sergen Yal\u00e7\u0131n, Kocaelispor ma\u00e7\u0131nda kul\u00fcbede yer almad\u0131.<\/p>\n<p>G\u00f6ztepe ma\u00e7\u0131nda bu sezon ligdeki 4. sar\u0131 kart\u0131n\u0131 g\u00f6ren 53 ya\u015f\u0131ndaki teknik adam, bu ma\u00e7\u0131 trib\u00fcnden takip etti.<\/p>\n<p>Sergen Yal\u00e7\u0131n&#8217;\u0131n yoklu\u011funda Yard\u0131mc\u0131 Antren\u00f6r Murat Kaytaz tak\u0131m\u0131n ba\u015f\u0131nda yer ald\u0131.<\/p>\n<p>Murat Kaytaz, m\u00fccadelenin ard\u0131ndan a\u00e7\u0131klamalarda bulundu.<\/p>\n<p><strong>&#8220;\u00c7OK DAHA \u0130Y\u0130 OYNAMAYA BA\u015eLADIK&#8221;<\/strong><\/p>\n<p>M\u00fccadeleyi de\u011ferlendiren Murat Kaytaz, <em><b>&#8220;Ma\u00e7 \u00f6ncesi s\u00f6ylemi\u015ftim, uzun bir yenilmezlik s\u00fcremiz var ama bize yak\u0131\u015fmayan beraberlikler vard\u0131. \u0130\u00e7erde ma\u00e7a \u00e7\u0131kmadan &#8216;B\u00fcy\u00fck tak\u0131m\u0131z ve kazanma al\u0131\u015fkanl\u0131\u011f\u0131 edinmemiz laz\u0131m&#8217; demi\u015ftim. Sergen Hoca her zaman daha fazla ko\u015fma ve m\u00fccadele istiyor. Aksine izin vermez. Yeni transferlerin katt\u0131\u011f\u0131 dinamizm ile \u00e7ok daha iyi oynamaya ba\u015flad\u0131k.&#8221; <\/b><\/em>dedi.<\/p>\n<p><img decoding=\"async\" src=\"https:\/\/bihavadis.com\/wp-content\/uploads\/2026\/04\/murat-kaytaz-galatasaray-macina-haziriz-0-ccTlgKfq.jpg\"\/><\/p>\n<p><strong>&#8220;TAKIM SAVUNMASINDA \u00c7OK \u0130Y\u0130Y\u0130Z&#8221;<\/strong><\/p>\n<p>Kar\u015f\u0131la\u015fmay\u0131 de\u011ferlendirmeye devam eden Kaytaz, <em><b>&#8220;Tak\u0131m savunmas\u0131nda \u00e7ok iyiyiz. \u0130kinci b\u00f6lge savunmas\u0131nda biz gelmeden \u00e7ok \u015fiddetli bask\u0131 g\u00f6rd\u00fck ve bu s\u00fcrd\u00fcrebilir de\u011fil. Sonras\u0131nda tak\u0131m s\u0131k\u0131nt\u0131 ya\u015f\u0131yordu. \u00dcretkenlik anlam\u0131nda \u00fc\u00e7\u00fcnc\u00fc b\u00f6lgede hareketsiz kald\u0131. Orkun K\u00f6k\u00e7\u00fc&#8217;n\u00fcn olmamas\u0131n\u0131 hissettik. Daha co\u015fkulu ve daha iyi oynayaca\u011f\u0131z. \u00d6zellikle i\u00e7 saha ma\u00e7lar\u0131nda daha co\u015fkulu ve daha iyi oynuyoruz. Burada zor bir atmosfer var, kazand\u0131\u011f\u0131m\u0131z i\u00e7in \u00e7ok mutluyuz.&#8221;<\/b><\/em> ifadelerini kulland\u0131.<\/p>\n<p><strong>&#8220;GALATASARAY VE R\u0130ZE MA\u00c7I HAZIRLIKLARIMIZ TAMAM&#8221;<\/strong><\/p>\n<p>\u00d6nlerindeki ma\u00e7lar ile ilgili konu\u015fan \u00e7al\u0131\u015ft\u0131r\u0131c\u0131, <em><b>&#8220;Galatasaray ve Rizespor ma\u00e7\u0131 haz\u0131rl\u0131klar\u0131m\u0131z tamam. Bir hafta \u00f6nceden gidiyoruz. Duran top i\u015fine \u00e7ok kafa yoruyoruz. Rakibin dizili\u015flerindeki sorunlar\u0131 ar\u0131yoruz. Her ma\u00e7 iki tane farkl\u0131 opsiyonumuz var. \u00c7\u00fcnk\u00fc rakipler de bizi izliyor. Rakibin arka alan\u0131nda bo\u015fluklar\u0131 biliyorduk, Agbadou ile golden sonra da bunun i\u015faretini yapt\u0131k.&#8221; <\/b><\/em>a\u00e7\u0131klamas\u0131nda bulundu.<\/p>\n<p><strong>&#8220;BURASI BE\u015e\u0130KTA\u015e!&#8221;<\/strong><\/p>\n<p>Son olarak Be\u015fikta\u015f taraftar\u0131na mesaj g\u00f6nderen Kaytaz,<em><b>  &#8220;Be\u015fikta\u015f taraftarlar\u0131 rahat olsun, her \u015feye \u00e7al\u0131\u015fan, her detay\u0131 d\u00fc\u015f\u00fcnen teknik heyeti var. Berabere kald\u0131ktan sonra \u00fcz\u00fcl\u00fcyoruz ve nerede yanl\u0131\u015f yapt\u0131\u011f\u0131m\u0131z\u0131 hemen analiz ediyoruz. Buras\u0131 Be\u015fikta\u015f camias\u0131! Be\u015fikta\u015f kazanmaya oynar!&#8221; <\/b><\/em>dedi.<\/p>\n<div> <span><strong>Kaynak:<\/strong> Ensonhaber Haber Merkezi<\/span> <\/div>\n","protected":false},"excerpt":{"rendered":"<p>S\u00fcper Lig&#8217;in 24. haftas\u0131nda Be\u015fikta\u015f, Kocaelispor&#8217;u deplasmanda 1-0 ma\u011flup etti. Be\u015fikta\u015f&#8217;ta sar\u0131 kart cezal\u0131s\u0131 Teknik Direkt\u00f6r Sergen Yal\u00e7\u0131n, Kocaelispor ma\u00e7\u0131nda kul\u00fcbede yer almad\u0131. G\u00f6ztepe ma\u00e7\u0131nda bu sezon ligdeki 4. sar\u0131 kart\u0131n\u0131 g\u00f6ren 53 &#8230;<\/p>\n","protected":false},"author":1,"featured_media":74209,"comment_status":"open","ping_status":"open","sticky":false,"template":"","format":"standard","meta":{"footnotes":""},"categories":[14],"tags":[651,8053,364,366],"class_list":["post-74208","post","type-post","status-publish","format-standard","has-post-thumbnail","hentry","category-spor","tag-besiktas","tag-kaytaz","tag-mac","tag-takim"],"_links":{"self":[{"href":"https:\/\/bihavadis.com\/index.php\/wp-json\/wp\/v2\/posts\/74208","targetHints":{"allow":["GET"]}}],"collection":[{"href":"https:\/\/bihavadis.com\/index.php\/wp-json\/wp\/v2\/posts"}],"about":[{"href":"https:\/\/bihavadis.com\/index.php\/wp-json\/wp\/v2\/types\/post"}],"author":[{"embeddable":true,"href":"https:\/\/bihavadis.com\/index.php\/wp-json\/wp\/v2\/users\/1"}],"replies":[{"embeddable":true,"href":"https:\/\/bihavadis.com\/index.php\/wp-json\/wp\/v2\/comments?post=74208"}],"version-history":[{"count":1,"href":"https:\/\/bihavadis.com\/index.php\/wp-json\/wp\/v2\/posts\/74208\/revisions"}],"predecessor-version":[{"id":74211,"href":"https:\/\/bihavadis.com\/index.php\/wp-json\/wp\/v2\/posts\/74208\/revisions\/74211"}],"wp:featuredmedia":[{"embeddable":true,"href":"https:\/\/bihavadis.com\/index.php\/wp-json\/wp\/v2\/media\/74209"}],"wp:attachment":[{"href":"https:\/\/bihavadis.com\/index.php\/wp-json\/wp\/v2\/media?parent=74208"}],"wp:term":[{"taxonomy":"category","embeddable":true,"href":"https:\/\/bihavadis.com\/index.php\/wp-json\/wp\/v2\/categories?post=74208"},{"taxonomy":"post_tag","embeddable":true,"href":"https:\/\/bihavadis.com\/index.php\/wp-json\/wp\/v2\/tags?post=74208"}],"curies":[{"name":"wp","href":"https:\/\/api.w.org\/{rel}","templated":true}]}}