{"id":74212,"date":"2026-04-05T04:48:07","date_gmt":"2026-04-05T04:48:07","guid":{"rendered":"https:\/\/bihavadis.com\/?p=74212"},"modified":"2026-04-05T04:48:07","modified_gmt":"2026-04-05T04:48:07","slug":"chpde-istifa-depremi-ozarslan-aileme-kufretti-dedi-ozgur-ozelden-jet-yanit-geldi","status":"publish","type":"post","link":"https:\/\/bihavadis.com\/index.php\/2026\/04\/05\/chpde-istifa-depremi-ozarslan-aileme-kufretti-dedi-ozgur-ozelden-jet-yanit-geldi\/","title":{"rendered":"CHP&#8217;de istifa depremi! \u00d6zarslan &#8220;Aileme k\u00fcfretti&#8221; dedi, \u00d6zg\u00fcr \u00d6zel&#8217;den jet yan\u0131t geldi"},"content":{"rendered":"<p>CHP&#8217;li Ke\u00e7i\u00f6ren Belediye Ba\u015fkan\u0131 Mesut \u00d6zarslan sosyal medya hesab\u0131ndan yapt\u0131\u011f\u0131 a\u00e7\u0131klama ile CHP&#8217;den istifa etti\u011fini a\u00e7\u0131klad\u0131. \u00d6zarslan&#8217;\u0131n a\u00e7\u0131klamas\u0131nda &#8220;Bir genel ba\u015fkan, belediye ba\u015fkan\u0131na k\u00fcf\u00fcr eder mi? Bir genel ba\u015fkan, ailevi de\u011ferleri hedef al\u0131p hakaret eder mi? Bir genel ba\u015fkan, a\u011f\u0131za al\u0131nmayacak kelimelerle tehdit eder mi?&#8221; ifadelerini kullanmas\u0131 dikkat \u00e7ekti.<\/p>\n<p><b>&#8220;GENEL BA\u015eKAN BELED\u0130YE BA\u015eKANINA K\u00dcF\u00dcR EDER M\u0130?&#8221;<\/b><\/p>\n<p>\u00d6zarslan&#8217;\u0131n a\u00e7\u0131klamas\u0131nda dikkat \u00e7eken noktalardan biri de CHP Genel Ba\u015fkan\u0131 \u00d6zg\u00fcr \u00d6zel&#8217;e y\u00f6nelik kulland\u0131\u011f\u0131 ifadeler oldu. \u00d6zarslan a\u00e7\u0131klamas\u0131nda &#8220;Soruyorum; Bir genel ba\u015fkan, belediye ba\u015fkan\u0131na k\u00fcf\u00fcr eder mi? Bir genel ba\u015fkan, ailevi de\u011ferleri hedef al\u0131p hakaret eder mi? Bir genel ba\u015fkan, a\u011f\u0131za al\u0131nmayacak kelimelerle tehdit eder mi? \u00d6zellikle aile de\u011ferlerimi ve kutsal varl\u0131\u011f\u0131m annem ve merhum babam\u0131n dahi kar\u0131\u015ft\u0131r\u0131ld\u0131\u011f\u0131 mesajlar kar\u015f\u0131s\u0131nda;<\/p>\n<p>Cumhuriyet Halk Partili se\u00e7mene olan sayg\u0131m ve sevgim baki kalmak kayd\u0131 ile art\u0131k Cumhuriyet Halk Partisi saflar\u0131nda hizmet etmem s\u00f6z konusu dahi olamaz.Benim tek \u00f6nceli\u011fim Ke\u00e7i\u00f6ren&#8217;e hizmet olmas\u0131na ra\u011fmen mesajlarda yer alan \u00fcslubun ve anlay\u0131\u015f\u0131n h\u00e2kim oldu\u011fu bir zeminde, enerjimi ve mesaimi il\u00e7emin sorunlar\u0131na odaklayarak sa\u011fl\u0131kl\u0131 bir \u015fekilde g\u00f6rev yapmam\u0131n m\u00fcmk\u00fcn olmad\u0131\u011f\u0131 kanaatine varm\u0131\u015f bulunuyorum&#8221; ifadelerini kulland\u0131.<\/p>\n<p><b>&#8220;AK PART\u0130&#8217;YE M\u0130 GE\u00c7ECEKS\u0130N\u0130Z&#8221; SORUSUNA YANIT<\/b><\/p>\n<p>\u00d6zarslan&#8217;\u0131n istifas\u0131 siyaseti \u0131st\u0131rken; CNN T\u00fcrk canl\u0131 yay\u0131n\u0131na kat\u0131lan \u00d6zarslan yeni a\u00e7\u0131klamalarda bulundu. &#8221; AK Parti&#8217;ye mi ge\u00e7eceksiniz?&#8221; sorusuna yan\u0131t veren \u00d6zarslan, &#8220;\u015eu an \u00f6yle bir durum olu\u015fmad\u0131. Bakaca\u011f\u0131z, AK Parti olur MHP olur bilemem. Belki ba\u011f\u0131ms\u0131z hizmet edebiliriz, bilemem. Konumuz bu de\u011fil. \u00d6zg\u00fcr \u00d6zel delikanl\u0131ysa cevap verecek. Delikanl\u0131ysa yalanlayacak&#8221; ifadelerini kulland\u0131.<\/p>\n<p><b>\u00d6ZG\u00dcR \u00d6ZEL&#8217;DEN K\u00dcF\u00dcR \u0130DD\u0130ALARINA YANIT<\/b><\/p>\n<p>\u00d6zarslan&#8217;\u0131n CHP&#8217;den istifa karar\u0131 ve Genel Ba\u015fkan \u00d6zg\u00fcr \u00d6zel&#8217;e y\u00f6nelik s\u00f6zleri b\u00fcy\u00fck tart\u0131\u015fma yarat\u0131rken beklenen a\u00e7\u0131klama ilerleyen dakikalarda geldi. CHP Genel Ba\u015fkan\u0131 \u00d6zg\u00fcr \u00d6zel, \u00d6zarslan&#8217;\u0131n iddialar\u0131yla ilgili Gazeteci \u0130smail Saymaz&#8217;a konu\u015ftu. Saymaz&#8217;\u0131n aktard\u0131\u011f\u0131na g\u00f6re \u00d6zel k\u00fcf\u00fcr iddialar\u0131n\u0131 reddetti.<\/p>\n<p>\u00d6zel yapt\u0131\u011f\u0131 a\u00e7\u0131klamada, &#8220;Yalan at\u0131yor, yani diyor ki &#8220;Aileme, anneme, babama k\u00fcfretti&#8221; falan diyor, b\u00f6yle bir \u015fey yok. S\u00f6yledi\u011fim s\u00f6z \u015fu; bak benim ona s\u00f6yledi\u011fim s\u00f6z \u015fu: &#8220;Sen&#8230; Sana h\u0131rs\u0131z dediler, ben seni \u00e7a\u011f\u0131rd\u0131m sordum. &#8220;B\u00f6yle bir \u015fey yok, yolsuzlu\u011fum h\u0131rs\u0131zl\u0131\u011f\u0131m yok, iftira ediyorlar&#8221; dedin. Ben sana inand\u0131m, sana g\u00fcvendim. \u015eimdi h\u0131rs\u0131z diyenlere gidiyorsun, sana g\u00fcvenenleri b\u0131rak\u0131yorsun dedim.<\/p>\n<p><b>&#8220;A\u0130LEYLE \u0130LG\u0130L\u0130 H\u0130\u00c7B\u0130R \u015eEY YOK ASLA&#8221;<\/b><\/p>\n<p>Aileye hi\u00e7bir \u015fey yok asla. &#8220;Bu yapt\u0131klar\u0131n seni do\u011furan anneyi de, evlatlar\u0131n\u0131 da, ileride torunlar\u0131n\u0131 da utand\u0131racak&#8217; dedim. Ondan sonra &#8220;Bir g\u00fcn elime bir \u015fey ge\u00e7erse veya bir g\u00fcn g\u00f6r\u00fc\u015f\u00fcr\u00fcz, seni asla affetmeyece\u011fim&#8221; dedim&#8221; ifadelerini kulland\u0131.<\/p>\n","protected":false},"excerpt":{"rendered":"<p>Ke\u00e7i\u00f6ren Belediye Ba\u015fkan\u0131 Mesut \u00d6zarslan&#8217;\u0131n CHP&#8217;den istifa karar\u0131 kamuoyunda geni\u015f yank\u0131 uyand\u0131r\u0131rken, &#8220;Bir genel ba\u015fkan, belediye ba\u015fkan\u0131na k\u00fcf\u00fcr eder mi? Bir genel ba\u015fkan, ailevi de\u011ferleri hedef al\u0131p hakaret eder mi?&#8221; s\u00f6zleri ise g\u00fcndeme oturdu. AK Parti&#8217;ye ge\u00e7ece\u011fi konu\u015fulan \u00d6zarslan&#8217;\u0131n s\u00f6zlerine yan\u0131t veren CHP lideri \u00d6zel ise &#8220;Yalan at\u0131yor, yani diyor ki &#8216;Aileme, anneme, babama k\u00fcfretti&#8217; falan diyor, b\u00f6yle bir \u015fey yok&#8221; ifadelerini kulland\u0131.<\/p>\n","protected":false},"author":1,"featured_media":74213,"comment_status":"open","ping_status":"open","sticky":false,"template":"","format":"standard","meta":{"footnotes":""},"categories":[12],"tags":[250,986,4266,4440,563],"class_list":["post-74212","post","type-post","status-publish","format-standard","has-post-thumbnail","hentry","category-siyaset","tag-aile","tag-baskani","tag-ifadeler","tag-ozarslan","tag-parti"],"_links":{"self":[{"href":"https:\/\/bihavadis.com\/index.php\/wp-json\/wp\/v2\/posts\/74212","targetHints":{"allow":["GET"]}}],"collection":[{"href":"https:\/\/bihavadis.com\/index.php\/wp-json\/wp\/v2\/posts"}],"about":[{"href":"https:\/\/bihavadis.com\/index.php\/wp-json\/wp\/v2\/types\/post"}],"author":[{"embeddable":true,"href":"https:\/\/bihavadis.com\/index.php\/wp-json\/wp\/v2\/users\/1"}],"replies":[{"embeddable":true,"href":"https:\/\/bihavadis.com\/index.php\/wp-json\/wp\/v2\/comments?post=74212"}],"version-history":[{"count":1,"href":"https:\/\/bihavadis.com\/index.php\/wp-json\/wp\/v2\/posts\/74212\/revisions"}],"predecessor-version":[{"id":74214,"href":"https:\/\/bihavadis.com\/index.php\/wp-json\/wp\/v2\/posts\/74212\/revisions\/74214"}],"wp:featuredmedia":[{"embeddable":true,"href":"https:\/\/bihavadis.com\/index.php\/wp-json\/wp\/v2\/media\/74213"}],"wp:attachment":[{"href":"https:\/\/bihavadis.com\/index.php\/wp-json\/wp\/v2\/media?parent=74212"}],"wp:term":[{"taxonomy":"category","embeddable":true,"href":"https:\/\/bihavadis.com\/index.php\/wp-json\/wp\/v2\/categories?post=74212"},{"taxonomy":"post_tag","embeddable":true,"href":"https:\/\/bihavadis.com\/index.php\/wp-json\/wp\/v2\/tags?post=74212"}],"curies":[{"name":"wp","href":"https:\/\/api.w.org\/{rel}","templated":true}]}}