{"id":74295,"date":"2026-04-05T05:57:06","date_gmt":"2026-04-05T05:57:06","guid":{"rendered":"https:\/\/bihavadis.com\/?p=74295"},"modified":"2026-04-05T05:57:06","modified_gmt":"2026-04-05T05:57:06","slug":"iste-ozgur-ozelin-chpden-istifa-eden-mesut-ozarslana-attigi-kufurlu-mesajlar","status":"publish","type":"post","link":"https:\/\/bihavadis.com\/index.php\/2026\/04\/05\/iste-ozgur-ozelin-chpden-istifa-eden-mesut-ozarslana-attigi-kufurlu-mesajlar\/","title":{"rendered":"\u0130\u015fte \u00d6zg\u00fcr \u00d6zel&#8217;in CHP&#8217;den istifa eden Mesut \u00d6zarslan&#8217;a att\u0131\u011f\u0131 k\u00fcf\u00fcrl\u00fc mesajlar"},"content":{"rendered":"<p> AK Parti&#8217;ye ge\u00e7ece\u011fi iddia edilen Ke\u00e7i\u00f6ren Belediye Ba\u015fkan\u0131 Mesut \u00d6zarslan, d\u00fcn partisi CHP&#8217;den istifa etti. \u00d6zarslan, bu karar\u0131na gerek\u00e7e olarak CHP Genel Ba\u015fkan\u0131 \u00d6zg\u00fcr \u00d6zel&#8217;in kendisine WhatsApp \u00fczerinden yollad\u0131\u011f\u0131 mesajlar\u0131 g\u00f6sterdi. <\/p>\n<p><b>&#8220;B\u0130R GENEL BA\u015eKAN BELED\u0130YE BA\u015eKANINA K\u00dcF\u00dcR EDER M\u0130?&#8221;<\/b><\/p>\n<p>\u00d6zarslan, &#8220;Bu mesajlar; siyasi nezaketle, parti ahlak\u0131yla, kamu sorumlulu\u011fu ve insanl\u0131kla ba\u011fda\u015fmayacak hakaret, tehdit ve iftiralar i\u00e7ermektedir. Soruyorum; Bir genel ba\u015fkan, belediye ba\u015fkan\u0131na k\u00fcf\u00fcr eder mi? Bir genel ba\u015fkan, ailevi de\u011ferleri hedef al\u0131p hakaret eder mi? Bir genel ba\u015fkan, a\u011f\u0131za al\u0131nmayacak kelimelerle tehdit eder mi? \u00d6zellikle aile de\u011ferlerimi ve kutsal varl\u0131\u011f\u0131m annem ve merhum babam\u0131n dahi kar\u0131\u015ft\u0131r\u0131ld\u0131\u011f\u0131 mesajlar kar\u015f\u0131s\u0131nda; Cumhuriyet Halk Partili se\u00e7mene olan sayg\u0131m ve sevgim baki kalmak kayd\u0131 ile art\u0131k Cumhuriyet Halk Partisi saflar\u0131nda hizmet etmem s\u00f6z konusu dahi olamaz&#8221; ifadelerini kulland\u0131. \u00d6zarslan, \u00d6zel&#8217;in mesajlar\u0131n\u0131 savc\u0131l\u0131\u011f\u0131na verece\u011fini de bildirdi.<\/p>\n<p><b>&#8220;S\u0130YASETTE \u00d6FKE DE HAKARET DE VARDIR&#8221;<\/b><\/p>\n<p>\u00d6zg\u00fcr \u00d6zel ise gazetecilere yapt\u0131\u011f\u0131 a\u00e7\u0131klamada, &#8220;Anne-babas\u0131n\u0131 katmad\u0131m ama siyasette \u00f6fke de hakaret de vard\u0131r&#8221; dedi. \u00d6zarslan&#8217;\u0131n aksini ispat i\u00e7in ekran g\u00f6r\u00fcnt\u00fcs\u00fcn\u00fc payla\u015fmaya \u00e7a\u011f\u0131ran \u00d6zel, &#8220;Yalan at\u0131yor. Sana h\u0131rs\u0131z dediler, ben seni \u00e7a\u011f\u0131rd\u0131m sordum. &#8216;B\u00f6yle bir \u015fey yok, yolsuzlu\u011fum h\u0131rs\u0131zl\u0131\u011f\u0131m yok, iftira ediyorlar&#8217; dedin. Ben sana inand\u0131m, \u015fimdi h\u0131rs\u0131z diyenlere gidiyorsun&#8217; dedim. &#8216;Bu yapt\u0131klar\u0131n seni do\u011furan anneyi de, evlatlar\u0131n\u0131 da, ileride torunlar\u0131n\u0131 da utand\u0131racak&#8217; dedim. &#8216;Bir g\u00fcn elime bir \u015fey ge\u00e7erse g\u00f6r\u00fc\u015f\u00fcr\u00fcz, seni asla affetmeyece\u011fim&#8217; dedim&#8221;ifadelerini kulland\u0131.<\/p>\n<p><b>\u00d6ZG\u00dcR \u00d6ZEL&#8217;\u0130N ATTI\u011eI MESAJLAR ORTAYA \u00c7IKTI<\/b><\/p>\n<p>Bu a\u00e7\u0131klamalar\u0131n ard\u0131ndan \u00d6zel&#8217;in \u00d6zarslan&#8217;a g\u00f6nderdi\u011fi mesajlar\u0131 T\u00fcrkiye Bas\u0131n Federasyon Genel Ba\u015fkan\u0131 ve Millet Haber Ajans\u0131 Genel Yay\u0131n Y\u00f6netmeni Sinan Burhan payla\u015ft\u0131. Ekran g\u00f6r\u00fcnt\u00fclerindeki mesajlar \u015f\u00f6yle:<\/p>\n<p>&#8220;K\u00f6pek&#8221;<\/p>\n<p>&#8220;S..ir git&#8221;<\/p>\n<p>&#8220;Al\u00e7ak k\u00f6pek s..tir git&#8221;<\/p>\n<p>&#8220;Senin yerin onlar\u0131n yan\u0131&#8221;<\/p>\n<p>&#8220;Yalaka&#8221;<\/p>\n<p>&#8220;Karakter-siz p..\u00e7&#8221;<\/p>\n<p>&#8220;Hak etti\u011fin yerdesin, sana yak\u0131\u015fan yerdesin&#8221;<\/p>\n","protected":false},"excerpt":{"rendered":"<p>Ke\u00e7i\u00f6ren Belediye Ba\u015fkan\u0131 Mesut \u00d6zarslan, CHP&#8217;den istifa etti ve AK Parti&#8217;ye ge\u00e7ece\u011fi iddia ediliyor. \u00d6zarslan, CHP lideri \u00d6zg\u00fcr \u00d6zel&#8217;in kendisine ve ailesine hakaret ve tehdit i\u00e7eren mesajlar g\u00f6nderdi\u011fini \u00f6ne s\u00fcrd\u00fc. \u00d6zel, \u00d6zarslan&#8217;\u0131n iddialar\u0131n\u0131 reddetti ve ekran g\u00f6r\u00fcnt\u00fcs\u00fcn\u00fc payla\u015fmaya \u00e7a\u011f\u0131rd\u0131. T\u00fcrkiye Bas\u0131n Federasyon Genel Ba\u015fkan\u0131 Sinan Burhan, \u00d6zel&#8217;in \u00d6zarslan&#8217;a g\u00f6nderdi\u011fi mesajlar\u0131 k\u00fcf\u00fcrl\u00fc mesajlar\u0131 payla\u015ft\u0131.<\/p>\n","protected":false},"author":1,"featured_media":74296,"comment_status":"open","ping_status":"open","sticky":false,"template":"","format":"standard","meta":{"footnotes":""},"categories":[12],"tags":[3289,4664,563],"class_list":["post-74295","post","type-post","status-publish","format-standard","has-post-thumbnail","hentry","category-siyaset","tag-genel-baskan","tag-mesajlar","tag-parti"],"_links":{"self":[{"href":"https:\/\/bihavadis.com\/index.php\/wp-json\/wp\/v2\/posts\/74295","targetHints":{"allow":["GET"]}}],"collection":[{"href":"https:\/\/bihavadis.com\/index.php\/wp-json\/wp\/v2\/posts"}],"about":[{"href":"https:\/\/bihavadis.com\/index.php\/wp-json\/wp\/v2\/types\/post"}],"author":[{"embeddable":true,"href":"https:\/\/bihavadis.com\/index.php\/wp-json\/wp\/v2\/users\/1"}],"replies":[{"embeddable":true,"href":"https:\/\/bihavadis.com\/index.php\/wp-json\/wp\/v2\/comments?post=74295"}],"version-history":[{"count":1,"href":"https:\/\/bihavadis.com\/index.php\/wp-json\/wp\/v2\/posts\/74295\/revisions"}],"predecessor-version":[{"id":74297,"href":"https:\/\/bihavadis.com\/index.php\/wp-json\/wp\/v2\/posts\/74295\/revisions\/74297"}],"wp:featuredmedia":[{"embeddable":true,"href":"https:\/\/bihavadis.com\/index.php\/wp-json\/wp\/v2\/media\/74296"}],"wp:attachment":[{"href":"https:\/\/bihavadis.com\/index.php\/wp-json\/wp\/v2\/media?parent=74295"}],"wp:term":[{"taxonomy":"category","embeddable":true,"href":"https:\/\/bihavadis.com\/index.php\/wp-json\/wp\/v2\/categories?post=74295"},{"taxonomy":"post_tag","embeddable":true,"href":"https:\/\/bihavadis.com\/index.php\/wp-json\/wp\/v2\/tags?post=74295"}],"curies":[{"name":"wp","href":"https:\/\/api.w.org\/{rel}","templated":true}]}}