{"id":74324,"date":"2026-04-12T06:18:08","date_gmt":"2026-04-12T06:18:08","guid":{"rendered":"https:\/\/bihavadis.com\/?p=74324"},"modified":"2026-04-12T06:18:08","modified_gmt":"2026-04-12T06:18:08","slug":"fenerbahce-antalyaspor-macina-hazir","status":"publish","type":"post","link":"https:\/\/bihavadis.com\/index.php\/2026\/04\/12\/fenerbahce-antalyaspor-macina-hazir\/","title":{"rendered":"Fenerbah\u00e7e, Antalyaspor ma\u00e7\u0131na haz\u0131r"},"content":{"rendered":"<p>Fenerbah\u00e7e, S\u00fcper Lig&#8217;in 24. haftas\u0131nda yar\u0131n deplasmanda Hesap.com Antalyaspor ile yapaca\u011f\u0131 ma\u00e7\u0131n haz\u0131rl\u0131klar\u0131n\u0131 tamamlad\u0131.<\/p>\n<p>Sar\u0131-lacivertli kul\u00fcpten yap\u0131lan a\u00e7\u0131klamaya g\u00f6re tak\u0131m\u0131n Antalya&#8217;da konaklad\u0131\u011f\u0131 otelde teknik direkt\u00f6r Domenico Tedesco y\u00f6netiminde ger\u00e7ekle\u015ftirilen antrenman, \u0131s\u0131nma, \u00e7abukluk ve koordinasyon \u00e7al\u0131\u015fmalar\u0131yla ba\u015flad\u0131.<\/p>\n<p>Pas \u00e7al\u0131\u015fmas\u0131yla devam eden idman, taktiksel ve bireysel uygulamalarla noktaland\u0131.<\/p>\n<p><strong>Y\u00d6NET\u0130M TAK\u0130P ETT\u0130<\/strong><\/p>\n<p>Antrenman\u0131 ba\u015fkan Sadettin Saran ve y\u00f6netim kurulu \u00fcyeleri de takip etti.<\/p>\n<p><strong>FENERBAH\u00c7E, ANTALYASPOR&#8217;UN KONU\u011eU<\/strong><\/p>\n<p>Antalyaspor ile Fenerbah\u00e7e aras\u0131nda yar\u0131n Park Antalya Stad\u0131&#8217;nda oynanacak m\u00fcsabaka, saat 20.00&#8217;de ba\u015flayacak.<\/p>\n<p><img decoding=\"async\" src=\"https:\/\/bihavadis.com\/wp-content\/uploads\/2026\/04\/fenerbahce-antalyaspor-macina-hazir-0-l5zBx7i2.jpg\"\/><\/p>\n<p><img decoding=\"async\" src=\"https:\/\/bihavadis.com\/wp-content\/uploads\/2026\/04\/fenerbahce-antalyaspor-macina-hazir-1-UbEy7F8D.jpg\"\/><\/p>\n<p><img decoding=\"async\" src=\"https:\/\/bihavadis.com\/wp-content\/uploads\/2026\/04\/fenerbahce-antalyaspor-macina-hazir-2-tdrIPL72.jpg\"\/><\/p>\n<p><img decoding=\"async\" src=\"https:\/\/bihavadis.com\/wp-content\/uploads\/2026\/04\/fenerbahce-antalyaspor-macina-hazir-3-ilUzRJnx.jpg\"\/> <\/p>\n<div> <span><strong>Kaynak:<\/strong> Ensonhaber Haber Merkezi<\/span> <\/div>\n","protected":false},"excerpt":{"rendered":"<p>Fenerbah\u00e7e, S\u00fcper Lig&#8217;in 24. haftas\u0131nda yar\u0131n deplasmanda Hesap.com Antalyaspor ile yapaca\u011f\u0131 ma\u00e7\u0131n haz\u0131rl\u0131klar\u0131n\u0131 tamamlad\u0131. Sar\u0131-lacivertli kul\u00fcpten yap\u0131lan a\u00e7\u0131klamaya g\u00f6re tak\u0131m\u0131n Antalya&#8217;da konaklad\u0131\u011f\u0131 otelde teknik direkt\u00f6r Domenico Tedesco &#8230;<\/p>\n","protected":false},"author":1,"featured_media":74325,"comment_status":"open","ping_status":"open","sticky":false,"template":"","format":"standard","meta":{"footnotes":""},"categories":[14],"tags":[457],"class_list":["post-74324","post","type-post","status-publish","format-standard","has-post-thumbnail","hentry","category-spor","tag-antalya"],"_links":{"self":[{"href":"https:\/\/bihavadis.com\/index.php\/wp-json\/wp\/v2\/posts\/74324","targetHints":{"allow":["GET"]}}],"collection":[{"href":"https:\/\/bihavadis.com\/index.php\/wp-json\/wp\/v2\/posts"}],"about":[{"href":"https:\/\/bihavadis.com\/index.php\/wp-json\/wp\/v2\/types\/post"}],"author":[{"embeddable":true,"href":"https:\/\/bihavadis.com\/index.php\/wp-json\/wp\/v2\/users\/1"}],"replies":[{"embeddable":true,"href":"https:\/\/bihavadis.com\/index.php\/wp-json\/wp\/v2\/comments?post=74324"}],"version-history":[{"count":1,"href":"https:\/\/bihavadis.com\/index.php\/wp-json\/wp\/v2\/posts\/74324\/revisions"}],"predecessor-version":[{"id":74330,"href":"https:\/\/bihavadis.com\/index.php\/wp-json\/wp\/v2\/posts\/74324\/revisions\/74330"}],"wp:featuredmedia":[{"embeddable":true,"href":"https:\/\/bihavadis.com\/index.php\/wp-json\/wp\/v2\/media\/74325"}],"wp:attachment":[{"href":"https:\/\/bihavadis.com\/index.php\/wp-json\/wp\/v2\/media?parent=74324"}],"wp:term":[{"taxonomy":"category","embeddable":true,"href":"https:\/\/bihavadis.com\/index.php\/wp-json\/wp\/v2\/categories?post=74324"},{"taxonomy":"post_tag","embeddable":true,"href":"https:\/\/bihavadis.com\/index.php\/wp-json\/wp\/v2\/tags?post=74324"}],"curies":[{"name":"wp","href":"https:\/\/api.w.org\/{rel}","templated":true}]}}