{"id":74348,"date":"2026-04-12T06:36:05","date_gmt":"2026-04-12T06:36:05","guid":{"rendered":"https:\/\/bihavadis.com\/?p=74348"},"modified":"2026-04-12T06:36:05","modified_gmt":"2026-04-12T06:36:05","slug":"okan-buruk-hem-yunus-hem-sallainin-agrisi-var","status":"publish","type":"post","link":"https:\/\/bihavadis.com\/index.php\/2026\/04\/12\/okan-buruk-hem-yunus-hem-sallainin-agrisi-var\/","title":{"rendered":"Okan Buruk: Hem Yunus hem Sallai&#8217;nin a\u011fr\u0131s\u0131 var"},"content":{"rendered":"<p>S\u00fcper Lig&#8217;in 24. haftas\u0131nda Galatasaray, Alanyaspor&#8217;u konuk edecek.<\/p>\n<p>Galatasaray Teknik Direkt\u00f6r\u00fc Okan Buruk, m\u00fccadele \u00f6ncesi a\u00e7\u0131klamalarda bulundu.<\/p>\n<p>M\u00fccadele \u00f6ncesi konu\u015fan Buruk,<em><b> &#8220;Brian Birch e\u015fofman\u0131yla geldim. Ge\u00e7mi\u015ften hep bir \u015feyler al\u0131yoruz. 70&#8217;lerin sar\u0131 k\u0131rm\u0131z\u0131 Fatih Terim formalar\u0131 da sat\u0131\u015fa \u00e7\u0131kt\u0131.&#8221; <\/b><\/em>ifadelerini kulland\u0131.<\/p>\n<p><strong>&#8220;HEM YUNUS HEM SALLAI&#8217;N\u0130N A\u011eRISI VAR&#8221;<\/strong><\/p>\n<p>Baz\u0131 b\u00f6lgelerde de\u011fi\u015fiklik yapt\u0131klar\u0131n\u0131 s\u00f6yleyen Okan Buruk, <em><b>&#8220;Zorlu fikst\u00fcre girmedik, o fikst\u00fcrden hi\u00e7 \u00e7\u0131kmad\u0131k. Bu ma\u00e7lar\u0131 ynamak \u00e7ok g\u00fczel. Keyfine varmak laz\u0131m. \u015eampiyonlar Ligi&#8217;nde devam ediyoruz. Yo\u011fun fikst\u00fcrden dolay\u0131 mutluyum. 3 g\u00fcn \u00f6nce uzatmal\u0131 bir ma\u00e7 oynad\u0131k. 3 oyuncumuz 120 dakika oynad\u0131, Torreira 105 dakika oynad\u0131. B\u00fcy\u00fck bir yorgunluk oldu, mental olarak da yorgunluk var. Baz\u0131 b\u00f6lgelerde de\u011fi\u015fim yapt\u0131k. Sakatl\u0131k riski olanlar\u0131 koruyoruz. Yunus yok kadroda. A\u011fr\u0131lar\u0131ndan dolay\u0131 son ma\u00e7ta kullanamad\u0131k. O a\u011fr\u0131larla uzun s\u00fcredir oynuyor, hep de iyi oynuyor. Bug\u00fcn olmayacak. Sallai&#8217;nin a\u011fr\u0131s\u0131 oldu d\u00fcn. \u00c7ok \u00f6nemli bir \u015fey de\u011fil. Hem Yunus hem Sallai, bir sonraki haftay\u0131 yakalayacaklar.&#8221;<\/b><\/em> dedi.<\/p>\n<p><strong>BARI\u015e VE OSIMHEN<\/strong><\/p>\n<p>A\u00e7\u0131klamalar\u0131na devam eden deneyimli hoca, <em><b>&#8220;Baz\u0131 de\u011fi\u015fiklikler yapt\u0131k. Rakibe uygun tercihler yapt\u0131k. \u00d6nde h\u0131zl\u0131lar, savunma arkas\u0131na ko\u015fu at\u0131yorlar. Hem Alanyasporlu futbolcular\u0131 hem teknik direkt\u00f6rleri Pereira&#8217;y\u0131 tebrik etmek laz\u0131m. Kendi oyunlar\u0131n\u0131 hep oynuyorlar. Bug\u00fcn \u00e7ok dikkatli olmam\u0131z gerekiyor. Rakibimizin neler yapaca\u011f\u0131n\u0131 a\u015fa\u011f\u0131 yukar\u0131 biliyoruz. Top rakipteyken top bizdeyken planlar yapt\u0131k. Bu planlar\u0131 do\u011fru \u015fekilde uygulamal\u0131y\u0131z. Bizim gibi tak\u0131mlar i\u00e7in hem \u015eampiyonlar Ligi oynuyorsunuz hem \u015fampiyonlu\u011fa gidiyorsunuz. Bireysel performanslar \u00e7ok \u00f6nemli. H\u00fccumda yine yorgunluklar\u0131 olanlar var, Bar\u0131\u015f ve Osimhen 120 dakika oynad\u0131. Ma\u00e7\u0131 domine edip devam\u0131nda onlarla ilgili karar verebiliriz. \u0130yi ve zor bir tak\u0131ma kar\u015f\u0131 oynayaca\u011f\u0131z. Ma\u00e7\u0131n ba\u015flang\u0131c\u0131nda iyi olmal\u0131y\u0131z. Taraftar\u0131m\u0131z\u0131n deste\u011fi \u00e7ok \u00f6nemli. Baz\u0131 ma\u00e7lar vard\u0131r, tak\u0131m\u0131 uyand\u0131rmak gerekiyor. Avrupa d\u00f6n\u00fc\u015fleri zor oluyor. Biz zaten motive ediyoruz. Taraftar\u0131n da devrede olmas\u0131 gerekiyor.&#8221;<\/b><\/em> s\u00f6zlerini sarf etti.<\/p>\n<p><strong>FORVET ARKASI K\u0130M OLACAK?<\/strong><\/p>\n<p>Forvet arkas\u0131nda kimin oynayaca\u011f\u0131 ile ilgili gelen soruya ise Buruk, <em><b>&#8220;Forvet arkas\u0131nda de\u011fi\u015fiklik kullanaca\u011f\u0131z, Bar\u0131\u015f ve Lang&#8217;\u0131 kullanaca\u011f\u0131z. 3&#8217;l\u00fc savunmaya kar\u015f\u0131 oynayaca\u011f\u0131z. \u00d6ndeki kar\u015f\u0131lamalar\u0131 \u00f6ndeki oyuncularla yapmak istiyoruz. \u00d6ndeki bask\u0131 \u00f6nemli olacak. Mevki de\u011fi\u015fikliklerini d\u00fc\u015f\u00fcnece\u011fiz. Kimle o o b\u00f6lgede ba\u015flayaca\u011f\u0131m\u0131 s\u00f6ylemiyorum.&#8221; <\/b><\/em>cevab\u0131n\u0131 verdi.<\/p>\n<div> <span><strong>Kaynak:<\/strong> Ensonhaber Haber Merkezi<\/span> <\/div>\n","protected":false},"excerpt":{"rendered":"<p>S\u00fcper Lig&#8217;in 24. haftas\u0131nda Galatasaray, Alanyaspor&#8217;u konuk edecek. Galatasaray Teknik Direkt\u00f6r\u00fc Okan Buruk, m\u00fccadele \u00f6ncesi a\u00e7\u0131klamalarda bulundu. M\u00fccadele \u00f6ncesi konu\u015fan Buruk, &#8220;Brian Birch e\u015fofman\u0131yla geldim. Ge\u00e7mi\u015ften hep bir \u015feyler al\u0131yoruz. 70 &#8230;<\/p>\n","protected":false},"author":1,"featured_media":74349,"comment_status":"open","ping_status":"open","sticky":false,"template":"","format":"standard","meta":{"footnotes":""},"categories":[14],"tags":[364],"class_list":["post-74348","post","type-post","status-publish","format-standard","has-post-thumbnail","hentry","category-spor","tag-mac"],"_links":{"self":[{"href":"https:\/\/bihavadis.com\/index.php\/wp-json\/wp\/v2\/posts\/74348","targetHints":{"allow":["GET"]}}],"collection":[{"href":"https:\/\/bihavadis.com\/index.php\/wp-json\/wp\/v2\/posts"}],"about":[{"href":"https:\/\/bihavadis.com\/index.php\/wp-json\/wp\/v2\/types\/post"}],"author":[{"embeddable":true,"href":"https:\/\/bihavadis.com\/index.php\/wp-json\/wp\/v2\/users\/1"}],"replies":[{"embeddable":true,"href":"https:\/\/bihavadis.com\/index.php\/wp-json\/wp\/v2\/comments?post=74348"}],"version-history":[{"count":1,"href":"https:\/\/bihavadis.com\/index.php\/wp-json\/wp\/v2\/posts\/74348\/revisions"}],"predecessor-version":[{"id":74350,"href":"https:\/\/bihavadis.com\/index.php\/wp-json\/wp\/v2\/posts\/74348\/revisions\/74350"}],"wp:featuredmedia":[{"embeddable":true,"href":"https:\/\/bihavadis.com\/index.php\/wp-json\/wp\/v2\/media\/74349"}],"wp:attachment":[{"href":"https:\/\/bihavadis.com\/index.php\/wp-json\/wp\/v2\/media?parent=74348"}],"wp:term":[{"taxonomy":"category","embeddable":true,"href":"https:\/\/bihavadis.com\/index.php\/wp-json\/wp\/v2\/categories?post=74348"},{"taxonomy":"post_tag","embeddable":true,"href":"https:\/\/bihavadis.com\/index.php\/wp-json\/wp\/v2\/tags?post=74348"}],"curies":[{"name":"wp","href":"https:\/\/api.w.org\/{rel}","templated":true}]}}