{"id":7438,"date":"2026-01-31T04:30:07","date_gmt":"2026-01-31T04:30:07","guid":{"rendered":"https:\/\/bihavadis.com\/?p=7438"},"modified":"2026-01-31T04:30:07","modified_gmt":"2026-01-31T04:30:07","slug":"gaziantepte-3-kardesin-hayatini-kaybettigi-kazada-aci-detay","status":"publish","type":"post","link":"https:\/\/bihavadis.com\/index.php\/2026\/01\/31\/gaziantepte-3-kardesin-hayatini-kaybettigi-kazada-aci-detay\/","title":{"rendered":"Gaziantep&#8217;te 3 karde\u015fin hayat\u0131n\u0131 kaybetti\u011fi kazada ac\u0131 detay"},"content":{"rendered":"<p>Tarsus-Adana-Gaziantep (TAG) Otoyolu Gaziantep bat\u0131 ve kuzey gi\u015feleri aras\u0131nda feci bir kaza meydana geldi.<\/p>\n<p>\u0130ddiaya g\u00f6re, Afyonkarahisar&#8217;dan yeni ald\u0131klar\u0131 ara\u00e7la memleketleri Gaziantep&#8217;e varmak \u00fczere olan Nihat (53), H\u00fcseyin (50) ve Ayd\u0131n D\u00fcndar (48) isimli karde\u015flerin bulundu\u011fu Nihat D\u00fcndar idaresindeki 59 AID 791 plakal\u0131 Opel marka otomobil, E.A. idaresindeki 77 AJA 436 plakal\u0131 t\u0131ra arkadan \u00e7arpt\u0131.<\/p>\n<p>Kaza sonras\u0131 otomobil hurdaya d\u00f6nerken ara\u00e7ta bulunan Nihat, H\u00fcseyin ve Ayd\u0131n D\u00fcndar isimli karde\u015fler hayat\u0131n\u0131 kaybetti.<\/p>\n<p><strong>KAZAYA \u0130L\u0130\u015eK\u0130N ACI DETAY ORTAYA \u00c7IKTI <\/strong><\/p>\n<p>\u015eehitkamil il\u00e7esi Seyrantepe Mahallesi&#8217;nde ikamet eden 3 karde\u015fin \u00f6l\u00fcm\u00fcyle ilgili kazada yeni detaylar ortaya \u00e7\u0131kt\u0131.\u00a0<\/p>\n<p>Kazada hayat\u0131n\u0131 kaybeden karde\u015flerin Afyonkarahisar&#8217;dan 750 kilometre yol kat ederek memleketleri Gaziantep&#8217;e vard\u0131klar\u0131 ve evlerine 20 kilometre mesafede bulunan bat\u0131 ve kuzey gi\u015feleri aras\u0131nda meydana gelen kazada hayatlar\u0131n\u0131 kaybettikleri belirlendi.<\/p>\n<p><img decoding=\"async\" src=\"https:\/\/bihavadis.com\/wp-content\/uploads\/2026\/01\/gaziantepte-3-kardesin-hayatini-kaybettigi-kazada-aci-detay-0-yT2KtHIS.jpg\"\/><\/p>\n<p><strong>9 \u00c7OCUK YET\u0130M KALDI <\/strong><\/p>\n<p>Kazada hayat\u0131n\u0131 kaybeden 3 karde\u015fin de fabrikada \u00e7al\u0131\u015ft\u0131\u011f\u0131 belirlenirken Nihat D\u00fcndar&#8217;\u0131n 3 \u00e7ocuk babas\u0131, H\u00fcseyin D\u00fcndar&#8217;\u0131n 2 \u00e7ocuk babas\u0131 ve Ayd\u0131n D\u00fcndar&#8217;\u0131n da 4 \u00e7ocuk babas\u0131 oldu\u011fu \u00f6\u011frenildi.<\/p>\n<p>Kazada hayat\u0131n\u0131 kaybeden karde\u015flerin, Ayd\u0131n D\u00fcndar&#8217;\u0131n yeni ald\u0131\u011f\u0131 arac\u0131 yolda herhangi bir s\u0131k\u0131nt\u0131 ya\u015famamak ad\u0131na beraber almaya gittikleri belirtildi.<\/p>\n<p><strong>KARDE\u015eLER SON YOLCULUKLARINA U\u011eURLANACAK <\/strong><\/p>\n<p>Feci kazan\u0131n hayattan kopard\u0131\u011f\u0131 karde\u015flerin 30 Ocak g\u00fcn\u00fc Gaziantep Asri Mezarl\u0131k&#8217;ta cuma namaz\u0131 sonras\u0131 k\u0131l\u0131nacak cenaze namaz\u0131n\u0131n ard\u0131ndan son yolculu\u011funa u\u011furlanaca\u011f\u0131 \u00f6\u011frenildi.<\/p>\n<p>T\u0131r s\u00fcr\u00fcc\u00fcs\u00fc E.A.&#8217;n\u0131n g\u00f6zalt\u0131na al\u0131nd\u0131\u011f\u0131 kazayla ilgili soru\u015fturma s\u00fcr\u00fcyor.<\/p>\n<p><img decoding=\"async\" src=\"https:\/\/bihavadis.com\/wp-content\/uploads\/2026\/01\/gaziantepte-3-kardesin-hayatini-kaybettigi-kazada-aci-detay-1-fKnlxzPA.jpg\"\/><\/p>\n","protected":false},"excerpt":{"rendered":"<p>Gaziantep&#8217;te 3 karde\u015fin \u00f6l\u00fcm\u00fcyle sonu\u00e7lanan kazayla ilgili yeni detaylar ortaya \u00e7\u0131kt\u0131. Kazada hayat\u0131n\u0131 kaybeden karde\u015flerin evlerine 20 kilometre kala kazada hayatlar\u0131n\u0131 kaybettikleri belirlendi.<\/p>\n","protected":false},"author":1,"featured_media":7439,"comment_status":"open","ping_status":"open","sticky":false,"template":"","format":"standard","meta":{"footnotes":""},"categories":[4,13],"tags":[1775,1777,1776,283],"class_list":["post-7438","post","type-post","status-publish","format-standard","has-post-thumbnail","hentry","category-gundem","category-son-dakika","tag-dundar","tag-gaziantep","tag-kardesler","tag-kaza"],"_links":{"self":[{"href":"https:\/\/bihavadis.com\/index.php\/wp-json\/wp\/v2\/posts\/7438","targetHints":{"allow":["GET"]}}],"collection":[{"href":"https:\/\/bihavadis.com\/index.php\/wp-json\/wp\/v2\/posts"}],"about":[{"href":"https:\/\/bihavadis.com\/index.php\/wp-json\/wp\/v2\/types\/post"}],"author":[{"embeddable":true,"href":"https:\/\/bihavadis.com\/index.php\/wp-json\/wp\/v2\/users\/1"}],"replies":[{"embeddable":true,"href":"https:\/\/bihavadis.com\/index.php\/wp-json\/wp\/v2\/comments?post=7438"}],"version-history":[{"count":1,"href":"https:\/\/bihavadis.com\/index.php\/wp-json\/wp\/v2\/posts\/7438\/revisions"}],"predecessor-version":[{"id":7442,"href":"https:\/\/bihavadis.com\/index.php\/wp-json\/wp\/v2\/posts\/7438\/revisions\/7442"}],"wp:featuredmedia":[{"embeddable":true,"href":"https:\/\/bihavadis.com\/index.php\/wp-json\/wp\/v2\/media\/7439"}],"wp:attachment":[{"href":"https:\/\/bihavadis.com\/index.php\/wp-json\/wp\/v2\/media?parent=7438"}],"wp:term":[{"taxonomy":"category","embeddable":true,"href":"https:\/\/bihavadis.com\/index.php\/wp-json\/wp\/v2\/categories?post=7438"},{"taxonomy":"post_tag","embeddable":true,"href":"https:\/\/bihavadis.com\/index.php\/wp-json\/wp\/v2\/tags?post=7438"}],"curies":[{"name":"wp","href":"https:\/\/api.w.org\/{rel}","templated":true}]}}