{"id":74384,"date":"2026-04-12T07:06:07","date_gmt":"2026-04-12T07:06:07","guid":{"rendered":"https:\/\/bihavadis.com\/?p=74384"},"modified":"2026-04-12T07:06:07","modified_gmt":"2026-04-12T07:06:07","slug":"25-madde-mi-kullanilacak-epstein-dosyasi-trumpin-uykularini-kacirdi","status":"publish","type":"post","link":"https:\/\/bihavadis.com\/index.php\/2026\/04\/12\/25-madde-mi-kullanilacak-epstein-dosyasi-trumpin-uykularini-kacirdi\/","title":{"rendered":"25. madde mi kullan\u0131lacak? Epstein dosyas\u0131 Trump&#8217;\u0131n uykular\u0131n\u0131 ka\u00e7\u0131rd\u0131"},"content":{"rendered":"<p>ABD Ba\u015fkan\u0131 Donald Trump, ad\u0131 Jeffrey Epstein ile ba\u011flant\u0131l\u0131 yay\u0131mlanan dosyalarda ge\u00e7mesi nedeniyle d\u0131\u015f bas\u0131nda yo\u011fun tart\u0131\u015fma konusu oldu. Washington kulislerinde ve medya \u00e7evrelerinde &#8220;siyasi deprem&#8221;, &#8220;Beyaz Saray&#8217;da gerilim&#8221; ve 25. Madde spek\u00fclasyonlar\u0131 g\u00fcndeme gelirken, d\u0131\u015f bas\u0131nda yer alan analizler olay\u0131n siyaset sahnesindeki etkilerini mercek alt\u0131na al\u0131yor.<\/p>\n<p><b>TRUMP&#8217;IN ADI Y\u00dcZLERCE KEZ GE\u00c7\u0130YOR<\/b><\/p>\n<p>ABD Adalet Bakanl\u0131\u011f\u0131, Jeffrey Epstein&#8217;a ili\u015fkin milyonlarca belgeyi kamuoyuna a\u00e7t\u0131. Bu yeni dosya setinde, Donald Trump&#8217;\u0131n ad\u0131 y\u00fczlerce kez ge\u00e7iyor; ancak bu isim ge\u00e7i\u015fleri otomatik olarak su\u00e7lamay\u0131 kan\u0131tlam\u0131yor. Trump&#8217;a ait oldu\u011fu iddia edilen bilgiler aras\u0131nda FBI&#8217;a gelen ihbar e-postalar\u0131 ve baz\u0131 iddialar bulunuyor; fakat bu ifadeler hen\u00fcz yasal bir soru\u015fturma veya su\u00e7lamaya d\u00f6n\u00fc\u015fmedi.<\/p>\n<div>\n<figure><img decoding=\"async\" src=\"https:\/\/bihavadis.com\/wp-content\/uploads\/2026\/04\/25-madde-mi-kullanilacak-epstein-dosyasi-trumpin-uykularini-kacirdi-0-Fi5c6j8l.jpg\"\/><\/figure>\n<\/div>\n<p><b>&#8220;BANA KOMPLO KURDULAR&#8221;<\/b><\/p>\n<p>Trump, yeni dosyalarla ba\u011flant\u0131l\u0131 olarak sosyal medya \u00fczerinden sert bir kar\u015f\u0131 tepki verdi ve Epstein ile eski yazar Michael Wolff&#8217;un &#8220;onun siyaseten zarar vermek i\u00e7in komplo kurduklar\u0131n\u0131&#8221; \u00f6ne s\u00fcrd\u00fc. Trump iddialar\u0131 reddetti ve ili\u015fkisinin ge\u00e7mi\u015fte bitti\u011fini savundu. Bu a\u00e7\u0131klama, Trump&#8217;\u0131n ad\u0131n\u0131n an\u0131ld\u0131\u011f\u0131 dosyalar\u0131n siyasi bir sald\u0131r\u0131 arac\u0131 oldu\u011funu ileri s\u00fcren g\u00f6r\u00fc\u015flerle paralel ilerliyor. Trump destek\u00e7ileri de bu geli\u015fmeleri &#8220;Demokratlar&#8217;\u0131n Trump&#8217;\u0131 zay\u0131flatma stratejisi&#8221; olarak yorumlayan s\u00f6ylemlere yer veriyor.<\/p>\n<p><b>25. MADDE TARTI\u015eMASI BA\u015eLADI<\/b><\/p>\n<p>Sosyal medyada ve baz\u0131 yorumcular taraf\u0131ndan 25. Madde tart\u0131\u015fmas\u0131 da a\u00e7\u0131ld\u0131. ABD Anayasas\u0131&#8217;n\u0131n 25. Maddesi, ba\u015fkan\u0131n g\u00f6revini yerine getirememesi halinde devreye giriyor ve tarihte \u00e7ok nadiren tart\u0131\u015f\u0131ld\u0131. Bu spek\u00fclasyonlar, Trump&#8217;\u0131n Epstein dosyalar\u0131na ad\u0131yla s\u0131k\u00e7a an\u0131lmas\u0131yla ili\u015fkilendiriliyor. Ancak d\u0131\u015f bas\u0131nda yay\u0131mlanan haberlerde bu maddenin ger\u00e7ek\u00e7i veya yak\u0131n bir olas\u0131l\u0131k oldu\u011funa dair hi\u00e7bir somut kan\u0131t yer alm\u0131yor; uzmanlar bu t\u00fcr iddialar\u0131n siyasi panik yaratmaya d\u00f6n\u00fck yorumlar oldu\u011funu belirtiyor.<\/p>\n<div>\n<figure><img decoding=\"async\" src=\"https:\/\/bihavadis.com\/wp-content\/uploads\/2026\/04\/25-madde-mi-kullanilacak-epstein-dosyasi-trumpin-uykularini-kacirdi-1-jTZQqV3A.jpg\"\/><\/figure>\n<\/div>\n<p><b>TRUMP HAYL\u0130 ZOR DURUMDA<\/b><\/p>\n<p>Washington&#8217;da medya ve kulislerde tart\u0131\u015fma s\u0131cakl\u0131\u011f\u0131n\u0131 korurken belgelere ad\u0131n\u0131n ge\u00e7mesi Trump&#8217;\u0131 hukuken zor durumda b\u0131rakmad\u0131. Trump ad\u0131 ge\u00e7en dosyalar\u0131n kamuoyuna a\u00e7\u0131lmas\u0131n\u0131 sa\u011flayan yasay\u0131 da imzalam\u0131\u015ft\u0131 ve bunun siyaset \u00fczerindeki etkisi halen analiz ediliyor.<\/p>\n<p><b>25. MADDE NEY\u0130 D\u00dcZENLER?<\/b><\/p>\n<p><strong>1. B\u00f6l\u00fcm \u2013 Ba\u015fkan\u0131n g\u00f6revden ayr\u0131lmas\u0131 veya \u00f6l\u00fcm\u00fc<\/strong><\/p>\n<p>Ba\u015fkan \u00f6l\u00fcr, istifa eder ya da g\u00f6revden al\u0131n\u0131rsa, ba\u015fkan yard\u0131mc\u0131s\u0131 otomatik olarak ba\u015fkan olur.<\/p>\n<p><strong>2. B\u00f6l\u00fcm \u2013 Ba\u015fkan yard\u0131mc\u0131l\u0131\u011f\u0131 bo\u015fal\u0131rsa<\/strong><\/p>\n<p>Ba\u015fkan yard\u0131mc\u0131l\u0131\u011f\u0131 bo\u015fal\u0131rsa, ba\u015fkan yeni bir aday g\u00f6sterir; Temsilciler Meclisi ve Senato&#8217;nun onay\u0131yla bu ki\u015fi ba\u015fkan yard\u0131mc\u0131s\u0131 olur.<\/p>\n<div>\n<figure><img decoding=\"async\" src=\"https:\/\/bihavadis.com\/wp-content\/uploads\/2026\/04\/25-madde-mi-kullanilacak-epstein-dosyasi-trumpin-uykularini-kacirdi-2-95E85bd8.jpg\"\/><\/figure>\n<\/div>\n<p><strong>3. B\u00f6l\u00fcm \u2013 Ba\u015fkan ge\u00e7ici olarak g\u00f6revini devrederse<\/strong><\/p>\n<p>Ba\u015fkan, kendi iste\u011fiyle g\u00f6revini yapamayaca\u011f\u0131n\u0131 yaz\u0131l\u0131 olarak bildirirse, ba\u015fkan yard\u0131mc\u0131s\u0131 ge\u00e7ici olarak yetkileri devral\u0131r.<\/p>\n<p>(Bu madde genelde ameliyat gibi sa\u011fl\u0131k durumlar\u0131nda kullan\u0131ld\u0131.)<\/p>\n<p><strong>4. B\u00f6l\u00fcm \u2013 En tart\u0131\u015fmal\u0131 k\u0131s\u0131m<\/strong><\/p>\n<p>Ba\u015fkan g\u00f6revini yapamayacak durumdaysa ancak bunu kabul etmiyorsa: Ba\u015fkan yard\u0131mc\u0131s\u0131 ve kabinenin \u00e7o\u011funlu\u011fu, Kongre&#8217;ye yaz\u0131l\u0131 bildirim yapar, Ba\u015fkan yard\u0131mc\u0131s\u0131 &#8220;vekil ba\u015fkan&#8221; olur. Ba\u015fkan itiraz ederse s\u00fcre\u00e7 Kongre&#8217;ye gider. Kongre&#8217;nin \u00fc\u00e7te iki \u00e7o\u011funlu\u011fu ba\u015fkan\u0131n g\u00f6rev yapamaz oldu\u011funa karar verirse yetki devri devam eder.<\/p>\n","protected":false},"excerpt":{"rendered":"<p>ABD Ba\u015fkan\u0131 Donald Trump&#8217;\u0131n ad\u0131n\u0131n Epstein dosyalar\u0131nda ge\u00e7ti\u011fi iddialar\u0131 Washington&#8217;da siyasi tansiyonu y\u00fckseltti. Kulislerde ve medyada &#8220;siyasi deprem&#8221;, &#8220;Beyaz Saray&#8217;da gerilim&#8221; s\u00f6ylemleri \u00f6ne \u00e7\u0131karken, pazartesi sabah\u0131 ba\u015fkentte tek bir soru konu\u015fuluyor: ABD Anayasas\u0131&#8217;n\u0131n 25. Maddesi g\u00fcndeme gelir mi, Epstein dosyalar\u0131 Trump i\u00e7in &#8220;son g\u00fcnler&#8221; tart\u0131\u015fmas\u0131n\u0131 tetikler mi?<\/p>\n","protected":false},"author":1,"featured_media":74385,"comment_status":"open","ping_status":"open","sticky":false,"template":"","format":"standard","meta":{"footnotes":""},"categories":[12],"tags":[3434,516,6201,1159,1369],"class_list":["post-74384","post","type-post","status-publish","format-standard","has-post-thumbnail","hentry","category-siyaset","tag-adi","tag-baskan","tag-dosya","tag-gorev","tag-trump"],"_links":{"self":[{"href":"https:\/\/bihavadis.com\/index.php\/wp-json\/wp\/v2\/posts\/74384","targetHints":{"allow":["GET"]}}],"collection":[{"href":"https:\/\/bihavadis.com\/index.php\/wp-json\/wp\/v2\/posts"}],"about":[{"href":"https:\/\/bihavadis.com\/index.php\/wp-json\/wp\/v2\/types\/post"}],"author":[{"embeddable":true,"href":"https:\/\/bihavadis.com\/index.php\/wp-json\/wp\/v2\/users\/1"}],"replies":[{"embeddable":true,"href":"https:\/\/bihavadis.com\/index.php\/wp-json\/wp\/v2\/comments?post=74384"}],"version-history":[{"count":1,"href":"https:\/\/bihavadis.com\/index.php\/wp-json\/wp\/v2\/posts\/74384\/revisions"}],"predecessor-version":[{"id":74389,"href":"https:\/\/bihavadis.com\/index.php\/wp-json\/wp\/v2\/posts\/74384\/revisions\/74389"}],"wp:featuredmedia":[{"embeddable":true,"href":"https:\/\/bihavadis.com\/index.php\/wp-json\/wp\/v2\/media\/74385"}],"wp:attachment":[{"href":"https:\/\/bihavadis.com\/index.php\/wp-json\/wp\/v2\/media?parent=74384"}],"wp:term":[{"taxonomy":"category","embeddable":true,"href":"https:\/\/bihavadis.com\/index.php\/wp-json\/wp\/v2\/categories?post=74384"},{"taxonomy":"post_tag","embeddable":true,"href":"https:\/\/bihavadis.com\/index.php\/wp-json\/wp\/v2\/tags?post=74384"}],"curies":[{"name":"wp","href":"https:\/\/api.w.org\/{rel}","templated":true}]}}