{"id":74427,"date":"2026-04-12T07:39:05","date_gmt":"2026-04-12T07:39:05","guid":{"rendered":"https:\/\/bihavadis.com\/?p=74427"},"modified":"2026-04-12T07:39:05","modified_gmt":"2026-04-12T07:39:05","slug":"pedofili-dosyasindan-galatasarayin-eski-yildizi-da-cikti-14-yasinda-kizlar-istemis","status":"publish","type":"post","link":"https:\/\/bihavadis.com\/index.php\/2026\/04\/12\/pedofili-dosyasindan-galatasarayin-eski-yildizi-da-cikti-14-yasinda-kizlar-istemis\/","title":{"rendered":"Pedofili dosyas\u0131ndan Galatasaray&#8217;\u0131n eski y\u0131ld\u0131z\u0131 da \u00e7\u0131kt\u0131! 14 ya\u015f\u0131nda k\u0131zlar istemi\u015f"},"content":{"rendered":"<p>ABD&#8217;de yay\u0131mlanan Jeffrey Epstein belgelerinde futbolcu Franck Rib\u00e9ry&#8217;nin ad\u0131n\u0131n ge\u00e7ti\u011fi iddias\u0131, uluslararas\u0131 bas\u0131nda tart\u0131\u015fma yaratt\u0131. Belgelerle ilgili sosyal medya payla\u015f\u0131mlar\u0131nda yer alan \u00e7eviri metin, Rib\u00e9ry&#8217;nin ismiyle birlikte baz\u0131 iddialar\u0131 i\u00e7eriyor, ancak bu iddialar\u0131n hukuki bir ba\u011flam\u0131 olup olmad\u0131\u011f\u0131 hen\u00fcz netle\u015fmedi.<\/p>\n<p><b>&#8220;14 YA\u015eINDA KIZLAR GET\u0130R\u0130LMES\u0130N\u0130 \u0130STED\u0130&#8221;<\/b><\/p>\n<p>Sosyal medyada dola\u015f\u0131ma giren ve bir belge par\u00e7as\u0131 oldu\u011fu \u00f6ne s\u00fcr\u00fclen T\u00fcrk\u00e7e \u00e7eviri \u015f\u00f6yle:<\/p>\n<p>Belge No: EFTA00079540<\/p>\n<p>&#8220;&#8230; Lyon&#8217;dan Nadine de Rothschild, futbolcu Franck Rib\u00e9ry, Nancy \u0130stihbarat \u015eefi, Metz&#8217;den avukatlar&#8230;<\/p>\n<p>Adli polisle birlikte gelen Franck Rib\u00e9ry, kendisi i\u00e7in 14 ya\u015f\u0131nda k\u0131zlar getirilmesini istedi.<\/p>\n<div>\n<figure>Galatasaray&#8217;\u0131n eski y\u0131ld\u0131z\u0131 da \u00e7\u0131kt\u0131! 14 ya\u015f\u0131nda k\u0131zlar istemi\u015f&#8221; layout=&#8221;intrinsic&#8221; width=&#8221;620&#8243; height=&#8221;421&#8243;><\/figure>\n<\/div>\n<p><b>&#8220;BEN\u0130 DARP ETT\u0130&#8221;<\/b><\/p>\n<p>Sylvain Cormier hakk\u0131nda: Onu 2002 y\u0131l\u0131nda stajyer avukat olarak i\u015fe ald\u0131m. (Kay\u0131t d\u0131\u015f\u0131: Bir keresinde bir kad\u0131n\u0131 darp etti\u011fini biliyorum). Beni de darp etti. Kollar\u0131m\u0131 bedenime do\u011fru o kadar sert bast\u0131rd\u0131 ki hareket edemedim.<\/p>\n<p>Sylvain Cormier ve partneri, Nadine de Rothschild&#8217;in \u015fof\u00f6rl\u00fc arac\u0131na bindiklerini ve zengin insanlarla tak\u0131ld\u0131klar\u0131n\u0131 herkese anlat\u0131yorlard\u0131. Bana megaloman oldu\u011funu s\u00f6ylemi\u015fti&#8230;&#8221;<\/p>\n<p><b>D\u00dcNYA BU \u0130DD\u0130AYI KONU\u015eUYOR<\/b><\/p>\n<p>Rib\u00e9ry ile ilgili iddial\u0131 pasajlar\u0131n resmi bir su\u00e7lama, ceza takibi veya delil niteli\u011fi ta\u015f\u0131y\u0131p ta\u015f\u0131mad\u0131\u011f\u0131 hen\u00fcz a\u00e7\u0131klanmad\u0131. \u00d6rne\u011fin Sky News haberi, dosyalar\u0131n yay\u0131mlanmas\u0131n\u0131n ard\u0131ndan \u00e7\u0131kan ana bulgular aras\u0131nda \u00e7ok say\u0131da tan\u0131nm\u0131\u015f isme ait yaz\u0131\u015fma ve isimlerin yer ald\u0131\u011f\u0131n\u0131 belirtirken, bu ki\u015filerin su\u00e7lu kabul edilemeyece\u011fini belirtiyor.<\/p>\n<p> Hukuk uzmanlar\u0131, kamuya s\u0131zan b\u00fcy\u00fck belge setlerinin viralli\u011fe d\u00f6n\u00fc\u015fen anlat\u0131mlar\u0131n\u0131n, somut ve resm\u00ee delillere dayand\u0131r\u0131lmadan payla\u015f\u0131lmas\u0131n\u0131n ki\u015fisel itibar ve hukuki haklar \u00fczerinde olumsuz etkileri olabilece\u011finin alt\u0131n\u0131 \u00e7iziyor. Belgelerde ge\u00e7en adlar\u0131n muhasebesi ile ilgili s\u00fcre\u00e7ler h\u00e2len analiz a\u015famas\u0131nda.<\/p>\n<p><b>YILDIZ FUTBOLCUDAN A\u00c7IKLAMA YOK<\/b><\/p>\n<p>Franck Rib\u00e9ry ya da temsilcilerinden konuyla ilgili resm\u00ee bir a\u00e7\u0131klama hen\u00fcz yap\u0131lmad\u0131. Uluslararas\u0131 spor hukuku ve ki\u015fisel haklar konusunda yay\u0131mlanacak olas\u0131 beyanatlar, haberin seyrini de\u011fi\u015ftirebilir.<\/p>\n","protected":false},"excerpt":{"rendered":"<p>Jeffrey Epstein dosyalar\u0131 kapsam\u0131nda oldu\u011fu \u00f6ne s\u00fcr\u00fclen ve sosyal medyada payla\u015f\u0131lan bir belge \u00e7evirisinde, Franck Rib\u00e9ry&#8217;nin ad\u0131n\u0131n ge\u00e7mesi ve metinde &#8220;adli polisle birlikte gelen Rib\u00e9ry&#8217;nin kendisi i\u00e7in 14 ya\u015f\u0131nda k\u0131zlar getirilmesini istedi\u011fi&#8221; iddias\u0131na yer verilmesi tart\u0131\u015fma yaratt\u0131; ancak belgenin kayna\u011f\u0131 ve ba\u011flam\u0131 do\u011frulanmad\u0131 ve Rib\u00e9ry hakk\u0131nda \u015fu a\u015famada resm\u00ee bir su\u00e7lama bulunmuyor.<\/p>\n","protected":false},"author":1,"featured_media":74428,"comment_status":"open","ping_status":"open","sticky":false,"template":"","format":"standard","meta":{"footnotes":""},"categories":[14],"tags":[1450,4960],"class_list":["post-74427","post","type-post","status-publish","format-standard","has-post-thumbnail","hentry","category-spor","tag-belge","tag-ribery"],"_links":{"self":[{"href":"https:\/\/bihavadis.com\/index.php\/wp-json\/wp\/v2\/posts\/74427","targetHints":{"allow":["GET"]}}],"collection":[{"href":"https:\/\/bihavadis.com\/index.php\/wp-json\/wp\/v2\/posts"}],"about":[{"href":"https:\/\/bihavadis.com\/index.php\/wp-json\/wp\/v2\/types\/post"}],"author":[{"embeddable":true,"href":"https:\/\/bihavadis.com\/index.php\/wp-json\/wp\/v2\/users\/1"}],"replies":[{"embeddable":true,"href":"https:\/\/bihavadis.com\/index.php\/wp-json\/wp\/v2\/comments?post=74427"}],"version-history":[{"count":1,"href":"https:\/\/bihavadis.com\/index.php\/wp-json\/wp\/v2\/posts\/74427\/revisions"}],"predecessor-version":[{"id":74429,"href":"https:\/\/bihavadis.com\/index.php\/wp-json\/wp\/v2\/posts\/74427\/revisions\/74429"}],"wp:featuredmedia":[{"embeddable":true,"href":"https:\/\/bihavadis.com\/index.php\/wp-json\/wp\/v2\/media\/74428"}],"wp:attachment":[{"href":"https:\/\/bihavadis.com\/index.php\/wp-json\/wp\/v2\/media?parent=74427"}],"wp:term":[{"taxonomy":"category","embeddable":true,"href":"https:\/\/bihavadis.com\/index.php\/wp-json\/wp\/v2\/categories?post=74427"},{"taxonomy":"post_tag","embeddable":true,"href":"https:\/\/bihavadis.com\/index.php\/wp-json\/wp\/v2\/tags?post=74427"}],"curies":[{"name":"wp","href":"https:\/\/api.w.org\/{rel}","templated":true}]}}