{"id":74529,"date":"2026-04-16T11:18:08","date_gmt":"2026-04-16T11:18:08","guid":{"rendered":"https:\/\/bihavadis.com\/?p=74529"},"modified":"2026-04-16T11:18:08","modified_gmt":"2026-04-16T11:18:08","slug":"erzurumda-kar-yagisi-etkili-775-mahalle-yolu-kapali","status":"publish","type":"post","link":"https:\/\/bihavadis.com\/index.php\/2026\/04\/16\/erzurumda-kar-yagisi-etkili-775-mahalle-yolu-kapali\/","title":{"rendered":"Erzurum&#8217;da Kar Ya\u011f\u0131\u015f\u0131 Etkili, 775 Mahalle Yolu Kapal\u0131"},"content":{"rendered":"<p>ERZURUM&#8217;da kar ya\u011f\u0131\u015f\u0131 etkili olurken, kent merkezinde kar kal\u0131nl\u0131\u011f\u0131 30 santimetreyi ge\u00e7ti. Kar nedeniyle 775 k\u0131rsal mahalle yoluna ula\u015f\u0131m sa\u011flanam\u0131yor. <\/p>\n<p>Son 1 haftay\u0131 mevsim normallerinin \u00fczerinde s\u0131cakl\u0131kla ge\u00e7iren Erzurum&#8217;da gece saatlerinde kar ya\u011f\u0131\u015f\u0131 etkili oldu. Sabaha kadar devam eden ya\u011f\u0131\u015f nedeniyle kent merkezinde kar kal\u0131nl\u0131\u011f\u0131 30 santimetreyi ge\u00e7ti, y\u00fcksek kesimlerde de 1 metreye ula\u015ft\u0131. Park halindeki ara\u00e7lar\u0131n karla kapland\u0131\u011f\u0131 kentte, belediye ekipleri temizlik \u00e7al\u0131\u015fmas\u0131 ba\u015flatt\u0131. Kar ya\u011f\u0131\u015f\u0131 k\u0131rsalda da etkili oldu. Gece boyunca etkili olan ya\u011f\u0131\u015f nedeniyle kent genelinde 775 k\u0131rsal mahallenin yolu, ula\u015f\u0131ma kapand\u0131. Erzurum B\u00fcy\u00fck\u015fehir Belediyesi K\u0131rsal Hizmetler Daire Ba\u015fkanl\u0131\u011f\u0131, kapanan yollar\u0131 a\u00e7mak i\u00e7in \u00e7al\u0131\u015fma ba\u015flatt\u0131.<\/p>\n<p>\u00c7I\u011e UYARISI<\/p>\n<p>Erzurum&#8217;da kar ya\u011f\u0131\u015f\u0131n\u0131n devam edece\u011fi bildirilirken, Meteoroloji B\u00f6lge M\u00fcd\u00fcrl\u00fc\u011f\u00fc, havan\u0131n \u00e7ok bulutlu ve aral\u0131klarla kar ya\u011f\u0131\u015fl\u0131 ge\u00e7ece\u011fini a\u00e7\u0131klad\u0131. Meteoroloji yeni ya\u011f\u0131\u015flar sonras\u0131 \u00e7\u0131\u011f uyar\u0131s\u0131nda da bulunarak, &#8220;B\u00f6lgemizde y\u00fcksek kar \u00f6rt\u00fcs\u00fc bulunan e\u011fitimli ve dik yama\u00e7larda \u00e7\u0131\u011f tehlikesi bulundu\u011fundan yetkililerin ve vatanda\u015flar\u0131n dikkatli, tedbirli olmalar\u0131 gerekmektedir&#8221; denildi. <\/p>\n","protected":false},"excerpt":{"rendered":"<p>Erzurum&#8217;da kar kal\u0131nl\u0131\u011f\u0131 30 cm&#8217;yi ge\u00e7ti, 775 k\u0131rsal mahalle yolu ula\u015f\u0131ma kapand\u0131, \u00e7\u0131\u011f uyar\u0131s\u0131 yap\u0131ld\u0131.<\/p>\n","protected":false},"author":1,"featured_media":74530,"comment_status":"open","ping_status":"open","sticky":false,"template":"","format":"standard","meta":{"footnotes":""},"categories":[9,4,13],"tags":[297,1165],"class_list":["post-74529","post","type-post","status-publish","format-standard","has-post-thumbnail","hentry","category-genel","category-gundem","category-son-dakika","tag-kar","tag-yagis"],"_links":{"self":[{"href":"https:\/\/bihavadis.com\/index.php\/wp-json\/wp\/v2\/posts\/74529","targetHints":{"allow":["GET"]}}],"collection":[{"href":"https:\/\/bihavadis.com\/index.php\/wp-json\/wp\/v2\/posts"}],"about":[{"href":"https:\/\/bihavadis.com\/index.php\/wp-json\/wp\/v2\/types\/post"}],"author":[{"embeddable":true,"href":"https:\/\/bihavadis.com\/index.php\/wp-json\/wp\/v2\/users\/1"}],"replies":[{"embeddable":true,"href":"https:\/\/bihavadis.com\/index.php\/wp-json\/wp\/v2\/comments?post=74529"}],"version-history":[{"count":1,"href":"https:\/\/bihavadis.com\/index.php\/wp-json\/wp\/v2\/posts\/74529\/revisions"}],"predecessor-version":[{"id":74531,"href":"https:\/\/bihavadis.com\/index.php\/wp-json\/wp\/v2\/posts\/74529\/revisions\/74531"}],"wp:featuredmedia":[{"embeddable":true,"href":"https:\/\/bihavadis.com\/index.php\/wp-json\/wp\/v2\/media\/74530"}],"wp:attachment":[{"href":"https:\/\/bihavadis.com\/index.php\/wp-json\/wp\/v2\/media?parent=74529"}],"wp:term":[{"taxonomy":"category","embeddable":true,"href":"https:\/\/bihavadis.com\/index.php\/wp-json\/wp\/v2\/categories?post=74529"},{"taxonomy":"post_tag","embeddable":true,"href":"https:\/\/bihavadis.com\/index.php\/wp-json\/wp\/v2\/tags?post=74529"}],"curies":[{"name":"wp","href":"https:\/\/api.w.org\/{rel}","templated":true}]}}