{"id":7455,"date":"2026-01-31T04:42:08","date_gmt":"2026-01-31T04:42:08","guid":{"rendered":"https:\/\/bihavadis.com\/?p=7455"},"modified":"2026-01-31T04:42:08","modified_gmt":"2026-01-31T04:42:08","slug":"bursada-halk-otobusunde-zamanla-yaris-kalp-krizi-geciren-yolcu-icin-acile-kirdi","status":"publish","type":"post","link":"https:\/\/bihavadis.com\/index.php\/2026\/01\/31\/bursada-halk-otobusunde-zamanla-yaris-kalp-krizi-geciren-yolcu-icin-acile-kirdi\/","title":{"rendered":"Bursa&#8217;da halk otob\u00fcs\u00fcnde zamanla yar\u0131\u015f: Kalp krizi ge\u00e7iren yolcu i\u00e7in acile k\u0131rd\u0131"},"content":{"rendered":"<p>Bursa&#8217;n\u0131n Nil\u00fcfer il\u00e7esinde sefer halindeki halk otob\u00fcs\u00fcnde bir yolcu aniden fenala\u015ft\u0131.<\/p>\n<p>Durumu fark eden otob\u00fcs \u015fof\u00f6r\u00fc Muzaffer Sever, yolcularla birlikte ilk m\u00fcdahaleyi yapt\u0131.<\/p>\n<p><strong>\u0130LK YARDIMI SA\u011eLIK G\u00d6REVL\u0130S\u0130 YOLCULAR YAPTI<\/strong><\/p>\n<p>Otob\u00fcste bulunan ve sa\u011fl\u0131k g\u00f6revlisi olduklar\u0131n\u0131 belirten yolcular, kalp krizi ge\u00e7irdi\u011fi anla\u015f\u0131lan yolcuya ilk yard\u0131m yapt\u0131.<\/p>\n<p>Yolcular bir yandan Sever&#8217;den otob\u00fcs\u00fc acil servise s\u00fcrmesini istedi.<\/p>\n<p><img decoding=\"async\" src=\"https:\/\/bihavadis.com\/wp-content\/uploads\/2026\/01\/bursada-halk-otobusunde-zamanla-yaris-kalp-krizi-geciren-yolcu-icin-acile-kirdi-0-yyMPhYxv.jpg\"\/><\/p>\n<p><strong>OTOB\u00dcS \u015eOF\u00d6R\u00dc ZAMANLA YARI\u015eTI<\/strong><\/p>\n<p>H\u0131zl\u0131 bir kararla otob\u00fcs g\u00fczergah\u0131n\u0131 de\u011fi\u015ftirerek, otob\u00fcs\u00fc Uluda\u011f \u00dcniversitesi Hastanesi&#8217;ne y\u00f6nlendiren Sever, adeta zamanla yar\u0131\u015ft\u0131.<\/p>\n<p>Hastaneye kald\u0131r\u0131lan yolcu tedavi alt\u0131na al\u0131nd\u0131.<\/p>\n<p><img decoding=\"async\" src=\"https:\/\/bihavadis.com\/wp-content\/uploads\/2026\/01\/bursada-halk-otobusunde-zamanla-yaris-kalp-krizi-geciren-yolcu-icin-acile-kirdi-1-UqEjsMM7.jpg\"\/><\/p>\n<p><strong>&#8220;VAK\u0130T KAYBETMEDEN ROTAYI HASTANEYE \u00c7EV\u0130RD\u0130M&#8221;<\/strong><\/p>\n<p>Ya\u015fananlar\u0131 anlatan Sever, \u015funlar\u0131 s\u00f6yledi:<\/p>\n<p>Otob\u00fcste bir yolcunun fenala\u015ft\u0131\u011f\u0131n\u0131 fark ettim. Arkaya d\u00f6nd\u00fc\u011f\u00fcmde baz\u0131 yolcular\u0131n sa\u011fl\u0131k g\u00f6revlisi oldu\u011funu \u00f6\u011frendim.<\/p>\n<p>Kalp krizi ge\u00e7irdi\u011fini anlay\u0131nca vakit kaybetmeden rotay\u0131 de\u011fi\u015ftirip hastaneye s\u00fcrd\u00fcm.<\/p>\n<p>Ben de eski ambulans \u015fof\u00f6r\u00fcy\u00fcm. Hemen rotay\u0131 de\u011fi\u015ftirip, hastaneye ula\u015ft\u0131rd\u0131k.<\/p>\n<p><img decoding=\"async\" src=\"https:\/\/bihavadis.com\/wp-content\/uploads\/2026\/01\/bursada-halk-otobusunde-zamanla-yaris-kalp-krizi-geciren-yolcu-icin-acile-kirdi-2-4arYg7Jc.jpg\"\/><\/p>\n<p><strong>O ANLAR ARA\u00c7 \u0130\u00c7\u0130 KAMERASINDA<\/strong><\/p>\n<p>Ya\u015fanan olay, ara\u00e7 i\u00e7i kamera g\u00f6r\u00fcnt\u00fclerine anbean yans\u0131d\u0131.<\/p>\n<p>\u015eof\u00f6r\u00fcn h\u0131zl\u0131 refleksi ve zamanla yar\u0131\u015ft\u0131\u011f\u0131 anlar vatanda\u015flar taraf\u0131ndan tam not ald\u0131.<\/p>\n<p><img decoding=\"async\" src=\"https:\/\/bihavadis.com\/wp-content\/uploads\/2026\/01\/bursada-halk-otobusunde-zamanla-yaris-kalp-krizi-geciren-yolcu-icin-acile-kirdi-3-V369inT4.jpg\"\/><\/p>\n<p><img decoding=\"async\" src=\"https:\/\/bihavadis.com\/wp-content\/uploads\/2026\/01\/bursada-halk-otobusunde-zamanla-yaris-kalp-krizi-geciren-yolcu-icin-acile-kirdi-4-B74w2E2H.jpg\"\/><\/p>\n","protected":false},"excerpt":{"rendered":"<p>Nil\u00fcfer il\u00e7esinde \u015fehir i\u00e7i halk otob\u00fcs\u00fcnde kalp krizi ge\u00e7iren bir yolcu, \u015fof\u00f6r\u00fcn refleksi ve otob\u00fcste bulunan sa\u011fl\u0131k g\u00f6revlilerinin zaman\u0131nda m\u00fcdahalesi sayesinde hayata tutundu.<\/p>\n","protected":false},"author":1,"featured_media":7456,"comment_status":"open","ping_status":"open","sticky":false,"template":"","format":"standard","meta":{"footnotes":""},"categories":[4,13],"tags":[1781,281],"class_list":["post-7455","post","type-post","status-publish","format-standard","has-post-thumbnail","hentry","category-gundem","category-son-dakika","tag-otobus","tag-yolcu"],"_links":{"self":[{"href":"https:\/\/bihavadis.com\/index.php\/wp-json\/wp\/v2\/posts\/7455","targetHints":{"allow":["GET"]}}],"collection":[{"href":"https:\/\/bihavadis.com\/index.php\/wp-json\/wp\/v2\/posts"}],"about":[{"href":"https:\/\/bihavadis.com\/index.php\/wp-json\/wp\/v2\/types\/post"}],"author":[{"embeddable":true,"href":"https:\/\/bihavadis.com\/index.php\/wp-json\/wp\/v2\/users\/1"}],"replies":[{"embeddable":true,"href":"https:\/\/bihavadis.com\/index.php\/wp-json\/wp\/v2\/comments?post=7455"}],"version-history":[{"count":1,"href":"https:\/\/bihavadis.com\/index.php\/wp-json\/wp\/v2\/posts\/7455\/revisions"}],"predecessor-version":[{"id":7462,"href":"https:\/\/bihavadis.com\/index.php\/wp-json\/wp\/v2\/posts\/7455\/revisions\/7462"}],"wp:featuredmedia":[{"embeddable":true,"href":"https:\/\/bihavadis.com\/index.php\/wp-json\/wp\/v2\/media\/7456"}],"wp:attachment":[{"href":"https:\/\/bihavadis.com\/index.php\/wp-json\/wp\/v2\/media?parent=7455"}],"wp:term":[{"taxonomy":"category","embeddable":true,"href":"https:\/\/bihavadis.com\/index.php\/wp-json\/wp\/v2\/categories?post=7455"},{"taxonomy":"post_tag","embeddable":true,"href":"https:\/\/bihavadis.com\/index.php\/wp-json\/wp\/v2\/tags?post=7455"}],"curies":[{"name":"wp","href":"https:\/\/api.w.org\/{rel}","templated":true}]}}