{"id":74689,"date":"2026-04-29T14:03:12","date_gmt":"2026-04-29T14:03:12","guid":{"rendered":"https:\/\/bihavadis.com\/?p=74689"},"modified":"2026-04-29T14:03:12","modified_gmt":"2026-04-29T14:03:12","slug":"joao-pereira-sampiyonlar-liginde-son-16ya-kalan-bir-takimla-oynadik","status":"publish","type":"post","link":"https:\/\/bihavadis.com\/index.php\/2026\/04\/29\/joao-pereira-sampiyonlar-liginde-son-16ya-kalan-bir-takimla-oynadik\/","title":{"rendered":"Joao Pereira: \u015eampiyonlar Ligi&#8217;nde son 16&#8217;ya kalan bir tak\u0131mla oynad\u0131k"},"content":{"rendered":"<p>Galatasaray, S\u00fcper Lig\u2019in 24\u2019\u00fcnc\u00fc haftas\u0131nda sahas\u0131nda Alanyaspor\u2019u 3-1 ma\u011flup etti.<\/p>\n<p>Sar\u0131-k\u0131rm\u0131z\u0131l\u0131 ekip bu sonu\u00e7la puan\u0131n\u0131 58\u2019e y\u00fckseltti. Alanyaspor ise 26 puanda kald\u0131.<\/p>\n<p>Alanyaspor Teknik Direkt\u00f6r\u00fc Joao Pereira, ma\u00e7\u0131n ard\u0131ndan \u00f6nemli a\u00e7\u0131klamalarda bulundu.<\/p>\n<p><strong>&#8220;SON 16&#8217;YA KALAN B\u0130R TAKIMLA OYNADIK&#8221;<\/strong><\/p>\n<p>M\u00fccadeleyi de\u011ferlendiren Pereira, <em><b>&#8220;Kesinlikle mutluyum oyundan. Oyuncular\u0131m\u0131 tebrik ettim. \u00c7ok iyi i\u015f \u00e7\u0131kard\u0131lar. \u015eampiyonlar Ligi&#8217;nde son 16&#8217;ya kalan bir tak\u0131mla oynad\u0131k. Ma\u00e7\u0131 izleyenler, mutlaka g\u00f6rm\u00fc\u015flerdir, biz oynamaya ve kazanmaya \u00e7al\u0131\u015ft\u0131k. \u0130lk yar\u0131 sonunda bir gol yedik ve bunu hak etmemi\u015ftik. \u0130kinci yar\u0131ya iyi ba\u015flad\u0131k, gol\u00fc bulduk, pozisyonlar bulduk ama ikinci gol\u00fc bulduk. Tam oynamaya ba\u015flam\u0131\u015fken 3&#8217;\u00fcnc\u00fc gol\u00fc yedik. Oynamaya \u00e7al\u0131\u015fan tak\u0131mlar bazen bunu ya\u015fayabilir.&#8221; <\/b><\/em>dedi.<\/p>\n<p><img decoding=\"async\" src=\"https:\/\/bihavadis.com\/wp-content\/uploads\/2026\/04\/joao-pereira-sampiyonlar-liginde-son-16ya-kalan-bir-takimla-oynadik-0-QFRxA9Am.jpg\"\/><\/p>\n<p><strong>&#8220;\u00c7OK \u0130Y\u0130 B\u0130R TAKIMA KAR\u015eI M\u00dcCADELE ETT\u0130K&#8221;<\/strong><\/p>\n<p>\u00c7ok iyi bir tak\u0131mla oynad\u0131klar\u0131n\u0131 s\u00f6yleyen gen\u00e7 hoca,  ifadelerini kulland\u0131.<\/p>\n<p><img decoding=\"async\" src=\"https:\/\/bihavadis.com\/wp-content\/uploads\/2026\/04\/joao-pereira-sampiyonlar-liginde-son-16ya-kalan-bir-takimla-oynadik-1-FTkgr8ff.jpg\"\/><\/p>\n<p><strong>&#8220;U\u011eURCAN T\u00dcRK\u0130YE&#8217;DEK\u0130 EN \u0130Y\u0130 KALEC\u0130&#8221;<\/strong><\/p>\n<p>Galatasaray&#8217;\u0131n kalecisi, kendisinin de Trabzonspor&#8217;da forma giydi\u011fi d\u00f6nemde tak\u0131m arkada\u015f\u0131 olan U\u011furcan \u00c7ak\u0131r ile ilgili de konu\u015fan Pereira, <em><b>&#8220;U\u011furcan \u00c7ak\u0131r, en iyi kalecilerden biri, muhtemelen T\u00fcrkiye&#8217;deki en iyi kaleci. \u00c7ok iyi kurtar\u0131\u015flar yap\u0131yor. Birlikte oynarken \u00e7ok gen\u00e7ti ve hep \u00f6\u011frenmeye \u00e7al\u0131\u015fan biriydi. Sezonun ilk ma\u00e7\u0131nda da \u00e7ok kurtar\u0131\u015f yapm\u0131\u015ft\u0131. Onun bu kurtar\u0131\u015flar\u0131, bizim iyi oynad\u0131\u011f\u0131m\u0131z\u0131n g\u00f6stergesi.&#8221;<\/b><\/em> s\u00f6zlerini sarf etti.<\/p>\n<p><img decoding=\"async\" src=\"https:\/\/bihavadis.com\/wp-content\/uploads\/2026\/04\/joao-pereira-sampiyonlar-liginde-son-16ya-kalan-bir-takimla-oynadik-2-rFV53uak.jpg\"\/> <\/p>\n<div> <span><strong>Kaynak:<\/strong> Ensonhaber Haber Merkezi<\/span> <\/div>\n","protected":false},"excerpt":{"rendered":"<p>Galatasaray, S\u00fcper Lig\u2019in 24\u2019\u00fcnc\u00fc haftas\u0131nda sahas\u0131nda Alanyaspor\u2019u 3-1 ma\u011flup etti. Sar\u0131-k\u0131rm\u0131z\u0131l\u0131 ekip bu sonu\u00e7la puan\u0131n\u0131 58\u2019e y\u00fckseltti. Alanyaspor ise 26 puanda kald\u0131. Alanyaspor Teknik Direkt\u00f6r\u00fc Joao Pereira, ma\u00e7\u0131n ard\u0131ndan \u00f6nemli a\u00e7\u0131klamalarda &#8230;<\/p>\n","protected":false},"author":1,"featured_media":74690,"comment_status":"open","ping_status":"open","sticky":false,"template":"","format":"standard","meta":{"footnotes":""},"categories":[14],"tags":[366],"class_list":["post-74689","post","type-post","status-publish","format-standard","has-post-thumbnail","hentry","category-spor","tag-takim"],"_links":{"self":[{"href":"https:\/\/bihavadis.com\/index.php\/wp-json\/wp\/v2\/posts\/74689","targetHints":{"allow":["GET"]}}],"collection":[{"href":"https:\/\/bihavadis.com\/index.php\/wp-json\/wp\/v2\/posts"}],"about":[{"href":"https:\/\/bihavadis.com\/index.php\/wp-json\/wp\/v2\/types\/post"}],"author":[{"embeddable":true,"href":"https:\/\/bihavadis.com\/index.php\/wp-json\/wp\/v2\/users\/1"}],"replies":[{"embeddable":true,"href":"https:\/\/bihavadis.com\/index.php\/wp-json\/wp\/v2\/comments?post=74689"}],"version-history":[{"count":1,"href":"https:\/\/bihavadis.com\/index.php\/wp-json\/wp\/v2\/posts\/74689\/revisions"}],"predecessor-version":[{"id":74694,"href":"https:\/\/bihavadis.com\/index.php\/wp-json\/wp\/v2\/posts\/74689\/revisions\/74694"}],"wp:featuredmedia":[{"embeddable":true,"href":"https:\/\/bihavadis.com\/index.php\/wp-json\/wp\/v2\/media\/74690"}],"wp:attachment":[{"href":"https:\/\/bihavadis.com\/index.php\/wp-json\/wp\/v2\/media?parent=74689"}],"wp:term":[{"taxonomy":"category","embeddable":true,"href":"https:\/\/bihavadis.com\/index.php\/wp-json\/wp\/v2\/categories?post=74689"},{"taxonomy":"post_tag","embeddable":true,"href":"https:\/\/bihavadis.com\/index.php\/wp-json\/wp\/v2\/tags?post=74689"}],"curies":[{"name":"wp","href":"https:\/\/api.w.org\/{rel}","templated":true}]}}