{"id":74849,"date":"2026-04-29T16:30:07","date_gmt":"2026-04-29T16:30:07","guid":{"rendered":"https:\/\/bihavadis.com\/?p=74849"},"modified":"2026-04-29T16:30:07","modified_gmt":"2026-04-29T16:30:07","slug":"dubaide-burj-el-araba-iran-fuzesi-isabet-etti","status":"publish","type":"post","link":"https:\/\/bihavadis.com\/index.php\/2026\/04\/29\/dubaide-burj-el-araba-iran-fuzesi-isabet-etti\/","title":{"rendered":"Dubai\u2019de Burj el-Arab\u2019a \u0130ran f\u00fczesi isabet etti"},"content":{"rendered":"<p>ABD ve \u0130srail, \u0130ran\u2019a y\u00f6nelik kapsaml\u0131 bir ortak askeri operasyon ba\u015flatt\u0131.<\/p>\n<p>Operasyon kapsam\u0131nda Tahran ba\u015fta olmak \u00fczere \u00fclkenin bir\u00e7ok kentinde hava sald\u0131r\u0131lar\u0131 d\u00fczenlendi, kritik askeri ve stratejik hedeflerin vuruldu\u011fu bildirildi.<\/p>\n<p>Sald\u0131r\u0131lar, \u0130ran\u2019\u0131n n\u00fckleer altyap\u0131s\u0131, komuta merkezleri ve g\u00fcvenlik tesislerini hedef ald\u0131.<\/p>\n<p>\u0130ran\u2019\u0131n ABD ve \u0130srail \u00fcslerine balistik f\u00fczeler ve insans\u0131z hava ara\u00e7lar\u0131yla misilleme yapt\u0131\u011f\u0131 kaydedildi.<\/p>\n<p><strong>DUBA\u0130\u2019DE BURJ EL-ARAB OTEL\u0130NE F\u00dcZE \u0130SABET ETT\u0130, YANGIN \u00c7IKTI<\/strong><\/p>\n<p>\u0130ran\u2019\u0131n ABD ve \u0130srail \u00fcslerine y\u00f6nelik misilleme sald\u0131r\u0131lar\u0131 s\u00fcrerken, f\u0131rlat\u0131lan f\u00fczeler Birle\u015fik Arap Emirlikleri\u2019nin Dubai kentinde bulunan d\u00fcnyaca \u00fcnl\u00fc Burj el-Arab oteline isabet etti.<\/p>\n<p>Sald\u0131r\u0131n\u0131n ard\u0131ndan otelde yang\u0131n \u00e7\u0131kt\u0131 ve itfaiye ekipleri olay yerine sevk edildi.<\/p>\n<p><img decoding=\"async\" src=\"https:\/\/bihavadis.com\/wp-content\/uploads\/2026\/04\/dubaide-burj-el-araba-iran-fuzesi-isabet-etti-0-kFQjuUyk.jpg\"\/> <\/p>\n<div> <span><strong>Kaynak:<\/strong> Ensonhaber Haber Merkezi<\/span> <\/div>\n","protected":false},"excerpt":{"rendered":"<p>ABD ve \u0130srail, \u0130ran\u2019a y\u00f6nelik kapsaml\u0131 bir ortak askeri operasyon ba\u015flatt\u0131. Operasyon kapsam\u0131nda Tahran ba\u015fta olmak \u00fczere \u00fclkenin bir\u00e7ok kentinde hava sald\u0131r\u0131lar\u0131 d\u00fczenlendi, kritik askeri ve stratejik hedeflerin vuruldu\u011fu bildirildi. Sald\u0131r\u0131lar &#8230;<\/p>\n","protected":false},"author":1,"featured_media":74850,"comment_status":"open","ping_status":"open","sticky":false,"template":"","format":"standard","meta":{"footnotes":""},"categories":[6],"tags":[],"class_list":["post-74849","post","type-post","status-publish","format-standard","has-post-thumbnail","hentry","category-dunya"],"_links":{"self":[{"href":"https:\/\/bihavadis.com\/index.php\/wp-json\/wp\/v2\/posts\/74849","targetHints":{"allow":["GET"]}}],"collection":[{"href":"https:\/\/bihavadis.com\/index.php\/wp-json\/wp\/v2\/posts"}],"about":[{"href":"https:\/\/bihavadis.com\/index.php\/wp-json\/wp\/v2\/types\/post"}],"author":[{"embeddable":true,"href":"https:\/\/bihavadis.com\/index.php\/wp-json\/wp\/v2\/users\/1"}],"replies":[{"embeddable":true,"href":"https:\/\/bihavadis.com\/index.php\/wp-json\/wp\/v2\/comments?post=74849"}],"version-history":[{"count":1,"href":"https:\/\/bihavadis.com\/index.php\/wp-json\/wp\/v2\/posts\/74849\/revisions"}],"predecessor-version":[{"id":74852,"href":"https:\/\/bihavadis.com\/index.php\/wp-json\/wp\/v2\/posts\/74849\/revisions\/74852"}],"wp:featuredmedia":[{"embeddable":true,"href":"https:\/\/bihavadis.com\/index.php\/wp-json\/wp\/v2\/media\/74850"}],"wp:attachment":[{"href":"https:\/\/bihavadis.com\/index.php\/wp-json\/wp\/v2\/media?parent=74849"}],"wp:term":[{"taxonomy":"category","embeddable":true,"href":"https:\/\/bihavadis.com\/index.php\/wp-json\/wp\/v2\/categories?post=74849"},{"taxonomy":"post_tag","embeddable":true,"href":"https:\/\/bihavadis.com\/index.php\/wp-json\/wp\/v2\/tags?post=74849"}],"curies":[{"name":"wp","href":"https:\/\/api.w.org\/{rel}","templated":true}]}}