{"id":74926,"date":"2026-04-29T17:33:10","date_gmt":"2026-04-29T17:33:10","guid":{"rendered":"https:\/\/bihavadis.com\/?p=74926"},"modified":"2026-04-29T17:33:10","modified_gmt":"2026-04-29T17:33:10","slug":"iftar-sofrasi-beldibinde-kuruldu","status":"publish","type":"post","link":"https:\/\/bihavadis.com\/index.php\/2026\/04\/29\/iftar-sofrasi-beldibinde-kuruldu\/","title":{"rendered":"\u0130ftar sofras\u0131 Beldibi&#8217;nde kuruldu"},"content":{"rendered":"<p>Kemer Belediye Ba\u015fkan\u0131 Necati Topalo\u011flu ev sahipli\u011finde d\u00fczenlenen iftar programlar\u0131, Beldibi Mahallesi ile devam etti.\u00a0<\/p>\n<p>Beldibi Mahallesi&#8217;ndeki pazar yerinde d\u00fczenlenen iftar yeme\u011fine, Kemer Belediye Ba\u015fkan Vekili Mustafa \u00c7elik, CHP Kemer \u0130l\u00e7e Ba\u015fkan\u0131 Sedat Karakaya, Kemer Belediye Ba\u015fkan Yard\u0131mc\u0131lar\u0131 Emin G\u00fcl, Semih Top, Mehmet Derya Baytekin, Furkan \u00dcst\u00fcnda\u011f, Kemer Belediye Meclis \u00dcyeleri Mustafa Bilici, H\u00fcseyin \u00c7elik, Sema \u00d6zdemir, Kemer Belediyesi Beldibi Mahalle Sorumlusu Cumali Akda\u011f, belediye birim m\u00fcd\u00fcrleri ve vatanda\u015flar kat\u0131ld\u0131.<\/p>\n<p>\u0130ftar yeme\u011fi \u00f6ncesi pazar yerine gelen vatanda\u015flar\u0131 pazar yeri giri\u015finde Ba\u015fkan Vekili \u00c7elik ve beraberindekiler kar\u015f\u0131larken, Kur&#8217;an-\u0131 Kerim tilaveti ve dualar okundu.<\/p>\n<p>Ba\u015fkan Vekili \u00c7elik, vatanda\u015flarla selamla\u015farak masalar\u0131 tek tek dola\u015ft\u0131 ve iftar\u0131n\u0131 a\u00e7an vatanda\u015flar\u0131n ramazan ay\u0131n\u0131 tebrik etti.<\/p>\n<p>\u0130ftar yeme\u011fine kat\u0131lan vatanda\u015flar, iftar program\u0131 kapsam\u0131nda d\u00fczenlenen semazen g\u00f6sterisini ilgiyle izledi.<\/p>\n<p>\u0130ftar program\u0131, yap\u0131lan dua ile sona erdi. Bir sonraki iftar program\u0131n\u0131n, 16 Mart Pazartesi g\u00fcn\u00fc Kemer Cumhuriyet Meydan\u0131nda yap\u0131laca\u011f\u0131 bildirildi.<\/p>\n<p>Kaynak: (BYZHA) Beyaz Haber Ajans\u0131<\/p>\n","protected":false},"excerpt":{"rendered":"<p>Kemer Belediye Ba\u015fkan\u0131 Necati Topalo\u011flu ev sahipli\u011finde d\u00fczenlenen iftar programlar\u0131, Beldibi Mahallesi ile devam etti.\u00a0<\/p>\n","protected":false},"author":1,"featured_media":74927,"comment_status":"open","ping_status":"open","sticky":false,"template":"","format":"standard","meta":{"footnotes":""},"categories":[4],"tags":[516,675,1135],"class_list":["post-74926","post","type-post","status-publish","format-standard","has-post-thumbnail","hentry","category-gundem","tag-baskan","tag-iftar","tag-vatandaslar"],"_links":{"self":[{"href":"https:\/\/bihavadis.com\/index.php\/wp-json\/wp\/v2\/posts\/74926","targetHints":{"allow":["GET"]}}],"collection":[{"href":"https:\/\/bihavadis.com\/index.php\/wp-json\/wp\/v2\/posts"}],"about":[{"href":"https:\/\/bihavadis.com\/index.php\/wp-json\/wp\/v2\/types\/post"}],"author":[{"embeddable":true,"href":"https:\/\/bihavadis.com\/index.php\/wp-json\/wp\/v2\/users\/1"}],"replies":[{"embeddable":true,"href":"https:\/\/bihavadis.com\/index.php\/wp-json\/wp\/v2\/comments?post=74926"}],"version-history":[{"count":1,"href":"https:\/\/bihavadis.com\/index.php\/wp-json\/wp\/v2\/posts\/74926\/revisions"}],"predecessor-version":[{"id":74928,"href":"https:\/\/bihavadis.com\/index.php\/wp-json\/wp\/v2\/posts\/74926\/revisions\/74928"}],"wp:featuredmedia":[{"embeddable":true,"href":"https:\/\/bihavadis.com\/index.php\/wp-json\/wp\/v2\/media\/74927"}],"wp:attachment":[{"href":"https:\/\/bihavadis.com\/index.php\/wp-json\/wp\/v2\/media?parent=74926"}],"wp:term":[{"taxonomy":"category","embeddable":true,"href":"https:\/\/bihavadis.com\/index.php\/wp-json\/wp\/v2\/categories?post=74926"},{"taxonomy":"post_tag","embeddable":true,"href":"https:\/\/bihavadis.com\/index.php\/wp-json\/wp\/v2\/tags?post=74926"}],"curies":[{"name":"wp","href":"https:\/\/api.w.org\/{rel}","templated":true}]}}