{"id":75047,"date":"2026-04-29T19:21:10","date_gmt":"2026-04-29T19:21:10","guid":{"rendered":"https:\/\/bihavadis.com\/?p=75047"},"modified":"2026-04-29T19:21:10","modified_gmt":"2026-04-29T19:21:10","slug":"lgs-ne-zaman-yapilacak","status":"publish","type":"post","link":"https:\/\/bihavadis.com\/index.php\/2026\/04\/29\/lgs-ne-zaman-yapilacak\/","title":{"rendered":"LGS Ne Zaman Yap\u0131lacak?"},"content":{"rendered":"<div><strong>LGS 13 Haziran\u2019da yap\u0131lacak. \u00a0<\/strong>Bakan Yusuf Tekin buradaki konu\u015fmas\u0131nda, 14 Haziran\u2019da yap\u0131laca\u011f\u0131 duyurulan Liselere Ge\u00e7i\u015f Sistemi (LGS) kapsam\u0131ndaki merkezi s\u0131nav\u0131n D\u00fcnya Kupas\u0131\u2019ndaki T\u00fcrkiye-Avustralya ma\u00e7\u0131 sebebiyle bir g\u00fcn \u00f6ne \u00e7ekilerek 13 Haziran\u2019a al\u0131nd\u0131\u011f\u0131n\u0131 bildirdi.<\/div>\n<div>\u201c14 Haziran\u2019da yap\u0131laca\u011f\u0131 duyurulan Liselere Ge\u00e7i\u015f Sistemi (LGS) kapsam\u0131ndaki merkez\u00ee s\u0131nav\u0131n D\u00fcnya Kupas\u0131\u2019ndaki T\u00fcrkiye \u2013 Avustralya ma\u00e7\u0131 sebebiyle \u00f6ne \u00e7ekilebilece\u011fi\u201d \u015feklindeki a\u00e7\u0131klamas\u0131yla ilgili g\u00f6r\u00fc\u015fleri de sorulan Tekin, \u201cAnlamakta ger\u00e7ekten zorlan\u0131yorum. Bu a\u00e7\u0131klamay\u0131 yapt\u0131k. Ne s\u00f6yleyece\u011fini \u015fa\u015f\u0131ran baz\u0131 her \u015feye muhalif insanlar bunu da ele\u015ftirdiler. Hatta \u015f\u00f6yle bir a\u00e7\u0131klama g\u00f6rd\u00fcm: \u2018S\u0131nav\u0131n tarihini de\u011fi\u015ftirece\u011finize ma\u00e7\u0131n saatini de\u011fi\u015ftirirseniz\u2026\u2019 \u00c7ok komik, \u00fcz\u00fcnt\u00fc verici \u015feyler bunlar.\u201d dedi. T\u00fcrkiye\u2019nin D\u00fcnya Kupas\u0131 grup a\u015famas\u0131ndaki ilk ma\u00e7\u0131n\u0131n 14 Haziran Pazar g\u00fcn\u00fc T\u00fcrkiye saatiyle 07.00 civar\u0131nda ba\u015flayaca\u011f\u0131n\u0131 \u00f6\u011frendiklerini aktaran Tekin, \u00f6\u011frencilerin mill\u00ee heyecana ortak olabilmeleri i\u00e7in \u00e7al\u0131\u015fma ba\u015flatt\u0131klar\u0131n\u0131 ifade etti. Yap\u0131lan teknik ve hukuki incelemeler sonucunda s\u0131nav\u0131n bir g\u00fcn \u00f6ne al\u0131nmas\u0131nda engel g\u00f6r\u00fclmedi\u011fini dile getiren Tekin, \u015funlar\u0131 s\u00f6yledi: \u201c\u00c7ar\u015famba g\u00fcn\u00fc itibar\u0131yla bu konuda arkada\u015flar\u0131m\u0131z \u00e7al\u0131\u015fmaya ba\u015flad\u0131lar ve 14 Haziran g\u00fcn\u00fc yap\u0131laca\u011f\u0131n\u0131 ilan etti\u011fimiz temel e\u011fitimden orta\u00f6\u011fretime ge\u00e7i\u015f kapsam\u0131ndaki liselere ge\u00e7i\u015f s\u0131nav\u0131n\u0131n, 13 Haziran Cumartesi g\u00fcn\u00fc ayn\u0131 saatte yap\u0131lmas\u0131na hukuken ve teknik olarak bir engel olmad\u0131\u011f\u0131n\u0131 arkada\u015flar\u0131m\u0131z tespit edince biz de s\u0131nav de\u011fi\u015fikli\u011fini yapmaya karar verdik. 13 Haziran\u2019da s\u0131nav\u0131 yapaca\u011f\u0131z.\u201d<\/div>\n<div><img decoding=\"async\" src=\"https:\/\/bihavadis.com\/wp-content\/uploads\/2026\/04\/lgs-ne-zaman-yapilacak-0-EYWQQ9FB.jpeg\"\/><\/div>\n<p><b><strong>\u201c12 Haziran Cuma g\u00fcn\u00fc idari tatil olacak\u201d<\/strong><\/b><\/p>\n<div>S\u0131nav \u00f6ncesi haz\u0131rl\u0131k s\u00fcreci ve velilerin okul ziyaretleri i\u00e7in de d\u00fczenleme yapt\u0131klar\u0131n\u0131 aktaran Tekin, s\u00f6zlerini \u015f\u00f6yle s\u00fcrd\u00fcrd\u00fc: \u201cOkullar\u0131m\u0131z\u0131n, s\u0131nav\u0131n pazar g\u00fcn\u00fc olmas\u0131 durumunda cumartesi g\u00fcn\u00fc haz\u0131rl\u0131klar\u0131n yap\u0131ld\u0131\u011f\u0131 g\u00fcn olarak, velilerimizin \u00e7ocuklar\u0131n\u0131n s\u0131nava girecekleri yerlerle ilgili haz\u0131rl\u0131klar\u0131n\u0131 yapt\u0131klar\u0131 bir g\u00fcn olarak bizim i\u00e7in \u00f6nemliydi. Dolay\u0131s\u0131yla bu haz\u0131rl\u0131klar a\u00e7\u0131s\u0131ndan da bir sorun ya\u015fanmamas\u0131 ad\u0131na 12 Haziran Cuma g\u00fcn\u00fc de Bakanl\u0131\u011f\u0131m\u0131z b\u00fcnyesindeki \u00f6rg\u00fcn e\u011fitim kurumlar\u0131nda bir g\u00fcn idari izin olarak ge\u00e7irilmesini bug\u00fcn zannediyorum arkada\u015flar\u0131m\u0131z bas\u0131n a\u00e7\u0131klamas\u0131yla duyuracaklar. Dolay\u0131s\u0131yla 12 Haziran Cuma g\u00fcn\u00fc idari tatil \u00f6rg\u00fcn e\u011fitim kurumlar\u0131nda. 13 Haziran Cumartesi g\u00fcn\u00fc daha \u00f6nce ilan etti\u011fimiz ayn\u0131 saatte liselere ge\u00e7i\u015f s\u0131nav\u0131n\u0131 ger\u00e7ekle\u015ftirmi\u015f olaca\u011f\u0131z. \u00c7ocuklar\u0131m\u0131za, \u00f6\u011fretmenlerimize hay\u0131rl\u0131 olmas\u0131n\u0131 temenni ediyorum\u201d (BSHA \u2013 Bilim ve Sa\u011fl\u0131k Haber Ajans\u0131)<\/div>\n","protected":false},"excerpt":{"rendered":"<p>LGS ne zaman yap\u0131laca\u011f\u0131 ile ilgili sorular her ge\u00e7en g\u00fcn art\u0131yor. Mill\u00ee E\u011fitim Bakan\u0131 Yusuf Tekin, Liselere Ge\u00e7i\u015f Sistemi (LGS) s\u0131nav\u0131n\u0131n 13 Haziran&#8217;da yap\u0131laca\u011f\u0131n\u0131 a\u00e7\u0131klad\u0131.<\/p>\n","protected":false},"author":1,"featured_media":75048,"comment_status":"open","ping_status":"open","sticky":false,"template":"","format":"standard","meta":{"footnotes":""},"categories":[7],"tags":[3083,1411,236,4257,3466],"class_list":["post-75047","post","type-post","status-publish","format-standard","has-post-thumbnail","hentry","category-egitim","tag-cuma","tag-gecis","tag-gun","tag-haziran","tag-tekin"],"_links":{"self":[{"href":"https:\/\/bihavadis.com\/index.php\/wp-json\/wp\/v2\/posts\/75047","targetHints":{"allow":["GET"]}}],"collection":[{"href":"https:\/\/bihavadis.com\/index.php\/wp-json\/wp\/v2\/posts"}],"about":[{"href":"https:\/\/bihavadis.com\/index.php\/wp-json\/wp\/v2\/types\/post"}],"author":[{"embeddable":true,"href":"https:\/\/bihavadis.com\/index.php\/wp-json\/wp\/v2\/users\/1"}],"replies":[{"embeddable":true,"href":"https:\/\/bihavadis.com\/index.php\/wp-json\/wp\/v2\/comments?post=75047"}],"version-history":[{"count":1,"href":"https:\/\/bihavadis.com\/index.php\/wp-json\/wp\/v2\/posts\/75047\/revisions"}],"predecessor-version":[{"id":75050,"href":"https:\/\/bihavadis.com\/index.php\/wp-json\/wp\/v2\/posts\/75047\/revisions\/75050"}],"wp:featuredmedia":[{"embeddable":true,"href":"https:\/\/bihavadis.com\/index.php\/wp-json\/wp\/v2\/media\/75048"}],"wp:attachment":[{"href":"https:\/\/bihavadis.com\/index.php\/wp-json\/wp\/v2\/media?parent=75047"}],"wp:term":[{"taxonomy":"category","embeddable":true,"href":"https:\/\/bihavadis.com\/index.php\/wp-json\/wp\/v2\/categories?post=75047"},{"taxonomy":"post_tag","embeddable":true,"href":"https:\/\/bihavadis.com\/index.php\/wp-json\/wp\/v2\/tags?post=75047"}],"curies":[{"name":"wp","href":"https:\/\/api.w.org\/{rel}","templated":true}]}}