{"id":75051,"date":"2026-04-29T19:24:34","date_gmt":"2026-04-29T19:24:34","guid":{"rendered":"https:\/\/bihavadis.com\/?p=75051"},"modified":"2026-04-29T19:24:34","modified_gmt":"2026-04-29T19:24:34","slug":"felaketimiz-olur-diyen-cumhurbaskani-hakli-cikartan-tablo","status":"publish","type":"post","link":"https:\/\/bihavadis.com\/index.php\/2026\/04\/29\/felaketimiz-olur-diyen-cumhurbaskani-hakli-cikartan-tablo\/","title":{"rendered":"&#8220;Felaketimiz olur&#8221; diyen Cumhurba\u015fkan\u0131 hakl\u0131 \u00e7\u0131kartan tablo"},"content":{"rendered":"<p>T\u00fcrkiye \u0130statistik Kurumu (T\u00dc\u0130K), 2025 y\u0131l\u0131 Adrese Dayal\u0131 N\u00fcfus Kay\u0131t Sistemi sonu\u00e7lar\u0131n\u0131 a\u00e7\u0131klad\u0131. Buna g\u00f6re T\u00fcrkiye&#8217;de ikamet eden n\u00fcfus, 31 Aral\u0131k 2025 itibar\u0131yla bir \u00f6nceki y\u0131la g\u00f6re 427 bin 224 ki\u015fi artarak 86 milyon 92 bin 168 oldu. Erkek n\u00fcfus 43 milyon 59 bin 434, kad\u0131n n\u00fcfus ise 43 milyon 32 bin 734 ki\u015fi olarak kay\u0131tlara ge\u00e7ti.<\/p>\n<p><b>ORTANCA YA\u015e 34,9&#8217;A Y\u00dcKSELD\u0130<\/b><\/p>\n<p>T\u00dc\u0130K verilerine g\u00f6re; T\u00fcrkiye n\u00fcfusunun ortanca ya\u015f\u0131 2025&#8217;te 34,9&#8217;a y\u00fckseldi. Ortanca ya\u015f, n\u00fcfusu olu\u015fturan bireylerin ya\u015flar\u0131 s\u0131raland\u0131\u011f\u0131nda ortada kalan ki\u015finin ya\u015f\u0131n\u0131 ifade ediyor. 2024&#8217;te 34,4 olan ortanca ya\u015f, erkeklerde 33,7&#8217;den 34,2&#8217;ye, kad\u0131nlarda ise 35,2&#8217;den 35,7&#8217;ye \u00e7\u0131kt\u0131.<\/p>\n<p><b>ORTANCA YA\u015eI EN Y\u00dcKSEK \u0130L S\u0130NOP OLDU<\/b><\/p>\n<p>Ortanca ya\u015f\u0131n illere g\u00f6re da\u011f\u0131l\u0131m\u0131na bak\u0131ld\u0131\u011f\u0131nda, Sinop&#8217;un 44 ile en y\u00fcksek ortanca ya\u015f de\u011ferine sahip il oldu\u011fu g\u00f6r\u00fcld\u00fc. Sinop&#8217;u, 43,5 ile Giresun ve 43,3 ile Kastamonu izledi. Di\u011fer yandan 21,8 ile \u015eanl\u0131urfa en d\u00fc\u015f\u00fck ortanca ya\u015fa sahip il oldu. \u015eanl\u0131urfa&#8217;y\u0131, 23,3 ile \u015e\u0131rnak ve 25 ile Siirt takip etti.<\/p>\n<p><b>ERDO\u011eAN DA D\u0130KKAT \u00c7EKM\u0130\u015eT\u0130 <\/b><\/p>\n<p>Her f\u0131rsatta T\u00fcrkiye&#8217;deki do\u011furganl\u0131k oran\u0131n\u0131n d\u00fc\u015f\u00fc\u015f\u00fcne dikkat \u00e7ekip n\u00fcfusun ya\u015f ortalamas\u0131n\u0131n artt\u0131\u011f\u0131na vurgu yapan Cumhurba\u015fkan\u0131 Erdo\u011fan, &#8220;N\u00fcfusumuz art\u0131yor fakat n\u00fcfus art\u0131\u015f h\u0131z\u0131m\u0131z azal\u0131yor. Toplam do\u011furganl\u0131k oran\u0131 n\u00fcfusumuzun kendisini yenileme seviyesinin alt\u0131nda ger\u00e7ekle\u015fiyor. T\u00dc\u0130K&#8217;in verilerine g\u00f6re ge\u00e7en y\u0131l\u0131n toplam do\u011furganl\u0131k h\u0131z\u0131 1,48. \u015eu anda bir felaketi ya\u015f\u0131yoruz. Bu oran n\u00fcfusun kendini yenileme d\u00fczeyi olan 2,10 band\u0131n\u0131n \u00e7ok alt\u0131nda. Gelece\u011fimiz a\u00e7\u0131s\u0131nda alarm zilleri \u00e7ok y\u00fcksek sesle \u00e7al\u0131yor. Bu \u00fclkenin istikbalini d\u00fc\u015f\u00fcnen kimse buna kay\u0131ts\u0131z kalamaz&#8221; demi\u015fti.<\/p>\n<p><b>&#8220;\u00c7OK YA\u015eLI \u00dcLKELER&#8221; SINIFINA DAH\u0130L OLDUK<\/b><\/p>\n<p>T\u00dc\u0130K Ba\u015fkan Yard\u0131mc\u0131s\u0131 Furkan Metin de konuyla ilgili a\u00e7\u0131klamas\u0131nda T\u00fcrkiye&#8217;nin ge\u00e7en y\u0131l itibar\u0131yla &#8220;\u00e7ok ya\u015fl\u0131 \u00fclkeler&#8221; s\u0131n\u0131f\u0131na dahil oldu\u011funun alt\u0131n\u0131 \u00e7izerek, gelecek 25 y\u0131lda ya\u015fl\u0131 n\u00fcfus oran\u0131n\u0131n y\u00fczde 25&#8217;in \u00fczerine \u00e7\u0131kabilece\u011fini kaydetmi\u015fti. Ya\u015fanan bu d\u00fc\u015f\u00fc\u015fe paralel olarak ortalama ya\u015f\u0131n h\u0131zla artt\u0131\u011f\u0131na dikkati \u00e7eken Metin, &#8220;T\u00fcrkiye, 1990&#8217;l\u0131 y\u0131llarda 20 ya\u015f\u0131ndaki gen\u00e7 gibiydi. Do\u011furganl\u0131ktaki d\u00fc\u015f\u00fc\u015f bu \u015fekilde devam ederse yakla\u015f\u0131k 40 y\u0131l i\u00e7erisinde ortanca ya\u015f\u0131m\u0131z 45&#8217;in \u00fczerine \u00e7\u0131kabilir. 45 ya\u015f\u0131ndaki T\u00fcrkiye&#8217;nin enerjisiyle, 1990&#8217;l\u0131 y\u0131llarda 20-25&#8217;li ya\u015flarda olan T\u00fcrkiye&#8217;nin enerjisi bir olmayacak.&#8221; ifadelerini kullanm\u0131\u015ft\u0131.<\/p>\n","protected":false},"excerpt":{"rendered":"<p>T\u00fcrkiye&#8217;de 2024 y\u0131l\u0131nda 34,4 olan ortanca ya\u015f, 2025 y\u0131l\u0131nda 34,9&#8217;a y\u00fckseldi. Cinsiyete g\u00f6re incelendi\u011finde, ortanca ya\u015f\u0131n erkeklerde 33,7&#8217;den 34,2&#8217;ye, kad\u0131nlarda ise 35,2&#8217;den 35,7&#8217;ye y\u00fckseldi\u011fi g\u00f6r\u00fcld\u00fc. Bu rakamlar her f\u0131rsatta do\u011furganl\u0131k oran\u0131n\u0131n d\u00fc\u015ft\u00fc\u011f\u00fcne ve n\u00fcfusun ya\u015f ortalamas\u0131n\u0131n artt\u0131\u011f\u0131na vurgu yapan Cumhurba\u015fkan\u0131 Erdo\u011fan&#8217;\u0131 hakl\u0131 \u00e7\u0131kard\u0131.<\/p>\n","protected":false},"author":1,"featured_media":75052,"comment_status":"open","ping_status":"open","sticky":false,"template":"","format":"standard","meta":{"footnotes":""},"categories":[12],"tags":[339,197,379],"class_list":["post-75051","post","type-post","status-publish","format-standard","has-post-thumbnail","hentry","category-siyaset","tag-nufus","tag-turkiye","tag-yas"],"_links":{"self":[{"href":"https:\/\/bihavadis.com\/index.php\/wp-json\/wp\/v2\/posts\/75051","targetHints":{"allow":["GET"]}}],"collection":[{"href":"https:\/\/bihavadis.com\/index.php\/wp-json\/wp\/v2\/posts"}],"about":[{"href":"https:\/\/bihavadis.com\/index.php\/wp-json\/wp\/v2\/types\/post"}],"author":[{"embeddable":true,"href":"https:\/\/bihavadis.com\/index.php\/wp-json\/wp\/v2\/users\/1"}],"replies":[{"embeddable":true,"href":"https:\/\/bihavadis.com\/index.php\/wp-json\/wp\/v2\/comments?post=75051"}],"version-history":[{"count":1,"href":"https:\/\/bihavadis.com\/index.php\/wp-json\/wp\/v2\/posts\/75051\/revisions"}],"predecessor-version":[{"id":75053,"href":"https:\/\/bihavadis.com\/index.php\/wp-json\/wp\/v2\/posts\/75051\/revisions\/75053"}],"wp:featuredmedia":[{"embeddable":true,"href":"https:\/\/bihavadis.com\/index.php\/wp-json\/wp\/v2\/media\/75052"}],"wp:attachment":[{"href":"https:\/\/bihavadis.com\/index.php\/wp-json\/wp\/v2\/media?parent=75051"}],"wp:term":[{"taxonomy":"category","embeddable":true,"href":"https:\/\/bihavadis.com\/index.php\/wp-json\/wp\/v2\/categories?post=75051"},{"taxonomy":"post_tag","embeddable":true,"href":"https:\/\/bihavadis.com\/index.php\/wp-json\/wp\/v2\/tags?post=75051"}],"curies":[{"name":"wp","href":"https:\/\/api.w.org\/{rel}","templated":true}]}}