{"id":75063,"date":"2026-04-29T19:39:10","date_gmt":"2026-04-29T19:39:10","guid":{"rendered":"https:\/\/bihavadis.com\/?p=75063"},"modified":"2026-04-29T19:39:10","modified_gmt":"2026-04-29T19:39:10","slug":"cumhurbaskani-erdogandan-bahceliye-turk-bayragi-motifli-tebrik-cicegi","status":"publish","type":"post","link":"https:\/\/bihavadis.com\/index.php\/2026\/04\/29\/cumhurbaskani-erdogandan-bahceliye-turk-bayragi-motifli-tebrik-cicegi\/","title":{"rendered":"Cumhurba\u015fkan\u0131 Erdo\u011fan&#8217;dan Bah\u00e7eli&#8217;ye T\u00fcrk bayra\u011f\u0131 motifli tebrik \u00e7i\u00e7e\u011fi"},"content":{"rendered":"<p>\n<p>CUMHURBA\u015eKANI Recep Tayyip Erdo\u011fan, MHP Genel Ba\u015fkan\u0131 Devlet Bah\u00e7eli&#8217;ye, MHP&#8217;nin 57&#8217;nci kurulu\u015f y\u0131l d\u00f6n\u00fcm\u00fc nedeniyle T\u00fcrk bayra\u011f\u0131 motifli tebrik \u00e7i\u00e7e\u011fi g\u00f6nderdi.<\/p>\n<p>AK Parti Genel Sekreteri Eyy\u00fcp Kadir \u0130nan, Cumhurba\u015fkan\u0131 Recep Tayyip Erdo\u011fan&#8217;\u0131n g\u00f6nderdi\u011fi ve \u00fczerinde 57&#8217;nci y\u0131la atfen 57 g\u00fcl\u00fcn yer ald\u0131\u011f\u0131 tebrik \u00e7i\u00e7e\u011fine ili\u015fkin sanal medya hesab\u0131ndan a\u00e7\u0131klama yapt\u0131. \u0130nan, &#8220;Cumhurba\u015fkan\u0131m\u0131z ve Genel Ba\u015fkan\u0131m\u0131z Say\u0131n Recep Tayyip Erdo\u011fan, Milliyet\u00e7i Hareket Partisi Genel Ba\u015fkan\u0131 Say\u0131n Devlet Bah\u00e7eli Beyefendi&#8217;ye, 57&#8217;nci y\u0131l kutlamalar\u0131na \u00f6zel haz\u0131rlanan tebrik \u00e7i\u00e7e\u011fi aranjman\u0131 g\u00f6ndermi\u015ftir. \u015eanl\u0131 bayra\u011f\u0131m\u0131z\u0131 ta\u015f\u0131yan bu \u00f6zel \u00e7i\u00e7ek aranjman\u0131, Milliyet\u00e7i Hareket Partimizin 57&#8217;nci y\u0131l\u0131na atfen 57 adet k\u0131rm\u0131z\u0131 g\u00fclden m\u00fcte\u015fekkildir. Cumhur \u0130ttifak\u0131m\u0131z; k\u00f6k\u00fc mazide, g\u00f6z\u00fc atide olan B\u00fcy\u00fck T\u00fcrkiye hayalinin teminat\u0131; d\u00fcnyan\u0131n \u00e7arp\u0131k d\u00fczenine kar\u015f\u0131 hakk\u0131n ve hakikatin en g\u00fcr sesidir. T\u00fcrk siyasetinin koca \u00e7\u0131nar\u0131 Milliyet\u00e7i Hareket Partisi&#8217;nin \u015fanla ve \u015ferefle 57&#8217;nci kurulu\u015f y\u0131l d\u00f6n\u00fcm\u00fc kutlu olsun. Birli\u011fimiz ebedi, karde\u015fli\u011fimiz ezeli olsun&#8221; ifadelerini kulland\u0131. <\/p>\n","protected":false},"excerpt":{"rendered":"<p>CUMHURBA\u015eKANI Recep Tayyip Erdo\u011fan, MHP Genel Ba\u015fkan\u0131 Devlet Bah\u00e7eli&#8217;ye, MHP&#8217;nin 57&#8217;nci kurulu\u015f y\u0131l d\u00f6n\u00fcm\u00fc nedeniyle T\u00fcrk bayra\u011f\u0131 motifli tebrik \u00e7i\u00e7e\u011fi g\u00f6nderdi.<\/p>\n","protected":false},"author":1,"featured_media":75064,"comment_status":"open","ping_status":"open","sticky":false,"template":"","format":"standard","meta":{"footnotes":""},"categories":[12],"tags":[],"class_list":["post-75063","post","type-post","status-publish","format-standard","has-post-thumbnail","hentry","category-siyaset"],"_links":{"self":[{"href":"https:\/\/bihavadis.com\/index.php\/wp-json\/wp\/v2\/posts\/75063","targetHints":{"allow":["GET"]}}],"collection":[{"href":"https:\/\/bihavadis.com\/index.php\/wp-json\/wp\/v2\/posts"}],"about":[{"href":"https:\/\/bihavadis.com\/index.php\/wp-json\/wp\/v2\/types\/post"}],"author":[{"embeddable":true,"href":"https:\/\/bihavadis.com\/index.php\/wp-json\/wp\/v2\/users\/1"}],"replies":[{"embeddable":true,"href":"https:\/\/bihavadis.com\/index.php\/wp-json\/wp\/v2\/comments?post=75063"}],"version-history":[{"count":1,"href":"https:\/\/bihavadis.com\/index.php\/wp-json\/wp\/v2\/posts\/75063\/revisions"}],"predecessor-version":[{"id":75065,"href":"https:\/\/bihavadis.com\/index.php\/wp-json\/wp\/v2\/posts\/75063\/revisions\/75065"}],"wp:featuredmedia":[{"embeddable":true,"href":"https:\/\/bihavadis.com\/index.php\/wp-json\/wp\/v2\/media\/75064"}],"wp:attachment":[{"href":"https:\/\/bihavadis.com\/index.php\/wp-json\/wp\/v2\/media?parent=75063"}],"wp:term":[{"taxonomy":"category","embeddable":true,"href":"https:\/\/bihavadis.com\/index.php\/wp-json\/wp\/v2\/categories?post=75063"},{"taxonomy":"post_tag","embeddable":true,"href":"https:\/\/bihavadis.com\/index.php\/wp-json\/wp\/v2\/tags?post=75063"}],"curies":[{"name":"wp","href":"https:\/\/api.w.org\/{rel}","templated":true}]}}