{"id":75066,"date":"2026-04-29T19:42:11","date_gmt":"2026-04-29T19:42:11","guid":{"rendered":"https:\/\/bihavadis.com\/?p=75066"},"modified":"2026-04-29T19:42:11","modified_gmt":"2026-04-29T19:42:11","slug":"narlidere-belediyesinden-kapsamli-bahar-temizligi","status":"publish","type":"post","link":"https:\/\/bihavadis.com\/index.php\/2026\/04\/29\/narlidere-belediyesinden-kapsamli-bahar-temizligi\/","title":{"rendered":"Narl\u0131dere Belediyesi&#8217;nden kapsaml\u0131 bahar temizli\u011fi"},"content":{"rendered":"<p><b><i>Narl\u0131dere Belediyesi, yakla\u015fan Ramazan Bayram\u0131 \u00f6ncesinde il\u00e7e genelinde geni\u015f kapsaml\u0131 bir &#8220;Bahar Temizli\u011fi&#8221; ba\u015flatt\u0131<\/i><\/b><\/p>\n<p>Narl\u0131dere Belediyesi, yakla\u015fan Ramazan Bayram\u0131 \u00f6ncesinde il\u00e7e genelinde kapsaml\u0131 bir temizlik \u00e7al\u0131\u015fmas\u0131 ba\u015flatt\u0131. Temizlik \u0130\u015fleri M\u00fcd\u00fcrl\u00fc\u011f\u00fc ile Park ve Bah\u00e7eler M\u00fcd\u00fcrl\u00fc\u011f\u00fc ekiplerinin ortak \u00e7al\u0131\u015fmas\u0131yla y\u00fcr\u00fct\u00fclen \u201cbahar temizli\u011fi\u201d kapsam\u0131nda sokak sokak temizlik \u00e7al\u0131\u015fmalar\u0131 ger\u00e7ekle\u015ftiriliyor. Ekipler, bayram sabah\u0131na kadar Narl\u0131dere\u2019nin her noktas\u0131n\u0131 p\u0131r\u0131l p\u0131r\u0131l hale getirmeyi hedefliyor.<\/p>\n<p><b>\u00c7OK Y\u00d6NL\u00dc TEM\u0130ZL\u0130K \u00c7ALI\u015eMASI<\/b><\/p>\n<p>Narl\u0131dere\u2019nin estetik g\u00f6r\u00fcn\u00fcm\u00fcn\u00fc korumak ve \u00e7evre sa\u011fl\u0131\u011f\u0131n\u0131 \u00f6n planda tutmak amac\u0131yla y\u00fcr\u00fct\u00fclen \u00e7al\u0131\u015fmalar kapsam\u0131nda, \u00e7ok y\u00f6nl\u00fc bir temizlik harek\u00e2t\u0131 ger\u00e7ekle\u015ftiriyor. Bah\u00e7e at\u0131klar\u0131 ve \u00e7e\u015fitli nedenlerle biriken molozlar titizlikle toplanarak g\u00f6r\u00fcnt\u00fc kirlili\u011finin \u00f6n\u00fcne ge\u00e7ilirken, il\u00e7e genelindeki \u00e7\u00f6p konteynerleri k\u00f6t\u00fc koku ve bakteri olu\u015fumuna kar\u015f\u0131 d\u00fczenli olarak dezenfekte ediliyor.<\/p>\n<p>Ekipler ayr\u0131ca kald\u0131r\u0131m ve yol kenarlar\u0131nda s\u00fcp\u00fcrge \u00e7al\u0131\u015fmalar\u0131 ger\u00e7ekle\u015ftirirken, yol s\u00fcp\u00fcrme ara\u00e7lar\u0131 da temizlik faaliyetlerine destek veriyor. Di\u011fer yandan yol kenarlar\u0131nda uzayan \u00e7imler bi\u00e7iliyor ve yabani otlar temizleniyor.<\/p>\n<p>\u00a0<b>\u0130BADETHANELER BAYRAMA HAZIRLANIYOR<\/b><\/p>\n<p>\u00c7al\u0131\u015fmalar kapsam\u0131nda, il\u00e7e genelindeki t\u00fcm camilerin bah\u00e7eleri, \u015fad\u0131rvanlar\u0131 ve \u00e7evresi de titizlikle y\u0131kanarak hijyenik bir hale getiriliyor. Vatanda\u015flar\u0131n bayram ibadetlerini huzurlu ve tertemiz bir ortamda ger\u00e7ekle\u015ftirebilmesi i\u00e7in yap\u0131lan \u00e7al\u0131\u015fmalar, bayram arifesine kadar devam edecek.<\/p>\n<p><b>\u201cSOKAK SOKAK SAHADAYIZ\u201d<\/b><\/p>\n<p>Narl\u0131dere Belediye Ba\u015fkan\u0131 Erman Uzun, daha temiz ve daha d\u00fczenli bir kent i\u00e7in yo\u011fun bir \u00e7aba harcad\u0131klar\u0131n\u0131 ifade ederek, \u201cYa\u011f\u0131\u015fl\u0131 ge\u00e7en k\u0131\u015f aylar\u0131n\u0131n ard\u0131ndan Narl\u0131dere\u2019mizde tam anlam\u0131yla bir bahar temizli\u011fi ba\u015flatt\u0131k. \u0130badethanelerimizin bah\u00e7elerinden sokaklar\u0131m\u0131za, kald\u0131r\u0131mlar\u0131m\u0131zdan ye\u015fil alanlar\u0131m\u0131za kadar Narl\u0131dere\u2019nin d\u00f6rt bir yan\u0131nda ekiplerimiz titizlikle \u00e7al\u0131\u015f\u0131yor. Temiz, ye\u015fil, s\u00fcrd\u00fcr\u00fclebilir ve daha ya\u015fanabilir bir Narl\u0131dere hedefiyle t\u00fcm \u00e7al\u0131\u015fma arkada\u015flar\u0131m\u0131zla birlikte yo\u011fun bir mesai harc\u0131yoruz. Narl\u0131dere\u2019nin her k\u00f6\u015fesine hizmet g\u00f6t\u00fcrmek i\u00e7in ekiplerimiz mahalle mahalle, sokak sokak sahada olmaya devam edecek\u201d diye konu\u015ftu.<\/p>\n<p>Kaynak: (BYZHA) Beyaz Haber Ajans\u0131<\/p>\n","protected":false},"excerpt":{"rendered":"<p>Narl\u0131dere Belediyesi, yakla\u015fan Ramazan Bayram\u0131 \u00f6ncesinde il\u00e7e genelinde geni\u015f kapsaml\u0131 bir &#8220;Bahar Temizli\u011fi&#8221; ba\u015flatt\u0131<\/p>\n","protected":false},"author":1,"featured_media":75067,"comment_status":"open","ping_status":"open","sticky":false,"template":"","format":"standard","meta":{"footnotes":""},"categories":[4],"tags":[698,378,1202,1092,673],"class_list":["post-75066","post","type-post","status-publish","format-standard","has-post-thumbnail","hentry","category-gundem","tag-bayram","tag-calisma","tag-narlidere","tag-sokak","tag-temiz"],"_links":{"self":[{"href":"https:\/\/bihavadis.com\/index.php\/wp-json\/wp\/v2\/posts\/75066","targetHints":{"allow":["GET"]}}],"collection":[{"href":"https:\/\/bihavadis.com\/index.php\/wp-json\/wp\/v2\/posts"}],"about":[{"href":"https:\/\/bihavadis.com\/index.php\/wp-json\/wp\/v2\/types\/post"}],"author":[{"embeddable":true,"href":"https:\/\/bihavadis.com\/index.php\/wp-json\/wp\/v2\/users\/1"}],"replies":[{"embeddable":true,"href":"https:\/\/bihavadis.com\/index.php\/wp-json\/wp\/v2\/comments?post=75066"}],"version-history":[{"count":1,"href":"https:\/\/bihavadis.com\/index.php\/wp-json\/wp\/v2\/posts\/75066\/revisions"}],"predecessor-version":[{"id":75068,"href":"https:\/\/bihavadis.com\/index.php\/wp-json\/wp\/v2\/posts\/75066\/revisions\/75068"}],"wp:featuredmedia":[{"embeddable":true,"href":"https:\/\/bihavadis.com\/index.php\/wp-json\/wp\/v2\/media\/75067"}],"wp:attachment":[{"href":"https:\/\/bihavadis.com\/index.php\/wp-json\/wp\/v2\/media?parent=75066"}],"wp:term":[{"taxonomy":"category","embeddable":true,"href":"https:\/\/bihavadis.com\/index.php\/wp-json\/wp\/v2\/categories?post=75066"},{"taxonomy":"post_tag","embeddable":true,"href":"https:\/\/bihavadis.com\/index.php\/wp-json\/wp\/v2\/tags?post=75066"}],"curies":[{"name":"wp","href":"https:\/\/api.w.org\/{rel}","templated":true}]}}