{"id":7507,"date":"2026-01-31T05:27:06","date_gmt":"2026-01-31T05:27:06","guid":{"rendered":"https:\/\/bihavadis.com\/?p=7507"},"modified":"2026-01-31T05:27:06","modified_gmt":"2026-01-31T05:27:06","slug":"genc-gazeteci-almina-besra-babar-babasinin-hayatini-yazdi","status":"publish","type":"post","link":"https:\/\/bihavadis.com\/index.php\/2026\/01\/31\/genc-gazeteci-almina-besra-babar-babasinin-hayatini-yazdi\/","title":{"rendered":"Gen\u00e7 gazeteci Almina Besra Babar, babas\u0131n\u0131n hayat\u0131n\u0131 yazd\u0131"},"content":{"rendered":"<p><span><span><span><span><span><span><span><span><span><span><span><span>Ba\u015far\u0131l\u0131 gazeteci ve TV program sunucusu Almina Besra Babar, medya d\u00fcnyas\u0131n\u0131n sevilen ismi olan gazeteci babas\u0131 Habib Babar\u2019\u0131n hayat\u0131n\u0131 anlatt\u0131\u011f\u0131 \u2018\u0130\u015fte Benim Babam\u2019adl\u0131 kitab\u0131n\u0131 okurlarla bulu\u015fturmaya haz\u0131rlan\u0131yor.<\/span><\/span><\/span><\/span><\/span><\/span><\/span><\/span><\/span><\/span><\/span><\/span><\/p>\n<p><span><span><span><span><span><span><span><span><span><span><span><span>Bu kitab\u0131n gazetecilik mesle\u011fine hevesli gen\u00e7lere \u0131\u015f\u0131k tutaca\u011f\u0131n\u0131 belirten Almina Babar, eserinde babas\u0131n\u0131n meslek hayat\u0131ndaki m\u00fccadelesini, ilham veren ba\u015far\u0131 hik\u00e2yesini ve insani y\u00f6n\u00fcn\u00fc samimi bir dille ele ald\u0131. Babar, kitab\u0131n yaln\u0131zca bir biyografi de\u011fil, ayn\u0131 zamanda gazetecilik mesle\u011finin etik de\u011ferlerine ve zorluklar\u0131na dair \u00f6nemli mesajlar i\u00e7erdi\u011fini vurgulad\u0131.<\/span><\/span><\/span><\/span><\/span><\/span><\/span><\/span><\/span><\/span><\/span><\/span><\/p>\n<p><span><span><span><span><span><span><span><span><span><span><span><span>\u2018\u0130\u015fte Benim Babam\u2019 kitab\u0131, hem medya d\u00fcnyas\u0131na ilgi duyan gen\u00e7ler hem de ger\u00e7ek ya\u015fam \u00f6yk\u00fclerinden ilham almak isteyen okurlar i\u00e7in dikkat \u00e7ekici bir eser olarak raflardaki yerini alacak.<\/span><\/span><\/span><\/span><\/span><\/span><\/span><\/span><\/span><\/span><\/span><\/span><\/p>\n<p>Kaynak: (BYZHA) Beyaz Haber Ajans\u0131<\/p>\n","protected":false},"excerpt":{"rendered":"<p>Ba\u015far\u0131l\u0131 gazeteci ve TV program sunucusu Almina Besra Babar, medya d\u00fcnyas\u0131n\u0131n sevilen ismi olan gazeteci babas\u0131 Habib Babar\u2019\u0131n hayat\u0131n\u0131 anlatt\u0131\u011f\u0131 \u2018\u0130\u015fte Benim Babam\u2019adl\u0131 kitab\u0131n\u0131 okurlarla bulu\u015fturmaya haz\u0131rlan\u0131yor.<\/p>\n","protected":false},"author":1,"featured_media":7508,"comment_status":"open","ping_status":"open","sticky":false,"template":"","format":"standard","meta":{"footnotes":""},"categories":[1],"tags":[],"class_list":["post-7507","post","type-post","status-publish","format-standard","has-post-thumbnail","hentry","category-uncategorized"],"_links":{"self":[{"href":"https:\/\/bihavadis.com\/index.php\/wp-json\/wp\/v2\/posts\/7507","targetHints":{"allow":["GET"]}}],"collection":[{"href":"https:\/\/bihavadis.com\/index.php\/wp-json\/wp\/v2\/posts"}],"about":[{"href":"https:\/\/bihavadis.com\/index.php\/wp-json\/wp\/v2\/types\/post"}],"author":[{"embeddable":true,"href":"https:\/\/bihavadis.com\/index.php\/wp-json\/wp\/v2\/users\/1"}],"replies":[{"embeddable":true,"href":"https:\/\/bihavadis.com\/index.php\/wp-json\/wp\/v2\/comments?post=7507"}],"version-history":[{"count":1,"href":"https:\/\/bihavadis.com\/index.php\/wp-json\/wp\/v2\/posts\/7507\/revisions"}],"predecessor-version":[{"id":7509,"href":"https:\/\/bihavadis.com\/index.php\/wp-json\/wp\/v2\/posts\/7507\/revisions\/7509"}],"wp:featuredmedia":[{"embeddable":true,"href":"https:\/\/bihavadis.com\/index.php\/wp-json\/wp\/v2\/media\/7508"}],"wp:attachment":[{"href":"https:\/\/bihavadis.com\/index.php\/wp-json\/wp\/v2\/media?parent=7507"}],"wp:term":[{"taxonomy":"category","embeddable":true,"href":"https:\/\/bihavadis.com\/index.php\/wp-json\/wp\/v2\/categories?post=7507"},{"taxonomy":"post_tag","embeddable":true,"href":"https:\/\/bihavadis.com\/index.php\/wp-json\/wp\/v2\/tags?post=7507"}],"curies":[{"name":"wp","href":"https:\/\/api.w.org\/{rel}","templated":true}]}}