{"id":75105,"date":"2026-04-29T20:06:08","date_gmt":"2026-04-29T20:06:08","guid":{"rendered":"https:\/\/bihavadis.com\/?p=75105"},"modified":"2026-04-29T20:06:08","modified_gmt":"2026-04-29T20:06:08","slug":"egitim-is-sendikasi-izmir-valisi-elbana-cagrida-bulundu","status":"publish","type":"post","link":"https:\/\/bihavadis.com\/index.php\/2026\/04\/29\/egitim-is-sendikasi-izmir-valisi-elbana-cagrida-bulundu\/","title":{"rendered":"E\u011fitim-\u0130\u015f Sendikas\u0131, \u0130zmir Valisi Elban\u2019a \u00c7a\u011fr\u0131da Bulundu !\u00a0"},"content":{"rendered":"<p>\u201cY\u00f6netememe sorununun en yo\u011fun \u015fekilde ya\u015fand\u0131\u011f\u0131 Bayrakl\u0131 \u0130l\u00e7e Milli E\u011fitim M\u00fcd\u00fcrl\u00fc\u011f\u00fc \u00f6n\u00fcnde bu sorunlara kamuoyunun dikkatini \u00e7ekmek ve sorunlar\u0131n \u00e7\u00f6z\u00fcm\u00fcyle ilgili sorumlu sendikal anlay\u0131\u015f\u0131m\u0131z gere\u011fi \u00f6neriler payla\u015fmak \u00fczere toplanm\u0131\u015f bulunmaktay\u0131z\u201d diyen Bar\u0131\u015f D\u00fcd\u00fc,\u00a0 E\u011fitim-\u0130\u015f \u015eube Ba\u015fkanlar\u0131 ve \u00fcyelerinin kat\u0131ld\u0131\u011f\u0131 bas\u0131n a\u00e7\u0131klamas\u0131nda \u0130l Milli E\u011fitim M\u00fcd\u00fcrl\u00fc\u011f\u00fcnde ya\u015fananlar\u0131 anlatt\u0131.<\/p>\n<p><b>G\u00fcldeste Dertli Ba\u015f akt\u00f6r!<\/b><\/p>\n<p>Ba\u015fkan D\u00fcd\u00fc, \u015funlar\u0131 s\u00f6yledi, \u201c2025-2026 e\u011fitim \u00f6\u011fretim y\u0131l\u0131nda Bayrakl\u0131 \u0130l\u00e7e Milli E\u011fitim M\u00fcd\u00fcrl\u00fc\u011f\u00fc\u2019nde \u0130l\u00e7e MEM M\u00fcd\u00fcr\u00fc Tahir B\u00fcd\u00fcn\u2019\u00fcn rahats\u0131zl\u0131\u011f\u0131 sebebiyle izne ayr\u0131lmas\u0131ndan sonra y\u00f6netememe sorunu artarak devam etmi\u015f ve art\u0131k y\u00f6netim krizine d\u00f6n\u00fc\u015fm\u00fc\u015ft\u00fcr. Sorunlar\u0131n Krize d\u00f6n\u00fc\u015fmesinin temel sebebi Bayrakl\u0131 \u0130l\u00e7e Milli E\u011fitim M\u00fcd\u00fcrl\u00fc\u011f\u00fcn\u00fcn adeta E\u011fitim Bir Sen sendikas\u0131n\u0131n y\u00f6netim binas\u0131 gibi \u00e7al\u0131\u015fmas\u0131ndan kaynakl\u0131d\u0131r. Halen E\u011fitim Bir-Sen Bayrakl\u0131 \u0130l\u00e7e Temsilcisi g\u00f6revi devam eden ve asl\u0131nda Bayrakl\u0131\u2019da bir okulda m\u00fcd\u00fcr yard\u0131mc\u0131s\u0131 kadrosunda olan Vedat Alt\u0131ok, \u00f6nce y\u0131llarca okul m\u00fcd\u00fcr\u00fc olarak, sonra bu e\u011fitim y\u0131l\u0131nda Bayrakl\u0131 \u0130l\u00e7e Milli E\u011fitim M\u00fcd\u00fcrl\u00fc\u011f\u00fc\u2019nde \u015fube m\u00fcd\u00fcr\u00fc olarak g\u00f6revlendirilmi\u015f; yetmemi\u015f vekil il\u00e7e milli e\u011fitim m\u00fcd\u00fcrl\u00fc\u011f\u00fcne vekalet ettirilmi\u015ftir. Personel Soru\u015fturma, Personel Atama, Personel \u00d6zl\u00fck, Terfi, Kadro, Disiliplin ve \u00d6d\u00fcl gibi en kritik birimlerin yan\u0131 s\u0131ra \u00d6l\u00e7me De\u011ferlendirme ve S\u0131nav Hizmetleri, Bilgi \u0130\u015flem ve E\u011fitim Teknolojileri g\u00f6revleri kadrolu \u015fube m\u00fcd\u00fcrleri varken kendisine verilmi\u015ftir. \u0130l\u00e7e de dikkatimizi \u00e7eken bir ba\u015fka karakter de, her tolant\u0131 da, her etkinlikte ba\u015f k\u00f6\u015fede g\u00f6rd\u00fc\u011f\u00fcm\u00fcz \u00d6l\u00e7me De\u011ferlendirme ve s\u0131nav hizmetleri \u015fefi G\u00fcldeste Dertli. E\u011fitim Bir Sen il y\u00f6neticisi olan G\u00fcldeste Dertli sendikal g\u00f6rev ile kamu g\u00f6revini birbirine kar\u0131\u015ft\u0131rm\u0131\u015f, kendi sicil amirlerini belirleyerek Bayrakl\u0131 il\u00e7e milli e\u011fitim m\u00fcd\u00fcrl\u00fc\u011f\u00fcn\u00fc sendika y\u00f6netim binas\u0131na \u00e7evirmi\u015ftir. Sendikal faaliyetler i\u00e7in 1 g\u00fcn hakk\u0131 bulunan S\u0131nav Hizmetleri \u015fefi G\u00fcldeste han\u0131m \u0130l\u00e7e milli e\u011fitim b\u00fcnyesinde ya\u0131lan her etkinlik, kutlama ve t\u00f6rende ba\u015f akt\u00f6r olmakta ve protokol muamelesi g\u00f6rmektedir . Mesai saatleri i\u00e7inde hangi izni kullanarak bu \u00e7al\u0131\u015fmalar\u0131 yapt\u0131\u011f\u0131 ciddi bir tart\u0131\u015fma konusudur\u201d<\/p>\n<p><b>\u201cVedat Alt\u0131ok\u2019un pozisyonu siyasi ve sendikal tarafs\u0131zl\u0131k ile \u00e7eli\u015fiyor\u201d<\/b><\/p>\n<p>\u201cVedat Alt\u0131ok\u2019un E\u011fitim Bir-Sen Bayrakl\u0131 \u0130l\u00e7e Ba\u015fkan\u0131\/Temsilcisi s\u0131fat\u0131yla sendikal faaliyet y\u00fcr\u00fctmesi, bununla birlikte \u0130l\u00e7e MEM\u2019de soru\u015fturma, atama, g\u00f6revlendirme, \u00f6zl\u00fck, \u00f6l\u00e7me-de\u011ferlendirme ve s\u0131nav i\u015flemleri gibi tarafs\u0131zl\u0131k gerektiren kritik g\u00f6revleri y\u00fcr\u00fctmeye devam etmesi a\u00e7\u0131k\u00e7a devlet memurlar\u0131n\u0131n siyasi ve sendikal tarafs\u0131zl\u0131\u011f\u0131 ile \u00e7eli\u015fmektedir. 4688 say\u0131l\u0131 Kamu G\u00f6revlileri Sendikalar\u0131 ve Toplu S\u00f6zle\u015fme Kanunu\u2019nun 18. maddesinde yer alan \u201cg\u00f6rev esnas\u0131nda sendikal faaliyette bulunma yasa\u011f\u0131\u201d ayaklar alt\u0131na al\u0131nmaktad\u0131r. Vekil il\u00e7e m\u00fcd\u00fcr\u00fc olarak g\u00f6revlendirilir g\u00f6revlendirilmez ilk ziyaretini E\u011fitim Bir Sen\u2019e yapan Baran CAN bey bu memurlar\u0131n mesai saatlerini kontrol ediyor musunuz? \u015eimdi buradan say\u0131n Valimize soruyorum; Kar\u015f\u0131s\u0131na gelen bir soru\u015fturma dosyas\u0131nda Sendika ba\u015fkan\u0131 olarak \u00fcyesinin \u00e7\u0131kar\u0131n\u0131 d\u00fc\u015f\u00fcnmekten onu ne al\u0131koyacakt\u0131r? Soru\u015fturma s\u00fcre\u00e7lerinde gizlilik ve tarafs\u0131zl\u0131k konusunda E\u011fitim Bir Sen\u2019li olmayan bir \u00e7al\u0131\u015fan\u0131 nas\u0131l ikna edece\u011fiz? Soru\u015fturmalarda g\u00f6revlendirilen muhakkiklerin neye g\u00f6re tespit edildi\u011fini biliyor musunuz? Asil \u015fube m\u00fcd\u00fcrleri varken s\u0131nav g\u00f6revleri gibi y\u00fcksek ek \u00fccret getiren b\u00f6l\u00fcmler neden g\u00f6revlendirme bir \u015fube m\u00fcd\u00fcr\u00fcne verilmektedir? Hak kayb\u0131na u\u011frayan \u015fube m\u00fcd\u00fcrlerinin vebali ne olacak? \u0130l genelinde muhakkiklerin soru\u015fturman\u0131n ilk a\u015famas\u0131nda \u00f6nerdi\u011fi yer de\u011fi\u015fiklik kararlar\u0131 nedeniyle ka\u00e7 e\u011fitim emek\u00e7isinin ceza almadan ma\u011fdur edildi\u011fini biliyor musunuz? E\u011fitim Bir Sen\u2019e \u00fcye olursan\u0131z t\u00fcm ma\u011fduriyetlerinizi gideririz diyen e\u011fitim y\u00f6neticileri bu g\u00fcc\u00fc nereden almaktad\u0131r? \u0130l\u00e7e m\u00fclki amirlerinden mi, il milli e\u011fitim m\u00fcd\u00fcrl\u00fc\u011f\u00fcnden mi, sizden mi? Bu konularda kimisi resmi makamlara iletilmi\u015f olduk\u00e7a fazla \u015fikayet ve ma\u011fduriyet s\u00f6z konusudur\u201d<\/p>\n<p>\u0130l\u00e7e Milli E\u011fitim M\u00fcd\u00fcrl\u00fc\u011f\u00fcnde g\u00f6rev yapan \u00fcyelerimiz de b\u00fcy\u00fck bir bask\u0131 ve y\u0131ld\u0131rma alt\u0131nda \u00e7al\u0131\u015fmaktad\u0131rlar. S\u0131rf E\u011fitim \u0130\u015f\u2019li olduklar\u0131 i\u00e7in s\u00fcrekli yerleri de\u011fitirilen, g\u00f6revden al\u0131nan memur arkadalar\u0131m\u0131z il\u00e7e de s\u00fcrekli mobinge u\u011framaktad\u0131rlar.<br \/> Sadece hukuk de\u011fil, e\u011fitim emek\u00e7ilerinin ekonomik haklar\u0131 da \u015f\u00fcphe alt\u0131ndad\u0131r. \u00d6l\u00e7me de\u011ferlendirme birimince yap\u0131lan s\u0131nav g\u00f6revlendirmelerinin E\u011fitim Bir Sen il y\u00f6neticisi G\u00fcldeste Dertli ve E\u011fitim Bir Sen Bayrakl\u0131 il\u00e7e ba\u015fkan\u0131 Vedat Alt\u0131ok\u2019un iki duda\u011f\u0131 aras\u0131nda olmas\u0131 s\u0131nav g\u00f6revlendirmelerinde de taraf\u0131m\u0131za iletilen kay\u0131rma ve usuls\u00fczl\u00fck iddialar\u0131n\u0131 g\u00fc\u00e7lendirecek \u00e7arp\u0131kl\u0131ktad\u0131r. e-sinav g\u00f6revi almak i\u00e7in e\u011fitim a\u00e7\u0131lmas\u0131 talebi ile kendilerine ba\u015fvuran \u00f6\u011fretmenlerin dilek\u00e7elerini geri \u00e7evirmeleri nas\u0131l bir kayg\u0131n\u0131n eseridir? \u00a0e-sinav ba\u015fta olmak \u00fczere \u00f6zel kurslar, mtsk gibi s\u0131navlar\u0131 ve bu s\u0131navlar \u00e7er\u00e7evesinde resen verilen g\u00f6revlendirmeleri kamuoyu ile payla\u015facak cesaretiniz var m\u0131d\u0131r Bu arkada\u015flar i\u00e7in mesai kavram\u0131 var m\u0131d\u0131r? Ne zaman sendika y\u00f6neticisi ne zaman devlet memurudurlar? Bir okula gittiklerinde sendikal kimlikleri ile mi yoksa il\u00e7e milli e\u011fitim m\u00fcd\u00fcrl\u00fc\u011f\u00fcndeki g\u00f6revleri ile mi kar\u015f\u0131lanmaktad\u0131rlar.<\/p>\n<p><b>\u201cSay\u0131n Valimize, \u0130l Milli E\u011fitim M\u00fcd\u00fcr\u00fcm\u00fcze sesleniyoruz. Bayrakl\u0131\u2019da tuz kokmu\u015ftur\u201d<\/b><\/p>\n<p>Devlet memuru olarak mesai saatlerine riayet edilmekte midir? Mesai saatlerinde devlet memurlu\u011fu g\u00f6revi mi sendika g\u00f6revi mi yerine getirilmektedir. Makam odalar\u0131nda sendikal kulisler, hesaplar m\u0131 d\u00f6nmektedir? Devlet memurlar\u0131n\u0131n liyakat , kariyer gibi en temel haklar\u0131n\u0131 ifade eden kavramlar\u0131 g\u00fcvence alt\u0131na almas\u0131 gereken atama b\u00f6l\u00fcm\u00fc sendikal bir taasupla zedelenmi\u015f liyakat sahibi, birimlerinde uzmanl\u0131klar\u0131n\u0131 kan\u0131tlam\u0131\u015f e\u011fitim \u00e7al\u0131\u015fanlar\u0131 hi\u00e7bir somut gerek\u00e7e olmaks\u0131z\u0131n birimlerinden uzakla\u015ft\u0131r\u0131lm\u0131\u015f \u00f6tekile\u015ftirilmeye maruz kalm\u0131\u015flard\u0131r Her \u015feyden \u00f6nemlisi bu il\u00e7enin m\u00fclki amiri bu duruma nas\u0131l m\u00fcsade etmektedir. Yoksa o da yaln\u0131zca bir k\u0131s\u0131m makbul memurun amiri midir? E\u011fitim Bir Sen \u2018li olmayan memurun hakk\u0131 hukuku kimlere emanet edilmi\u015ftir? Sendikac\u0131l\u0131kla, devlet Makam\u0131 i\u00e7 i\u00e7e ge\u00e7mi\u015f ve bundan m\u00fctevellit e\u011fitim \u00e7al\u0131anlar\u0131 aras\u0131nda ayr\u0131mc\u0131l\u0131k do\u011furacak uygulamalara neden olacak bir durum ortaya \u00e7\u0131km\u0131\u015ft\u0131r. Say\u0131 Valimize ve \u0130l Milli E\u011fitim M\u00fcd\u00fcr\u00fcm\u00fcz \u00d6mer Yah\u015fi\u2019 ye sesleniyoruz. Bayrakl\u0131\u2019da Tuz Kokmu\u015ftur! Bayrakl\u0131 da Liyakatin ve tarafs\u0131zl\u0131\u011f\u0131n tesisi i\u00e7in Vedat Alt\u0131ok\u2019un g\u00f6revlendirilmesi acilen iptal edilmelidir.<br \/> Vedat Alt\u0131ok taraf\u0131ndan y\u00f6netilen birimler kadrosu \u015eube m\u00fcd\u00fcrl\u00fc\u011f\u00fc olan ve sendikal Y\u00f6netim g\u00f6revi olmayan ellere teslim edilmelidir. B\u00fct\u00fcn sendikalar\u0131n y\u00f6neticileri i\u00e7in uygulanan sendikal \u00e7al\u0131\u015fma izinleri ile ilgili h\u00fck\u00fcmler G\u00fcldeste Dertli ve Vedat Alt\u0131ok i\u00e7in de ayn\u0131 \u015fekilde uygulanmal\u0131d\u0131r. S\u0131nav g\u00f6revleri \u00e7er\u00e7evesinde olu\u015fan \u015f\u00fcphe ve \u00f6nyarg\u0131lar\u0131 kald\u0131rmak ad\u0131na \u00f6zel kurslar, e-s\u0131nav ve mtsk resen g\u00f6revlendirmeleri son iki y\u0131l i\u00e7in kamuoyu ile payla\u015f\u0131lmal\u0131d\u0131r. Bizlerin karakterleri ba\u011f\u0131ms\u0131zl\u0131kt\u0131r. Bizleri bu bask\u0131lar tarih boyu y\u0131ld\u0131rmad\u0131 y\u0131ld\u0131ramayacak. \u00c7\u00fcnk\u00fc bizler cesareti vatan bilen Mustafa Kemal Atat\u00fcrk\u2019\u00fcn \u00f6\u011fretmenleriyiz. (BSHA \u2013 Bilim ve Sa\u011fl\u0131k Haber Ajans\u0131)<\/p>\n","protected":false},"excerpt":{"rendered":"<p>E\u011fitim-\u0130\u015f Sendikas\u0131, \u0130zmir Valisi Elban&#8217;a \u00c7a\u011fr\u0131da Bulundu !\u00a0<\/p>\n","protected":false},"author":1,"featured_media":75106,"comment_status":"open","ping_status":"open","sticky":false,"template":"","format":"standard","meta":{"footnotes":""},"categories":[7],"tags":[469,233,1159,8103,1430],"class_list":["post-75105","post","type-post","status-publish","format-standard","has-post-thumbnail","hentry","category-egitim","tag-bas","tag-egitim","tag-gorev","tag-sendikal","tag-sinav"],"_links":{"self":[{"href":"https:\/\/bihavadis.com\/index.php\/wp-json\/wp\/v2\/posts\/75105","targetHints":{"allow":["GET"]}}],"collection":[{"href":"https:\/\/bihavadis.com\/index.php\/wp-json\/wp\/v2\/posts"}],"about":[{"href":"https:\/\/bihavadis.com\/index.php\/wp-json\/wp\/v2\/types\/post"}],"author":[{"embeddable":true,"href":"https:\/\/bihavadis.com\/index.php\/wp-json\/wp\/v2\/users\/1"}],"replies":[{"embeddable":true,"href":"https:\/\/bihavadis.com\/index.php\/wp-json\/wp\/v2\/comments?post=75105"}],"version-history":[{"count":1,"href":"https:\/\/bihavadis.com\/index.php\/wp-json\/wp\/v2\/posts\/75105\/revisions"}],"predecessor-version":[{"id":75107,"href":"https:\/\/bihavadis.com\/index.php\/wp-json\/wp\/v2\/posts\/75105\/revisions\/75107"}],"wp:featuredmedia":[{"embeddable":true,"href":"https:\/\/bihavadis.com\/index.php\/wp-json\/wp\/v2\/media\/75106"}],"wp:attachment":[{"href":"https:\/\/bihavadis.com\/index.php\/wp-json\/wp\/v2\/media?parent=75105"}],"wp:term":[{"taxonomy":"category","embeddable":true,"href":"https:\/\/bihavadis.com\/index.php\/wp-json\/wp\/v2\/categories?post=75105"},{"taxonomy":"post_tag","embeddable":true,"href":"https:\/\/bihavadis.com\/index.php\/wp-json\/wp\/v2\/tags?post=75105"}],"curies":[{"name":"wp","href":"https:\/\/api.w.org\/{rel}","templated":true}]}}