{"id":75160,"date":"2026-04-29T20:54:18","date_gmt":"2026-04-29T20:54:18","guid":{"rendered":"https:\/\/bihavadis.com\/?p=75160"},"modified":"2026-04-29T20:54:18","modified_gmt":"2026-04-29T20:54:18","slug":"bursada-hafif-ticari-aracin-carptigi-yaya-hayatini-kaybetti","status":"publish","type":"post","link":"https:\/\/bihavadis.com\/index.php\/2026\/04\/29\/bursada-hafif-ticari-aracin-carptigi-yaya-hayatini-kaybetti\/","title":{"rendered":"Bursa&#8217;da hafif ticari arac\u0131n \u00e7arpt\u0131\u011f\u0131 yaya hayat\u0131n\u0131 kaybetti"},"content":{"rendered":"<p>Bursa&#8217;n\u0131n\u00a0Mustafakemalpa\u015fa il\u00e7esinde feci kaza&#8230;<\/p>\n<p>Mustafakemalpa\u015fa\u2013Bal\u0131kesir kara yolu G\u00fcll\u00fcce mevkisinde Bal\u0131kesir y\u00f6n\u00fcne seyir halinde olan B.\u00d6. idaresindeki hafif ticari ara\u00e7, yolun kar\u015f\u0131s\u0131na ge\u00e7mek isteyen S.\u00dc.\u2019ye \u00e7arpt\u0131.<\/p>\n<p>\u00c7evredekilerin ihbar\u0131 \u00fczerine kaza yerine sa\u011fl\u0131k ve polis ekipleri sevk edildi.<\/p>\n<p><strong>HAYATINI KAYBETT\u0130<\/strong><\/p>\n<p>Sa\u011fl\u0131k ekibinin yapt\u0131\u011f\u0131 kontrolde, hafif ticari arac\u0131n \u00e7arpmas\u0131yla yola savrulan S.\u00dc.&#8217;n\u00fcn \u00f6ld\u00fc\u011f\u00fc belirlendi.<\/p>\n<p>S.\u00dc.&#8217;n\u00fcn cans\u0131z bedeni, kaza yerinde yap\u0131lan incelemenin ard\u0131ndan otopsi i\u00e7in morga kald\u0131r\u0131ld\u0131.<\/p>\n<p><img decoding=\"async\" src=\"https:\/\/bihavadis.com\/wp-content\/uploads\/2026\/04\/bursada-hafif-ticari-aracin-carptigi-yaya-hayatini-kaybetti-0-xLGPS1OF.jpg\"\/><\/p>\n<p><strong>S\u00dcR\u00dcC\u00dc G\u00d6ZALTINDA<\/strong><\/p>\n<p>S\u00fcr\u00fcc\u00fc B.\u00d6.&#8217;y\u00fc g\u00f6zalt\u0131na alan polis, kazayla ilgili soru\u015fturmaya devam ediyor.<\/p>\n<p><img decoding=\"async\" src=\"https:\/\/bihavadis.com\/wp-content\/uploads\/2026\/04\/bursada-hafif-ticari-aracin-carptigi-yaya-hayatini-kaybetti-1-DGQ9umrF.jpg\"\/> <\/p>\n<div> <span><strong>Kaynak:<\/strong> Demir\u00f6ren Haber Ajans\u0131 (DHA)<\/span> <\/div>\n","protected":false},"excerpt":{"rendered":"<p>Bursa&#8217;n\u0131n\u00a0Mustafakemalpa\u015fa il\u00e7esinde feci kaza&#8230; Mustafakemalpa\u015fa\u2013Bal\u0131kesir kara yolu G\u00fcll\u00fcce mevkisinde Bal\u0131kesir y\u00f6n\u00fcne seyir halinde olan B.\u00d6. idaresindeki hafif ticari ara\u00e7, yolun kar\u015f\u0131s\u0131na ge\u00e7mek isteyen S.\u00dc.\u2019ye \u00e7arpt\u0131. \u00c7evredekilerin ihbar\u0131 &#8230;<\/p>\n","protected":false},"author":1,"featured_media":75161,"comment_status":"open","ping_status":"open","sticky":false,"template":"","format":"standard","meta":{"footnotes":""},"categories":[4,13],"tags":[],"class_list":["post-75160","post","type-post","status-publish","format-standard","has-post-thumbnail","hentry","category-gundem","category-son-dakika"],"_links":{"self":[{"href":"https:\/\/bihavadis.com\/index.php\/wp-json\/wp\/v2\/posts\/75160","targetHints":{"allow":["GET"]}}],"collection":[{"href":"https:\/\/bihavadis.com\/index.php\/wp-json\/wp\/v2\/posts"}],"about":[{"href":"https:\/\/bihavadis.com\/index.php\/wp-json\/wp\/v2\/types\/post"}],"author":[{"embeddable":true,"href":"https:\/\/bihavadis.com\/index.php\/wp-json\/wp\/v2\/users\/1"}],"replies":[{"embeddable":true,"href":"https:\/\/bihavadis.com\/index.php\/wp-json\/wp\/v2\/comments?post=75160"}],"version-history":[{"count":1,"href":"https:\/\/bihavadis.com\/index.php\/wp-json\/wp\/v2\/posts\/75160\/revisions"}],"predecessor-version":[{"id":75164,"href":"https:\/\/bihavadis.com\/index.php\/wp-json\/wp\/v2\/posts\/75160\/revisions\/75164"}],"wp:featuredmedia":[{"embeddable":true,"href":"https:\/\/bihavadis.com\/index.php\/wp-json\/wp\/v2\/media\/75161"}],"wp:attachment":[{"href":"https:\/\/bihavadis.com\/index.php\/wp-json\/wp\/v2\/media?parent=75160"}],"wp:term":[{"taxonomy":"category","embeddable":true,"href":"https:\/\/bihavadis.com\/index.php\/wp-json\/wp\/v2\/categories?post=75160"},{"taxonomy":"post_tag","embeddable":true,"href":"https:\/\/bihavadis.com\/index.php\/wp-json\/wp\/v2\/tags?post=75160"}],"curies":[{"name":"wp","href":"https:\/\/api.w.org\/{rel}","templated":true}]}}