{"id":75173,"date":"2026-04-29T21:06:10","date_gmt":"2026-04-29T21:06:10","guid":{"rendered":"https:\/\/bihavadis.com\/?p=75173"},"modified":"2026-04-29T21:06:10","modified_gmt":"2026-04-29T21:06:10","slug":"turkiye-turizminde-rekor-basari","status":"publish","type":"post","link":"https:\/\/bihavadis.com\/index.php\/2026\/04\/29\/turkiye-turizminde-rekor-basari\/","title":{"rendered":"T\u00fcrkiye Turizminde Rekor Ba\u015far\u0131"},"content":{"rendered":"<p> T\u00fcrkiye Otelciler Federasyonu (T\u00dcROFED) Ba\u015fkan\u0131 Erkan Ya\u011fc\u0131, T\u00fcrkiye&#8217;nin jeopolitik a\u00e7\u0131dan ya\u015fad\u0131\u011f\u0131 s\u0131k\u0131nt\u0131lara ra\u011fmen ge\u00e7en y\u0131l turizmde hem turist say\u0131s\u0131 hem gelir noktas\u0131nda en y\u00fcksek rakamlara ula\u015ft\u0131\u011f\u0131na dikkati \u00e7ekerek, bunun \u00f6nemli bir ba\u015far\u0131 oldu\u011funu belirtti.<\/p>\n<p>Ya\u011fc\u0131, AA muhabirine, T\u00fcrkiye&#8217;nin turizmde kendisini kan\u0131tlayan bir \u00fclke oldu\u011funu s\u00f6yledi.<\/p>\n<p>Ge\u00e7en y\u0131l bir \u00f6nceki y\u0131la g\u00f6re turist say\u0131s\u0131nda yakla\u015f\u0131k y\u00fczde 3, turizm gelirinde ise y\u00fczde 7&#8217;lik bir b\u00fcy\u00fcme kaydedildi\u011fini ifade eden Ya\u011fc\u0131, &#8220;65 milyar turizm geliri, 64 milyon turistle ge\u00e7en y\u0131l\u0131 kapatt\u0131k. Bizim a\u00e7\u0131m\u0131zdan en y\u00fcksek turizm rakamlar\u0131na hem ki\u015fi say\u0131s\u0131 hem de gelir a\u00e7\u0131s\u0131ndan yakalad\u0131\u011f\u0131m\u0131z bir y\u0131l oldu. B\u00f6lgemizde ya\u015fad\u0131\u011f\u0131m\u0131z t\u00fcm s\u0131k\u0131nt\u0131lara ra\u011fmen bu rakamlara ula\u015fmak bizim i\u00e7in son derece anlaml\u0131. Bir daha g\u00f6rd\u00fck ki T\u00fcrkiye ger\u00e7ekten d\u00fcnyada g\u00fc\u00e7l\u00fc bir turizm \u00fclkesi.&#8221; dedi.<\/p>\n<p>T\u00fcrkiye&#8217;nin d\u00fcnyada en fazla turist a\u011f\u0131rlayan 4&#8217;\u00fcnc\u00fc \u00fclke oldu\u011funun alt\u0131n\u0131 \u00e7izen Ya\u011fc\u0131, bunu \u00f6nemli bir ba\u015far\u0131 oldu\u011funu dile getirdi.<\/p>\n<p>Ya\u011fc\u0131, sekt\u00f6r olarak bu y\u0131ldan da umutlu olduklar\u0131n\u0131 anlatarak, s\u00f6zlerini \u015f\u00f6yle s\u00fcrd\u00fcrd\u00fc: <\/p>\n<p>&#8220;2026&#8217;ya umutla ba\u015flad\u0131k. Tabii b\u00f6lgemizde ya\u015fad\u0131\u011f\u0131m\u0131z jeopolitik s\u0131k\u0131nt\u0131lar\u0131n fark\u0131nday\u0131z ama inan\u0131yoruz ki sekt\u00f6r olarak bu y\u0131l\u0131 gelir ve turist say\u0131s\u0131 anlam\u0131nda 2025&#8217;ten biraz daha \u00fczerinde kapataca\u011f\u0131m\u0131z\u0131 umut ediyoruz. Bu y\u00f6nde \u00e7al\u0131\u015fmalar\u0131m\u0131z devam ediyor. B\u00f6lgemizde olu\u015fabilecek t\u00fcm s\u0131k\u0131nt\u0131lara ra\u011fmen T\u00fcrkiye turizm sekt\u00f6r\u00fc krize ba\u011f\u0131\u015f\u0131kl\u0131k kazanm\u0131\u015f bir sekt\u00f6r, dolay\u0131s\u0131yla elimizden gelenin en iyisini yaparak yine iyi bir turizm geliri ve rakam\u0131na ula\u015faca\u011f\u0131m\u0131z\u0131 d\u00fc\u015f\u00fcn\u00fcyorum.&#8221;<\/p>\n<p>&#8220;T\u00fcrkiye turizmde farkl\u0131 alternatiflere sahip&#8221;<\/p>\n<p>Erkan Ya\u011fc\u0131, T\u00fcrkiye&#8217;nin sadece sahil, deniz, kum destinasyonuyla \u00f6n plana \u00e7\u0131kmad\u0131\u011f\u0131n\u0131, farkl\u0131 turizm alternatiflerine sahip oldu\u011funu kaydetti.<\/p>\n<p>T\u00fcrkiye&#8217;nin zengin turizm potansiyeline sahip oldu\u011funa i\u015faret eden Ya\u011fc\u0131, \u015f\u00f6yle devam etti: <\/p>\n<p>&#8220;T\u00fcrkiye&#8217;nin turizmi 12 aya yayma ve t\u00fcm b\u00f6lgelere yayma gibi stratejisi var. Bu stratejinin ana unsurlar\u0131ndan biri de sadece yaz turizmi de\u011fil, k\u0131\u015f ile yan sezon dedi\u011fimiz ilkbahar ve sonbahar d\u00f6neminde de gelen turist say\u0131s\u0131n\u0131 art\u0131rmak. Bunun i\u00e7in y\u0131l genelinde \u00e7ok yo\u011fun \u00e7aba g\u00f6steriliyor. Spor ve kongre turizmleri gibi farkl\u0131 dallarda \u00e7al\u0131\u015fmalar yap\u0131l\u0131yor. Bunlar\u0131n meyvesini de al\u0131yoruz. Gelen turist say\u0131s\u0131n\u0131 yaz\u0131n de\u011fil, k\u0131\u015f\u0131n da art\u0131rmak gibi bir hedefimiz var.&#8221;<\/p>\n<p>T\u00fcrkiye&#8217;nin k\u0131\u015f ile bahar mevsimlerinde \u00f6n plana \u00e7\u0131kan kongre turizminde \u00f6nemli bir potansiyeli bar\u0131nd\u0131rd\u0131\u011f\u0131n\u0131 ifade eden Ya\u011fc\u0131, \u00f6zellikle Antalya&#8217;n\u0131n her y\u0131l ulusal ve uluslararas\u0131 \u00e7ok say\u0131da organizasyona ev sahipli\u011fi yapt\u0131\u011f\u0131n\u0131 kaydetti.<\/p>\n<p>&#8220;D\u00fcnyan\u0131n g\u00f6z\u00fc Antalya ve T\u00fcrkiye&#8217;de olacak&#8221;<\/p>\n<p>Antalya&#8217;da bu y\u0131l 17-19 Nisan&#8217;da Antalya Diplomasi Forumu (ADF2026), 5-9 Ekim&#8217;de d\u00fcnyan\u0131n en prestijli uzay etkinliklerinden 77. Uluslararas\u0131 Uzay Kongresi (IAC) ile Birle\u015fmi\u015f Milletler \u0130klim De\u011fi\u015fikli\u011fi \u00c7er\u00e7eve S\u00f6zle\u015fmesi 31. Taraflar Konferans\u0131&#8217;n\u0131n (COP31) yap\u0131laca\u011f\u0131n\u0131 an\u0131msatan Ya\u011fc\u0131, bunlar\u0131n d\u00fcnya genelinde \u00f6nemli organizasyonlar oldu\u011funu vurgulad\u0131.<\/p>\n<p>Etkinliklerle t\u00fcm d\u00fcnyan\u0131n g\u00f6z\u00fcn\u00fcn Antalya&#8217;da ve T\u00fcrkiye&#8217;de olaca\u011f\u0131n\u0131 belirten Ya\u011fc\u0131, &#8220;B\u00f6yle organizasyonlar\u0131n T\u00fcrkiye&#8217;nin turizm ba\u015fkenti Antalya&#8217;da yap\u0131l\u0131yor olmas\u0131 \u00e7ok \u00e7ok \u00f6nemli. Antalya hem yatak kapasitesi hem de turist say\u0131s\u0131 a\u00e7\u0131s\u0131ndan sadece T\u00fcrkiye&#8217;de de\u011fil, d\u00fcnyada en fazla ziyaret\u00e7i kabul eden ilk 10 \u015fehirden biri. Dolay\u0131s\u0131yla organizasyonlar\u0131n burada yap\u0131lmas\u0131 son derece \u00f6nemli.&#8221; diye konu\u015ftu.<\/p>\n<p>Bu t\u00fcr organizasyonlar\u0131n hem \u00fclkenin tan\u0131t\u0131m\u0131na hem de turizme \u00f6nemli katk\u0131 sunaca\u011f\u0131n\u0131 ifade eden Ya\u011fc\u0131, sekt\u00f6r olarak da her t\u00fcrl\u00fc deste\u011fi vermeye haz\u0131r olduklar\u0131n\u0131 s\u00f6zlerine ekledi.<\/p>\n","protected":false},"excerpt":{"rendered":"<p>T\u00dcROFED Ba\u015fkan\u0131 Ya\u011fc\u0131, 2022&#8217;de T\u00fcrkiye&#8217;nin turizmde 65 milyar gelir ve 64 milyon turistle rekor k\u0131rd\u0131\u011f\u0131n\u0131 belirtti.<\/p>\n","protected":false},"author":1,"featured_media":75174,"comment_status":"open","ping_status":"open","sticky":false,"template":"","format":"standard","meta":{"footnotes":""},"categories":[8],"tags":[457,437,511,197,2677],"class_list":["post-75173","post","type-post","status-publish","format-standard","has-post-thumbnail","hentry","category-ekonomi","tag-antalya","tag-dunya","tag-turizm","tag-turkiye","tag-yagci"],"_links":{"self":[{"href":"https:\/\/bihavadis.com\/index.php\/wp-json\/wp\/v2\/posts\/75173","targetHints":{"allow":["GET"]}}],"collection":[{"href":"https:\/\/bihavadis.com\/index.php\/wp-json\/wp\/v2\/posts"}],"about":[{"href":"https:\/\/bihavadis.com\/index.php\/wp-json\/wp\/v2\/types\/post"}],"author":[{"embeddable":true,"href":"https:\/\/bihavadis.com\/index.php\/wp-json\/wp\/v2\/users\/1"}],"replies":[{"embeddable":true,"href":"https:\/\/bihavadis.com\/index.php\/wp-json\/wp\/v2\/comments?post=75173"}],"version-history":[{"count":1,"href":"https:\/\/bihavadis.com\/index.php\/wp-json\/wp\/v2\/posts\/75173\/revisions"}],"predecessor-version":[{"id":75175,"href":"https:\/\/bihavadis.com\/index.php\/wp-json\/wp\/v2\/posts\/75173\/revisions\/75175"}],"wp:featuredmedia":[{"embeddable":true,"href":"https:\/\/bihavadis.com\/index.php\/wp-json\/wp\/v2\/media\/75174"}],"wp:attachment":[{"href":"https:\/\/bihavadis.com\/index.php\/wp-json\/wp\/v2\/media?parent=75173"}],"wp:term":[{"taxonomy":"category","embeddable":true,"href":"https:\/\/bihavadis.com\/index.php\/wp-json\/wp\/v2\/categories?post=75173"},{"taxonomy":"post_tag","embeddable":true,"href":"https:\/\/bihavadis.com\/index.php\/wp-json\/wp\/v2\/tags?post=75173"}],"curies":[{"name":"wp","href":"https:\/\/api.w.org\/{rel}","templated":true}]}}