{"id":75176,"date":"2026-04-29T21:09:12","date_gmt":"2026-04-29T21:09:12","guid":{"rendered":"https:\/\/bihavadis.com\/?p=75176"},"modified":"2026-04-29T21:09:12","modified_gmt":"2026-04-29T21:09:12","slug":"baskan-sandikciya-sevgi-seli-ogrencilerin-iftar-sevincine-ortak-oldu","status":"publish","type":"post","link":"https:\/\/bihavadis.com\/index.php\/2026\/04\/29\/baskan-sandikciya-sevgi-seli-ogrencilerin-iftar-sevincine-ortak-oldu\/","title":{"rendered":"Ba\u015fkan Sand\u0131k\u00e7\u0131&#8217;ya Sevgi Seli: \u00d6\u011frencilerin \u0130ftar Sevincine Ortak Oldu\u00a0"},"content":{"rendered":"<p><b>Canik Belediye Ba\u015fkan\u0131 \u0130brahim Sand\u0131k\u00e7\u0131, \u00f6\u011frencilerle iftar sofras\u0131nda bulu\u015ftu.\u00a0<\/b><\/p>\n<p>Canik Belediye Ba\u015fkan\u0131 \u0130brahim Sand\u0131k\u00e7\u0131, Canik Kuzey Y\u0131ld\u0131z\u0131 Ortaokulu \u00f6\u011frencileriyle iftar program\u0131nda bir araya geldi. \u00d6\u011frencilerin Ramazan sevincini payla\u015fan Ba\u015fkan \u0130brahim Sand\u0131k\u00e7\u0131, \u00f6\u011frencilerden Ramazan ay\u0131 hat\u0131ralar\u0131n\u0131 dinledi. \u00d6\u011frencilerin Ba\u015fkan \u0130brahim Sand\u0131k\u00e7\u0131&#8217;y\u0131 b\u00fcy\u00fck bir co\u015fkuyla kar\u015f\u0131lad\u0131\u011f\u0131 programda, iftar vakti \u00f6ncesinde d\u00fczenlenen aktivitelerle \u00f6\u011frenciler doyas\u0131ya e\u011flendi. \u00d6\u011frencilerle birlikte d\u00fczenlenen aktivitelere ve etkinliklere kat\u0131lan Ba\u015fkan \u0130brahim Sand\u0131k\u00e7\u0131, ailelerin de ilgiyle kat\u0131ld\u0131\u011f\u0131 programda \u00f6\u011frencilere hediye takdiminde bulundu. Canik \u015eehr-i Ramazan Ser\u00fcveni, iftar ve mahalle bulu\u015fmalar\u0131yla 7&#8217;den 70&#8217;e Ramazan ay\u0131n\u0131n sevincine ortak olmaya devam ettiklerini ifade eden Ba\u015fkan \u0130brahim Sand\u0131k\u00e7\u0131, &#8220;\u0130l\u00e7emizin d\u00f6rt bir yan\u0131nda Ramazan&#8217;\u0131n huzur ve bereketini payla\u015fmay\u0131 s\u00fcrd\u00fcr\u00fcyoruz&#8221; dedi.<\/p>\n<p><b>Sevin\u00e7 Payla\u015f\u0131l\u0131yor\u00a0<\/b><\/p>\n<p>Ramazan ay\u0131na \u00f6zel etkinlikler d\u00fczenlediklerini, \u00e7ocuklar\u0131n ve gen\u00e7lerin Ramazan heyecan\u0131n\u0131 payla\u015fmaya devam ettiklerini dile getiren Ba\u015fkan \u0130brahim Sand\u0131k\u00e7\u0131, &#8220;Canik&#8217;imizde m\u00fcbarek Ramazan ay\u0131n\u0131n sevincini payla\u015fmaya devam ediyoruz. \u00c7ocuklar\u0131m\u0131z\u0131n ve gen\u00e7lerimizin Ramazan sevin\u00e7lerine ortak oluyoruz. Canik \u015eehr-i Ramazan Ser\u00fcveni etkinliklerimizde \u00e7ocuklar\u0131m\u0131z\u0131 ve gen\u00e7lerimizi geleneksel Ramazan e\u011flenceleriyle bir araya getiriyor, \u00e7at kap\u0131 iftar program\u0131m\u0131z ve teravih namaz\u0131 sonras\u0131nda ger\u00e7ekle\u015ftirdi\u011fimiz mahalle bulu\u015fmalar\u0131yla 7&#8217;den 70&#8217;e Ramazan&#8217;\u0131n bereketini payla\u015f\u0131yoruz. Ramazan ay\u0131n\u0131n manevi atmosferinde bir araya geldi\u011fimiz t\u00fcm \u00f6\u011frencilerimize ba\u015far\u0131larla dolu bir e\u011fitim hayat\u0131 diliyorum&#8221; \u015feklinde ifade etti.<\/p>\n<p>Kaynak: (BYZHA) Beyaz Haber Ajans\u0131<\/p>\n","protected":false},"excerpt":{"rendered":"<p>Canik Belediye Ba\u015fkan\u0131 \u0130brahim Sand\u0131k\u00e7\u0131, \u00f6\u011frencilerle iftar sofras\u0131nda bulu\u015ftu.\u00a0<\/p>\n","protected":false},"author":1,"featured_media":75177,"comment_status":"open","ping_status":"open","sticky":false,"template":"","format":"standard","meta":{"footnotes":""},"categories":[4],"tags":[516,2162,1005,1002,2714],"class_list":["post-75176","post","type-post","status-publish","format-standard","has-post-thumbnail","hentry","category-gundem","tag-baskan","tag-canik","tag-ibrahim-sandikci","tag-ogrenciler","tag-ramazan"],"_links":{"self":[{"href":"https:\/\/bihavadis.com\/index.php\/wp-json\/wp\/v2\/posts\/75176","targetHints":{"allow":["GET"]}}],"collection":[{"href":"https:\/\/bihavadis.com\/index.php\/wp-json\/wp\/v2\/posts"}],"about":[{"href":"https:\/\/bihavadis.com\/index.php\/wp-json\/wp\/v2\/types\/post"}],"author":[{"embeddable":true,"href":"https:\/\/bihavadis.com\/index.php\/wp-json\/wp\/v2\/users\/1"}],"replies":[{"embeddable":true,"href":"https:\/\/bihavadis.com\/index.php\/wp-json\/wp\/v2\/comments?post=75176"}],"version-history":[{"count":1,"href":"https:\/\/bihavadis.com\/index.php\/wp-json\/wp\/v2\/posts\/75176\/revisions"}],"predecessor-version":[{"id":75178,"href":"https:\/\/bihavadis.com\/index.php\/wp-json\/wp\/v2\/posts\/75176\/revisions\/75178"}],"wp:featuredmedia":[{"embeddable":true,"href":"https:\/\/bihavadis.com\/index.php\/wp-json\/wp\/v2\/media\/75177"}],"wp:attachment":[{"href":"https:\/\/bihavadis.com\/index.php\/wp-json\/wp\/v2\/media?parent=75176"}],"wp:term":[{"taxonomy":"category","embeddable":true,"href":"https:\/\/bihavadis.com\/index.php\/wp-json\/wp\/v2\/categories?post=75176"},{"taxonomy":"post_tag","embeddable":true,"href":"https:\/\/bihavadis.com\/index.php\/wp-json\/wp\/v2\/tags?post=75176"}],"curies":[{"name":"wp","href":"https:\/\/api.w.org\/{rel}","templated":true}]}}