{"id":75191,"date":"2026-04-29T21:24:10","date_gmt":"2026-04-29T21:24:10","guid":{"rendered":"https:\/\/bihavadis.com\/?p=75191"},"modified":"2026-04-29T21:24:10","modified_gmt":"2026-04-29T21:24:10","slug":"hurriyetci-saglik-sen-2-olagan-kongresi-gerceklesti","status":"publish","type":"post","link":"https:\/\/bihavadis.com\/index.php\/2026\/04\/29\/hurriyetci-saglik-sen-2-olagan-kongresi-gerceklesti\/","title":{"rendered":"H\u00fcrriyet\u00e7i Sa\u011fl\u0131k Sen 2. Ola\u011fan Kongresi Ger\u00e7ekle\u015fti"},"content":{"rendered":"<p><span>H\u0131zla b\u00fcy\u00fcyen H\u00fcrriyet\u00e7i Sa\u011fl\u0131k Sen\u2019in 2. Ola\u011fan Kongresi Ankara\u2019da ger\u00e7ekle\u015fti.\u00a0<\/span><\/p>\n<p><span>\u0130limizde ve \u00fclke genelinde sendika denince ilk akla gelen isimlerden olan\u00a0 emek d\u00fcnyas\u0131nda ve sa\u011fl\u0131k \u00e7al\u0131\u015fanlar aras\u0131nda tan\u0131nan ve uzun y\u0131llar kamu \u00e7al\u0131\u015fanlar\u0131n\u0131n kronikle\u015fmi\u015f sorunlar\u0131n\u0131n \u00e7\u00f6z\u00fcme kavu\u015fturulmas\u0131 i\u00e7in m\u00fccadele eden T\u00fcrk Sa\u011fl\u0131k Sen Kocaeli\u00a0 eski \u015eube Ba\u015fkan\u0131 \u00d6mer \u00c7eker, H\u00fcrriyet\u00e7i Sa\u011fl\u0131k Sen Genel Ba\u015fkan Yard\u0131mc\u0131s\u0131 g\u00f6revi ile emek m\u00fccadelesine devam edeceklerini s\u00f6yledi.\u00a0<\/span><\/p>\n<p><img decoding=\"async\" src=\"https:\/\/www.bsha.com.tr\/wp-content\/uploads\/2026\/04\/hurriyetci-sagliksen3.jpeg\"\/><\/p>\n<p><b><strong>Sendikal m\u00fccadelenin i\u00e7inde olan isimler kongreden g\u00fc\u00e7lenerek \u00e7\u0131kt\u0131\u00a0<\/strong><\/b><\/p>\n<p><span>Genel Ba\u015fkan Muhammet Birinci, T\u00fcrkiye genelinde \u00f6nemli \u00e7al\u0131\u015fmalara imza atacaklar\u0131n\u0131 s\u00f6yledi. Sendikal m\u00fccadelede deneyim, tecr\u00fcbe ve ge\u00e7mi\u015fi olan \u015eube Ba\u015fkan\u0131 ve \u0130\u015f yeri Temsilcisi isimler emek m\u00fccadelesinde H\u00fcrriyet\u00e7i Sa\u011fl\u0131k Sen dedi. H\u00fcrriyet\u00e7i Sa\u011fl\u0131k Sen 2. Ola\u011fan kongresinde g\u00fc\u00e7lenerek \u00e7\u0131kt\u0131. T\u00fcrk Sa\u011fl\u0131k Sen \u00c7anakkale eski \u015eube Ba\u015fkan\u0131 Turan \u00c7avdar ve ekibi de H\u00fcrriyet\u00e7i Sa\u011fl\u0131k Sen Genel Ba\u015fkan Yard\u0131mc\u0131s\u0131 olarak delegelerin tevecc\u00fch\u00fc ile Genel Merkeze se\u00e7ildi, Bart\u0131n T\u00fcrk Sa\u011fl\u0131k Sen Eski \u015eube Ba\u015fkan\u0131 Ziya Turhan da \u00c7anakkale Kurucu \u015eube Ba\u015fkanl\u0131\u011f\u0131na atand\u0131.\u00a0<\/span><\/p>\n<p><img decoding=\"async\" src=\"https:\/\/www.bsha.com.tr\/wp-content\/uploads\/2026\/04\/1ABB0A01-030D-436E-B2D8-DBFDF638ABEC.jpeg\"\/><\/p>\n<p><b>\u00d6mer \u00c7eker\u2019den \u00f6nemli a\u00e7\u0131klama<\/b><\/p>\n<p><span>H\u00fcrriyet\u00e7i Sa\u011fl\u0131k Sen\u2019in 2. Ola\u011fan Kongresinde Genel Ba\u015fkan yard\u0131mc\u0131s\u0131 olarak se\u00e7ilen \u00d6mer \u00c7eker yapm\u0131\u015f oldu\u011fu a\u00e7\u0131klamada \u201cTaciz ve tehdit iddialar\u0131 ile Kocaeli\u2019nde ulusal bas\u0131nda g\u00fcndeme gelen ve nam salm\u0131\u015f olan siyasi mevtan\u0131n Anti demokratik uygulamalar\u0131 nedeni ile 26 Eyl\u00fcl 2025 Tarihinde Kocaeli \u015eube Ba\u015fkanl\u0131\u011f\u0131ndan istifa ettim. Ya\u015fam\u0131\u015f oldu\u011fu m\u00fcddet\u00e7e Taciz ve tehdit iddialar\u0131 ile an\u0131lacak ahlak fukaras\u0131 emek m\u00fccadelemize ket vurabilece\u011fini sand\u0131.\u00a0 Sa\u011fl\u0131k \u00e7al\u0131\u015fanlar\u0131 ve Kocaeli kamuoyu kendisine unutamayaca\u011f\u0131 bir tokat att\u0131. Tokat\u2019\u0131n ac\u0131s\u0131n\u0131 \u00f6m\u00fcr boyu unutmas\u0131 m\u00fcmk\u00fcn de\u011fildir. Sa\u011fl\u0131k \u00e7al\u0131\u015fanlar\u0131n\u0131n vermi\u015f oldu\u011fu destek ile k\u0131sa s\u00fcrede \u015fube kurma yeter say\u0131n\u0131na ula\u015farak \u015fubeyi kurduk ve Kongremizi yapt\u0131k. H\u00fcrriyet\u00e7i Sa\u011fl\u0131k Sen\u00a0 bayra\u011f\u0131n\u0131 dalgaland\u0131rmaya ve Sa\u011fl\u0131k \u00e7al\u0131\u015fanlar\u0131na, Aile Sosyal Hizmet \u00e7al\u0131\u015fanlar\u0131na ve Y\u00d6K Ba\u011fl\u0131 faaliyet g\u00f6steren \u00fcniversite \u00e7al\u0131\u015fanlar\u0131na\u00a0 Fethiye caddesindeki\u00a0 \u015eube binam\u0131zda hizmet vermeye ba\u015flad\u0131\u011f\u0131n\u0131 ifade etti. \u00c7eker; Yakla\u015f\u0131k 30 y\u0131l Kocaeli \u015eube Ba\u015fkanl\u0131\u011f\u0131, T\u00fcrkiye Kamu Sen Kocaeli \u0130l Temsilcili\u011fi, Bir d\u00f6nem T\u00fcrkiye Kamu Sen Denetleme Kurulu \u00dcyeli\u011fi ve Bir d\u00f6nem T\u00fcrk Sa\u011fl\u0131k Sen Disiplin Kurulu \u00dcyeli\u011fi yapm\u0131\u015ft\u0131r.\u00a0 11 Nisan 2026 tarihinde yap\u0131lan H\u00fcrriyet\u00e7i Sa\u011fl\u0131k Sen 2. Olan kongresinde delegelerin tevecc\u00fch\u00fc ile Genel Sekreter se\u00e7ildi. (BSHA \u2013 Bilim ve Sa\u011fl\u0131k Haber Ajans\u0131)\u00a0<\/span><\/p>\n","protected":false},"excerpt":{"rendered":"<p>H\u0131zla b\u00fcy\u00fcyen H\u00fcrriyet\u00e7i Sa\u011fl\u0131k Sen\u2019in 2. Ola\u011fan Kongresi Ankara\u2019da ger\u00e7ekle\u015fti.\u00a0<\/p>\n","protected":false},"author":1,"featured_media":0,"comment_status":"open","ping_status":"open","sticky":false,"template":"","format":"standard","meta":{"footnotes":""},"categories":[11],"tags":[516,157,1928,1476,517],"class_list":["post-75191","post","type-post","status-publish","format-standard","hentry","category-saglik","tag-baskan","tag-saglik","tag-sen","tag-sube","tag-turk"],"_links":{"self":[{"href":"https:\/\/bihavadis.com\/index.php\/wp-json\/wp\/v2\/posts\/75191","targetHints":{"allow":["GET"]}}],"collection":[{"href":"https:\/\/bihavadis.com\/index.php\/wp-json\/wp\/v2\/posts"}],"about":[{"href":"https:\/\/bihavadis.com\/index.php\/wp-json\/wp\/v2\/types\/post"}],"author":[{"embeddable":true,"href":"https:\/\/bihavadis.com\/index.php\/wp-json\/wp\/v2\/users\/1"}],"replies":[{"embeddable":true,"href":"https:\/\/bihavadis.com\/index.php\/wp-json\/wp\/v2\/comments?post=75191"}],"version-history":[{"count":1,"href":"https:\/\/bihavadis.com\/index.php\/wp-json\/wp\/v2\/posts\/75191\/revisions"}],"predecessor-version":[{"id":75192,"href":"https:\/\/bihavadis.com\/index.php\/wp-json\/wp\/v2\/posts\/75191\/revisions\/75192"}],"wp:attachment":[{"href":"https:\/\/bihavadis.com\/index.php\/wp-json\/wp\/v2\/media?parent=75191"}],"wp:term":[{"taxonomy":"category","embeddable":true,"href":"https:\/\/bihavadis.com\/index.php\/wp-json\/wp\/v2\/categories?post=75191"},{"taxonomy":"post_tag","embeddable":true,"href":"https:\/\/bihavadis.com\/index.php\/wp-json\/wp\/v2\/tags?post=75191"}],"curies":[{"name":"wp","href":"https:\/\/api.w.org\/{rel}","templated":true}]}}