{"id":75196,"date":"2026-04-29T21:30:07","date_gmt":"2026-04-29T21:30:07","guid":{"rendered":"https:\/\/bihavadis.com\/?p=75196"},"modified":"2026-04-29T21:30:07","modified_gmt":"2026-04-29T21:30:07","slug":"hurriyetci-saglik-sen-bagimsiz-sendikacilik-temel-vizyonumuzdur","status":"publish","type":"post","link":"https:\/\/bihavadis.com\/index.php\/2026\/04\/29\/hurriyetci-saglik-sen-bagimsiz-sendikacilik-temel-vizyonumuzdur\/","title":{"rendered":"H\u00fcrriyet\u00e7i Sa\u011fl\u0131k Sen: \u201cBa\u011f\u0131ms\u0131z Sendikac\u0131l\u0131k Temel Vizyonumuzdur\u201d"},"content":{"rendered":"<p><span>H\u00fcrriyet\u00e7i Sa\u011fl\u0131k-Sen Genel Kurulu\u2019ndan G\u00fc\u00e7l\u00fc Mesaj: Ba\u011f\u0131ms\u0131z Sendikal M\u00fccadele Kamu \u00c7al\u0131\u015fanlar\u0131n\u0131n Tek \u00c7\u0131k\u0131\u015f Yoludur<\/span><\/p>\n<p><span>H\u00fcrriyet\u00e7i Sa\u011fl\u0131k Sen Genel Merkezinin 2. Ola\u011fan Kurultay\u0131 11-12 Nisan 2026 Tarihinde delegelerin ve misafirlerin kat\u0131l\u0131m\u0131 ile co\u015fkulu bir \u015fekilde ger\u00e7ekle\u015ftirildi. Divan ba\u015fkanl\u0131\u011f\u0131na Y\u0130K ba\u015fkan\u0131 Mustafa Eldemir, Ba\u015fkan Yard\u0131mc\u0131l\u0131\u011f\u0131na eski MYK \u00fcyesi Ahmet U\u00e7ar, Katip \u00fcyeli\u011fine Bas\u0131n Dan\u0131\u015fman\u0131 Can G\u00fcne\u015f se\u00e7ildi.<\/span><span> G\u00fcndemde s\u0131ra d\u0131\u015f\u0131 bir uygulama olarak dikkat \u00e7eken \u00a0Y\u0131ld\u0131r\u0131m Ko\u00e7 taraf\u0131ndan ger\u00e7ekle\u015ftirilen \u201c<\/span><span>T\u00fcrkiye\u2019de Sendika, Siyaset ve B\u00fcrokrasi ili\u015fkilerinin Etkileri ve Ba\u011f\u0131ms\u0131z Sendikal M\u00fccadelenin \u00d6nemi<\/span><span>\u201d konulu konferans\u0131n ard\u0131ndan g\u00fcndeme ili\u015fkin maddeler g\u00f6r\u00fc\u015f\u00fcld\u00fc. <\/span><span>Kurultayda bir konu\u015fma yapan H<\/span><span>\u00fcrriyet\u00e7i Sa\u011fl\u0131k-Sen Genel Ba\u015fkan\u0131 Muhammet Birinci, \u00a0ba\u011f\u0131ms\u0131z sendikal m\u00fccadelenin yaln\u0131zca bir sendikal tercih de\u011fil; kamu \u00e7al\u0131\u015fanlar\u0131n\u0131n eme\u011fini, onurunu, gelece\u011fini ve haklar\u0131n\u0131 koruman\u0131n en g\u00fc\u00e7l\u00fc ve en me\u015fru yolu oldu\u011funu vurgulad\u0131. <\/span><span>Muhammet Birinci<\/span><span> konu\u015fmas\u0131nda,<\/span><span> H\u00fcrriyet\u00e7i Sa\u011fl\u0131k-Sen\u2019in kurulu\u015f felsefesinin; ba\u011f\u0131ms\u0131zl\u0131k, adalet, liyakat, emek m\u00fccadelesi ve toplumsal sorumluluk ilkeleri \u00fczerine in\u015fa edildi\u011fini ifade etti. Sendikan\u0131n ilham kayna\u011f\u0131n\u0131n, Cumhuriyetin kurucu iradesi, millet egemenli\u011fi anlay\u0131\u015f\u0131 ve hak m\u00fccadelesi gelene\u011fi oldu\u011funu belirten Birinci, bu ruhun yaln\u0131zca ge\u00e7mi\u015fe ait bir miras de\u011fil, bug\u00fcn de kamu \u00e7al\u0131\u015fanlar\u0131n\u0131n hak arama m\u00fccadelesine y\u00f6n veren g\u00fc\u00e7l\u00fc bir rehber oldu\u011funu s\u00f6yledi.<\/span><\/p>\n<p><img decoding=\"async\" src=\"https:\/\/www.bsha.com.tr\/wp-content\/uploads\/2026\/04\/hurriyetci-sagliksen3.jpeg\"\/><\/p>\n<p><b>Birinci: \u201cBedel \u00d6demekten \u00c7ekinmeyen, Hakk\u0131 Savunmay\u0131 G\u00f6rev Bilen Bir Anlay\u0131\u015f\u0131n Temsilciyiz\u201d<\/b><\/p>\n<p><span>Birinci, H\u00fcrriyet\u00e7i Sa\u011fl\u0131k-Sen\u2019in b\u00fcy\u00fcmesini hi\u00e7bir siyasi g\u00fcce, hi\u00e7bir vesayet oda\u011f\u0131na ve hi\u00e7bir \u00e7\u0131kar grubuna bor\u00e7lu olmad\u0131\u011f\u0131n\u0131 belirterek \u015fu de\u011ferlendirmede bulundu <\/span><span>\u201cH\u00fcrriyet\u00e7i Sa\u011fl\u0131k-Sen g\u00fcc\u00fcn\u00fc makamdan, iktidardan ya da himayeden de\u011fil; sa\u011fl\u0131k ve sosyal hizmet \u00e7al\u0131\u015fanlar\u0131n\u0131n al\u0131n terinden, \u00fcyelerimizin iradesinden, hakl\u0131 m\u00fccadelemizin me\u015fruiyetinden ve ba\u011f\u0131ms\u0131z sendikal duru\u015fumuzdan almaktad\u0131r. Biz, \u00fcyelerimizin iradesini esas alan, bedel \u00f6demekten \u00e7ekinmeyen, hakk\u0131 savunmay\u0131 g\u00f6rev bilen bir anlay\u0131\u015f\u0131n temsilcisiyiz.\u201d <\/span><span>Genel kurulda, kamu \u00e7al\u0131\u015fanlar\u0131n\u0131n y\u0131llard\u0131r \u00e7\u00f6z\u00fclemeyen yap\u0131sal sorunlar\u0131 da ayr\u0131nt\u0131l\u0131 bi\u00e7imde g\u00fcndeme getirildi. Muhammet Birinci, \u00f6zellikle toplu s\u00f6zle\u015fme s\u00fcre\u00e7lerinin \u00e7al\u0131\u015fanlar\u0131n beklentilerini kar\u015f\u0131lamaktan uzak kald\u0131\u011f\u0131n\u0131, yetkili sendikalar\u0131n kamu \u00e7al\u0131\u015fanlar\u0131n\u0131n temel sorunlar\u0131nda etkili bir m\u00fccadele ortaya koyamad\u0131\u011f\u0131n\u0131 s\u00f6yledi.<\/span><\/p>\n<p><span>A\u00e7\u0131klamada \u00f6ne \u00e7\u0131kan ba\u015fl\u0131ca sorun alanlar\u0131 \u015fu \u015fekilde s\u0131raland\u0131:<\/span><\/p>\n<div><span>\u2022 <\/span><span>Enflasyon kar\u015f\u0131s\u0131nda eriyen maa\u015flar ve al\u0131m g\u00fcc\u00fc kayb\u0131, <\/span><\/div>\n<div><span>\u2022 <\/span><span>Yoksulluk s\u0131n\u0131r\u0131n\u0131n alt\u0131nda kalan \u00fccret politikalar\u0131, <\/span><\/div>\n<div><span>\u2022 <\/span><span>Gelir vergisi dilimlerinden kaynaklanan adaletsizlikler, <\/span><\/div>\n<div><span>\u2022 <\/span><span>Emeklilikte maa\u015f ba\u011flama oran\u0131 ma\u011fduriyetleri, <\/span><\/div>\n<div><span>\u2022 <\/span><span>Ek \u00f6deme kalemlerinin emeklili\u011fe yans\u0131t\u0131lmamas\u0131, <\/span><\/div>\n<div><span>\u2022 <\/span><span>3600 ek g\u00f6sterge d\u00fczenlemesindeki eksiklikler, <\/span><\/div>\n<div><span>\u2022 <\/span><span>Yard\u0131mc\u0131 hizmetler s\u0131n\u0131f\u0131 \u00e7al\u0131\u015fanlar\u0131n\u0131n \u00e7\u00f6z\u00fcm bekleyen sorunlar\u0131, <\/span><\/div>\n<div><span>\u2022 <\/span><span>B\u00fcy\u00fck\u015fehirlerde g\u00f6rev yapan kamu \u00e7al\u0131\u015fanlar\u0131n\u0131n artan kira y\u00fck\u00fc, <\/span><\/div>\n<div><span>\u2022 <\/span><span>Aile ve \u00e7ocuk yard\u0131mlar\u0131n\u0131n yetersizli\u011fi, <\/span><\/div>\n<div><span>\u2022 <\/span><span>Liyakat ilkesinin zedelenmesi ve i\u015f yerlerinde artan bask\u0131 ortam\u0131. <\/span><\/div>\n<p><span>Birinci, kamu \u00e7al\u0131\u015fanlar\u0131n\u0131n hak kay\u0131plar\u0131 kar\u015f\u0131s\u0131nda sessiz kalan anlay\u0131\u015f\u0131n sendikal temsil iddias\u0131n\u0131 kaybetti\u011fini belirterek, kamu emek\u00e7ilerinin art\u0131k g\u00f6stermelik m\u00fccadeleye de\u011fil, sahici ve ba\u011f\u0131ms\u0131z bir sendikal iradeye ihtiya\u00e7 duydu\u011funu ifade etti.<\/span><\/p>\n<p><span>H\u00fcrriyet\u00e7i Sa\u011fl\u0131k-Sen\u2019in bundan sonraki s\u00fcre\u00e7te izleyece\u011fi sendikal vizyona da de\u011finen Birinci, \u015fu taahh\u00fctlerde bulundu:<\/span><\/p>\n<div><span>\u2022 <\/span><span>\u00dcyelerin iradesini merkeze alan demokratik sendikac\u0131l\u0131k anlay\u0131\u015f\u0131n\u0131 g\u00fc\u00e7lendirmek, <\/span><\/div>\n<div><span>\u2022 <\/span><span>Hukuksuzluk, mobbing ve keyfi uygulamalara kar\u015f\u0131 kararl\u0131 m\u00fccadele y\u00fcr\u00fctmek, <\/span><\/div>\n<div><span>\u2022 <\/span><span>Sa\u011fl\u0131k ve sosyal hizmet \u00e7al\u0131\u015fanlar\u0131n\u0131n mesleki itibar\u0131n\u0131 korumak, <\/span><\/div>\n<div><span>\u2022 <\/span><span>Kamu \u00e7al\u0131\u015fanlar\u0131n\u0131n ekonomik ve sosyal haklar\u0131n\u0131 geli\u015ftirmek, <\/span><\/div>\n<div><span>\u2022 <\/span><span>\u0130\u015f yerlerinde kutupla\u015fma yerine huzur ve i\u015f bar\u0131\u015f\u0131n\u0131 tesis etmek, <\/span><\/div>\n<div><span>\u2022 <\/span><span>Kamu kaynaklar\u0131n\u0131n adil kullan\u0131m\u0131n\u0131 savunmak, <\/span><\/div>\n<div><span>\u2022 <\/span><span>Sendikal ba\u011f\u0131ms\u0131zl\u0131\u011f\u0131 \u00fclke genelinde b\u00fcy\u00fctmek.<\/span><\/div>\n<p><b>Birinci; \u201cHi\u00e7bir \u00dcyemizi Yaln\u0131z B\u0131rakmayaca\u011f\u0131z\u201d<\/b><\/p>\n<p><span>Muhammet Birinci, H\u00fcrriyet\u00e7i Sa\u011fl\u0131k-Sen\u2019in hi\u00e7bir \u00fcyeyi yaln\u0131z b\u0131rakmayaca\u011f\u0131n\u0131 vurgulayarak \u015fu ifadeleri kulland\u0131:<\/span><\/p>\n<p><span>\u201cHi\u00e7bir \u00fcyemizi bask\u0131 kar\u015f\u0131s\u0131nda \u00e7aresiz b\u0131rakmayaca\u011f\u0131z. Hi\u00e7bir kamu \u00e7al\u0131\u015fan\u0131n\u0131 hukuk d\u0131\u015f\u0131 uygulamalar kar\u015f\u0131s\u0131nda yaln\u0131z b\u0131rakmayaca\u011f\u0131z. Kamu \u00e7al\u0131\u015fanlar\u0131n\u0131n eme\u011fini siyasetin g\u00f6lgesine teslim etmeyece\u011fiz. \u00c7\u00fcnk\u00fc biz, eme\u011fin onurunu savunmay\u0131 bir sorumluluk, ba\u011f\u0131ms\u0131z sendikac\u0131l\u0131\u011f\u0131 ise bir karakter meselesi olarak g\u00f6r\u00fcyoruz.\u201d <\/span><span>A\u00e7\u0131klaman\u0131n sonunda, ba\u011f\u0131ms\u0131z sendikal m\u00fccadelenin b\u00fcy\u00fcmesiyle birlikte \u00e7al\u0131\u015fanlar\u0131n s\u00f6z ve karar hakk\u0131n\u0131n g\u00fc\u00e7lenece\u011fi, demokrasinin daha da derinle\u015fece\u011fi ve kamu \u00e7al\u0131\u015fanlar\u0131n\u0131n hak arama k\u00fclt\u00fcr\u00fcn\u00fcn daha sa\u011flam temeller \u00fczerinde y\u00fckselece\u011fi vurguland\u0131. <\/span><span>H\u00fcrriyet\u00e7i Sa\u011fl\u0131k-Sen olarak; sa\u011fl\u0131k ve sosyal hizmet \u00e7al\u0131\u015fanlar\u0131 ba\u015fta olmak \u00fczere t\u00fcm kamu <\/span><span>\u00e7al\u0131\u015fanlar\u0131n\u0131n<\/span><span> haklar\u0131n\u0131 korumak, \u00e7al\u0131\u015fma hayat\u0131nda adaleti tesis etmek ve ba\u011f\u0131ms\u0131z sendikal m\u00fccadeleyi \u00fclkemizin her k\u00f6\u015fesine ta\u015f\u0131mak i\u00e7in kararl\u0131l\u0131kla \u00e7al\u0131\u015fmaya devam edece\u011fimizi kamuoyuna sayg\u0131yla duyururuz\u201d dedi <\/span><span>12.04.2026 tarihinde yap\u0131lan se\u00e7im neticesinde y\u00f6netim kurulu olu\u015fturulmu\u015f olup, Genel Ba\u015fkanl\u0131\u011fa Muhammet Birinci, Genel Sekreterli\u011fe \u00d6mer \u00c7eker, Genel Ba\u015fkan Yard\u0131mc\u0131l\u0131klar\u0131na ise Turan \u00c7avdar, Selma Uyan\u0131k, S\u00fcleyman Uyan\u0131k, Kemal Sarg\u0131n ve Fatih Sar\u0131kaya getirilmi\u015ftir. (BSHA \u2013 Bilim ve Sa\u011fl\u0131k Haber Ajans\u0131)\u00a0<\/span><\/p>\n","protected":false},"excerpt":{"rendered":"<p>H\u00fcrriyet\u00e7i Sa\u011fl\u0131k Sen: &#8220;Ba\u011f\u0131ms\u0131z Sendikac\u0131l\u0131k Temel Vizyonumuzdur&#8221;<\/p>\n","protected":false},"author":1,"featured_media":0,"comment_status":"open","ping_status":"open","sticky":false,"template":"","format":"standard","meta":{"footnotes":""},"categories":[11],"tags":[1693,5700,8108,1007,8103],"class_list":["post-75196","post","type-post","status-publish","format-standard","hentry","category-saglik","tag-hak","tag-hicbir","tag-hurriyetci-saglik-sen","tag-mucadele","tag-sendikal"],"_links":{"self":[{"href":"https:\/\/bihavadis.com\/index.php\/wp-json\/wp\/v2\/posts\/75196","targetHints":{"allow":["GET"]}}],"collection":[{"href":"https:\/\/bihavadis.com\/index.php\/wp-json\/wp\/v2\/posts"}],"about":[{"href":"https:\/\/bihavadis.com\/index.php\/wp-json\/wp\/v2\/types\/post"}],"author":[{"embeddable":true,"href":"https:\/\/bihavadis.com\/index.php\/wp-json\/wp\/v2\/users\/1"}],"replies":[{"embeddable":true,"href":"https:\/\/bihavadis.com\/index.php\/wp-json\/wp\/v2\/comments?post=75196"}],"version-history":[{"count":1,"href":"https:\/\/bihavadis.com\/index.php\/wp-json\/wp\/v2\/posts\/75196\/revisions"}],"predecessor-version":[{"id":75197,"href":"https:\/\/bihavadis.com\/index.php\/wp-json\/wp\/v2\/posts\/75196\/revisions\/75197"}],"wp:attachment":[{"href":"https:\/\/bihavadis.com\/index.php\/wp-json\/wp\/v2\/media?parent=75196"}],"wp:term":[{"taxonomy":"category","embeddable":true,"href":"https:\/\/bihavadis.com\/index.php\/wp-json\/wp\/v2\/categories?post=75196"},{"taxonomy":"post_tag","embeddable":true,"href":"https:\/\/bihavadis.com\/index.php\/wp-json\/wp\/v2\/tags?post=75196"}],"curies":[{"name":"wp","href":"https:\/\/api.w.org\/{rel}","templated":true}]}}