{"id":75198,"date":"2026-04-29T21:33:10","date_gmt":"2026-04-29T21:33:10","guid":{"rendered":"https:\/\/bihavadis.com\/?p=75198"},"modified":"2026-04-29T21:33:10","modified_gmt":"2026-04-29T21:33:10","slug":"prof-dr-idris-nebi-uysal-kutadgu-biligi-okuyucularla-bulusturuyor","status":"publish","type":"post","link":"https:\/\/bihavadis.com\/index.php\/2026\/04\/29\/prof-dr-idris-nebi-uysal-kutadgu-biligi-okuyucularla-bulusturuyor\/","title":{"rendered":"Prof. Dr. \u0130dris Nebi Uysal, Kutadgu Bilig\u2019i okuyucularla bulu\u015fturuyor"},"content":{"rendered":"<p>Yusuf Has Hacip taraf\u0131ndan 11. y\u00fczy\u0131lda kaleme al\u0131nan eserin, T\u00fcrk dil tarihi a\u00e7\u0131s\u0131ndan temel kaynaklardan biri oldu\u011funu belirten Uysal, metnin yaln\u0131zca edebi de\u011fil; tarih, k\u00fclt\u00fcr ve sanat tarihi a\u00e7\u0131s\u0131ndan da b\u00fcy\u00fck de\u011fer ta\u015f\u0131d\u0131\u011f\u0131n\u0131 ifade etti.<\/p>\n<p>Eski T\u00fcrk\u00e7enin \u00f6zelliklerini koruyarak g\u00fcn\u00fcm\u00fcze ta\u015f\u0131yan eserin, \u0130slami kavramlarla zenginle\u015fmi\u015f bir i\u00e7erik sundu\u011funu vurgulayan Uysal, \u201cDil tarihimizde en temel, en ba\u015fat eserlerden biri. Meslek, ya\u015f ya da sosyal \u00e7evre fark etmeksizin herkes bu metinde kendine dair bir \u015fey bulabilir.\u201d dedi.<\/p>\n<p><strong>\u0130K\u0130 YILDA 1950 BEY\u0130T OKUNDU<\/strong><\/p>\n<p>Karamano\u011flu Mehmetbey \u00dcniversitesi Rekt\u00f6r Yard\u0131mc\u0131s\u0131 da olan Uysal, eseri ilk okudu\u011funda derinden etkilendi\u011fini ve bu birikimi payla\u015fmak amac\u0131yla program\u0131 ba\u015flatt\u0131\u011f\u0131n\u0131 s\u00f6yledi.<\/p>\n<p>Belirli aral\u0131klarla ve \u00fccretsiz olarak ger\u00e7ekle\u015ftirilen etkinliklerde her derste 100 ila 150 beyit okundu\u011funu aktaran Uysal, \u015fu bilgileri payla\u015ft\u0131:<\/p>\n<p>Kutadgu Bilig 6 bin 645 beyitten olu\u015fuyor. \u015eu ana kadar 17 program ger\u00e7ekle\u015ftirdik ve 1950 beyit okuduk. Orijinal metinden Karahanl\u0131 T\u00fcrk\u00e7esiyle beyitler okuyarak bug\u00fcn\u00fcn diliyle ba\u011flant\u0131 kuruyoruz. Yer yer tarih\u00ee ve k\u00fclt\u00fcrel a\u00e7\u0131klamalar da yap\u0131yoruz.<\/p>\n<p><img decoding=\"async\" src=\"https:\/\/bihavadis.com\/wp-content\/uploads\/2026\/04\/prof-dr-idris-nebi-uysal-kutadgu-biligi-okuyucularla-bulusturuyor-0-YtOPLRra.jpg\"\/><\/p>\n<p><strong>KATILIMCILAR MEMNUN<\/strong><\/p>\n<p>Programa d\u00fczenli kat\u0131lan Burhanettin Sayg\u0131l\u0131, etkinli\u011fi \u201czamanda yolculuk\u201d olarak tan\u0131mlad\u0131. Atalar\u0131n dilini ve d\u00fc\u015f\u00fcnce d\u00fcnyas\u0131n\u0131 yeniden ke\u015ffetmenin kendisi i\u00e7in anlaml\u0131 oldu\u011funu belirten Sayg\u0131l\u0131, k\u00f6kl\u00fc bir ge\u00e7mi\u015fe sahip olman\u0131n verdi\u011fi mutlulu\u011fu ya\u015fad\u0131\u011f\u0131n\u0131 ifade etti.<\/p>\n<p>Kat\u0131l\u0131mc\u0131lardan Enes \u015eahinba\u015f ise eserin ki\u015fisel geli\u015fim a\u00e7\u0131s\u0131ndan da \u00f6nemli katk\u0131lar sundu\u011funu dile getirerek, k\u00fclt\u00fcrel birikimini art\u0131rmak isteyen herkesi programa davet etti.<\/p>\n<p><strong>HEDEF: DAHA GEN\u0130\u015e K\u0130TLELERE ULA\u015eMAK<\/strong><\/p>\n<p>Prof. Dr. Uysal, k\u00f6kl\u00fc bir miras\u0131 temsil eden bu metnin daha geni\u015f kitleler taraf\u0131ndan bilinmesi gerekti\u011fini belirterek, <em><b>\u201cBizi tarihimizle ve k\u00fclt\u00fcr\u00fcm\u00fczle bulu\u015fturan bu eserlerle temas etmek b\u00fcy\u00fck bir kazan\u00e7. Kutadgu Bilig\u2019in daha fazla insan taraf\u0131ndan tan\u0131nmas\u0131n\u0131 arzu ediyoruz.\u201d<\/b><\/em> ifadelerini kulland\u0131.<\/p>\n<p><img decoding=\"async\" src=\"https:\/\/bihavadis.com\/wp-content\/uploads\/2026\/04\/prof-dr-idris-nebi-uysal-kutadgu-biligi-okuyucularla-bulusturuyor-1-6kfi9SBD.jpg\"\/><\/p>\n<p><img decoding=\"async\" src=\"https:\/\/bihavadis.com\/wp-content\/uploads\/2026\/04\/prof-dr-idris-nebi-uysal-kutadgu-biligi-okuyucularla-bulusturuyor-2-Ridy5BGd.jpg\"\/> <\/p>\n<div> <span><strong>Kaynak:<\/strong> Anadolu Ajans\u0131 (AA)<\/span> <\/div>\n","protected":false},"excerpt":{"rendered":"<p>Yusuf Has Hacip taraf\u0131ndan 11. y\u00fczy\u0131lda kaleme al\u0131nan eserin, T\u00fcrk dil tarihi a\u00e7\u0131s\u0131ndan temel kaynaklardan biri oldu\u011funu belirten Uysal, metnin yaln\u0131zca edebi de\u011fil; tarih, k\u00fclt\u00fcr ve sanat tarihi a\u00e7\u0131s\u0131ndan da b\u00fcy\u00fck de\u011fer ta\u015f\u0131d\u0131\u011f\u0131n\u0131 ifade etti. Eski &#8230;<\/p>\n","protected":false},"author":1,"featured_media":75199,"comment_status":"open","ping_status":"open","sticky":false,"template":"","format":"standard","meta":{"footnotes":""},"categories":[7],"tags":[708,5322],"class_list":["post-75198","post","type-post","status-publish","format-standard","has-post-thumbnail","hentry","category-egitim","tag-dil","tag-uysal"],"_links":{"self":[{"href":"https:\/\/bihavadis.com\/index.php\/wp-json\/wp\/v2\/posts\/75198","targetHints":{"allow":["GET"]}}],"collection":[{"href":"https:\/\/bihavadis.com\/index.php\/wp-json\/wp\/v2\/posts"}],"about":[{"href":"https:\/\/bihavadis.com\/index.php\/wp-json\/wp\/v2\/types\/post"}],"author":[{"embeddable":true,"href":"https:\/\/bihavadis.com\/index.php\/wp-json\/wp\/v2\/users\/1"}],"replies":[{"embeddable":true,"href":"https:\/\/bihavadis.com\/index.php\/wp-json\/wp\/v2\/comments?post=75198"}],"version-history":[{"count":1,"href":"https:\/\/bihavadis.com\/index.php\/wp-json\/wp\/v2\/posts\/75198\/revisions"}],"predecessor-version":[{"id":75203,"href":"https:\/\/bihavadis.com\/index.php\/wp-json\/wp\/v2\/posts\/75198\/revisions\/75203"}],"wp:featuredmedia":[{"embeddable":true,"href":"https:\/\/bihavadis.com\/index.php\/wp-json\/wp\/v2\/media\/75199"}],"wp:attachment":[{"href":"https:\/\/bihavadis.com\/index.php\/wp-json\/wp\/v2\/media?parent=75198"}],"wp:term":[{"taxonomy":"category","embeddable":true,"href":"https:\/\/bihavadis.com\/index.php\/wp-json\/wp\/v2\/categories?post=75198"},{"taxonomy":"post_tag","embeddable":true,"href":"https:\/\/bihavadis.com\/index.php\/wp-json\/wp\/v2\/tags?post=75198"}],"curies":[{"name":"wp","href":"https:\/\/api.w.org\/{rel}","templated":true}]}}