{"id":75264,"date":"2026-04-29T22:18:07","date_gmt":"2026-04-29T22:18:07","guid":{"rendered":"https:\/\/bihavadis.com\/?p=75264"},"modified":"2026-04-29T22:18:07","modified_gmt":"2026-04-29T22:18:07","slug":"dr-umit-erkolin-gozaltina-alinmasi-hakkinda","status":"publish","type":"post","link":"https:\/\/bihavadis.com\/index.php\/2026\/04\/29\/dr-umit-erkolin-gozaltina-alinmasi-hakkinda\/","title":{"rendered":"Dr. \u00dcmit Erkol\u2019\u0131n G\u00f6zalt\u0131na Al\u0131nmas\u0131 Hakk\u0131nda"},"content":{"rendered":"<p><strong>Ankara Tabip Odas\u0131 \u00d6nceki D\u00f6nem Ba\u015fkanlar\u0131ndan Dr. \u00dcmit Erkol\u2019un G\u00f6zalt\u0131na Al\u0131nd\u0131\u011f\u0131 S\u00fcreci Takip Ediyor; Demokrasi, Adalet ve Bar\u0131\u015f Sa\u011flanmadan Sa\u011fl\u0131kl\u0131 Bir Toplum Olunamayaca\u011f\u0131n\u0131 Hat\u0131rlat\u0131yoruz<\/strong><\/p>\n<p>Ankara Tabip Odas\u0131\u2019nda 2000-2002 d\u00f6neminde Y\u00f6netim Kurulu ba\u015fkanl\u0131\u011f\u0131, 1992-1994 ile 2002-2004 d\u00f6nemlerinde Y\u00f6netim Kurulu \u00fcyeli\u011fi g\u00f6revlerini \u00fcstlenen ve iyi hekimlik m\u00fccadelesinde uzun y\u0131llar emek veren; Eyl\u00fcl 2023\u2019ten bu yana da Cumhuriyet Halk Partisi Ankara \u0130l Ba\u015fkanl\u0131\u011f\u0131 g\u00f6revini y\u00fcr\u00fcten Dr. \u00dcmit Erkol, \u0130zmir merkezli bir soru\u015fturma gerek\u00e7e g\u00f6sterilerek g\u00f6zalt\u0131na al\u0131nm\u0131\u015ft\u0131r.<\/p>\n<p>Meslekta\u015f\u0131m\u0131z Dr. \u00dcmit Erkol hakk\u0131ndaki s\u00fcreci hassasiyetle takip ediyoruz. Soru\u015fturman\u0131n adil bir bi\u00e7imde y\u00fcr\u00fct\u00fclmesini, meslekta\u015f\u0131m\u0131z hakk\u0131ndaki itibars\u0131zla\u015ft\u0131rma ve su\u00e7lula\u015ft\u0131rma \u00e7abalar\u0131n\u0131n derhal son bulmas\u0131n\u0131 istiyoruz.<\/p>\n<p>Anayasal haklar g\u00fcvence alt\u0131na al\u0131nmadan, demokrasi, adalet ve bar\u0131\u015f sa\u011flanmadan sa\u011fl\u0131kl\u0131 bir toplum olamayaca\u011f\u0131n\u0131 bir kez daha hat\u0131rlat\u0131yor; \u201cBa\u015fka Bir T\u00fcrkiye\u201dnin m\u00fcmk\u00fcn ve hatta zorunlu oldu\u011funu vurguluyoruz.<\/p>\n<p><strong>T\u00fcrk Tabipleri Birli\u011fi Merkez Konseyi<\/strong><\/p>\n","protected":false},"excerpt":{"rendered":"<p>Dr. \u00dcmit Erkol&#8217;\u0131n G\u00f6zalt\u0131na Al\u0131nmas\u0131 Hakk\u0131nda<\/p>\n","protected":false},"author":1,"featured_media":75265,"comment_status":"open","ping_status":"open","sticky":false,"template":"","format":"standard","meta":{"footnotes":""},"categories":[11],"tags":[],"class_list":["post-75264","post","type-post","status-publish","format-standard","has-post-thumbnail","hentry","category-saglik"],"_links":{"self":[{"href":"https:\/\/bihavadis.com\/index.php\/wp-json\/wp\/v2\/posts\/75264","targetHints":{"allow":["GET"]}}],"collection":[{"href":"https:\/\/bihavadis.com\/index.php\/wp-json\/wp\/v2\/posts"}],"about":[{"href":"https:\/\/bihavadis.com\/index.php\/wp-json\/wp\/v2\/types\/post"}],"author":[{"embeddable":true,"href":"https:\/\/bihavadis.com\/index.php\/wp-json\/wp\/v2\/users\/1"}],"replies":[{"embeddable":true,"href":"https:\/\/bihavadis.com\/index.php\/wp-json\/wp\/v2\/comments?post=75264"}],"version-history":[{"count":1,"href":"https:\/\/bihavadis.com\/index.php\/wp-json\/wp\/v2\/posts\/75264\/revisions"}],"predecessor-version":[{"id":75266,"href":"https:\/\/bihavadis.com\/index.php\/wp-json\/wp\/v2\/posts\/75264\/revisions\/75266"}],"wp:featuredmedia":[{"embeddable":true,"href":"https:\/\/bihavadis.com\/index.php\/wp-json\/wp\/v2\/media\/75265"}],"wp:attachment":[{"href":"https:\/\/bihavadis.com\/index.php\/wp-json\/wp\/v2\/media?parent=75264"}],"wp:term":[{"taxonomy":"category","embeddable":true,"href":"https:\/\/bihavadis.com\/index.php\/wp-json\/wp\/v2\/categories?post=75264"},{"taxonomy":"post_tag","embeddable":true,"href":"https:\/\/bihavadis.com\/index.php\/wp-json\/wp\/v2\/tags?post=75264"}],"curies":[{"name":"wp","href":"https:\/\/api.w.org\/{rel}","templated":true}]}}