{"id":75323,"date":"2026-04-29T23:09:07","date_gmt":"2026-04-29T23:09:07","guid":{"rendered":"https:\/\/bihavadis.com\/?p=75323"},"modified":"2026-04-29T23:09:07","modified_gmt":"2026-04-29T23:09:07","slug":"hamaneyin-halefi-kim-olacak-8-isim-siralaniyor","status":"publish","type":"post","link":"https:\/\/bihavadis.com\/index.php\/2026\/04\/29\/hamaneyin-halefi-kim-olacak-8-isim-siralaniyor\/","title":{"rendered":"Hamaney&#8217;in halefi kim olacak: 8 isim s\u0131ralan\u0131yor"},"content":{"rendered":"<p>\u0130ran&#8217;da de\u011fi\u015fim zaman\u0131&#8230;<\/p>\n<p>ABD ve \u0130srail\u2019in \u0130ran\u2019a y\u00f6nelik geni\u015f \u00e7apl\u0131 askeri operasyonu<span>\u00a037 y\u0131ll\u0131k bir y\u00f6netimin sonunu getirdi.\u00a0<\/span><\/p>\n<p>\u0130ran Devlet Televizyonu, \u0130ran lideri Ayetullah Ali Hamaney&#8217;in ABD-\u0130srail sald\u0131r\u0131s\u0131nda hayat\u0131n\u0131 kaybetti\u011fini duyurdu.<\/p>\n<p>Ali Hamaney&#8217;in hayat\u0131n\u0131 kaybetti\u011fi belirtilerek,\u00a0<em><b>&#8220;\u0130ran \u0130slam devrimi lideri \u015fehadete ula\u015ft\u0131.&#8221;<\/b><\/em>\u00a0ifadesi kullan\u0131ld\u0131.<\/p>\n<p><strong>YAS \u0130LAN ED\u0130LD\u0130<\/strong><\/p>\n<p>Hamaney&#8217;in \u00f6l\u00fcm\u00fcn\u00fcn ard\u0131ndan\u00a0\u00fclke genelinde 40 g\u00fcn ulusal yas ve 7 g\u00fcn genel tatil ilan edildi\u011fi a\u00e7\u0131klan\u0131rken ac\u0131l\u0131 \u0130ran halk\u0131 sokaklara indi.\u00a0<\/p>\n<p>Rejim destek\u00e7ileri Hamaney&#8217;e dualar ederken rejim kar\u015f\u0131tlar\u0131 ise kutlamalara ba\u015flad\u0131.\u00a0<\/p>\n<p><img decoding=\"async\" src=\"https:\/\/bihavadis.com\/wp-content\/uploads\/2026\/04\/hamaneyin-halefi-kim-olacak-8-isim-siralaniyor-0-5wFNiHZd.jpg\"\/><\/p>\n<p><strong>YER\u0130NE K\u0130M\u0130N GE\u00c7ECE\u011e\u0130 MERAK ED\u0130L\u0130YOR<\/strong><\/p>\n<p>\u00d6te yandan\u00a0Hamaney\u2019in vefat\u0131yla birlikte b\u00fct\u00fcn g\u00f6zler yerine kimin ge\u00e7ece\u011fine \u00e7evrildi.<\/p>\n<p>Hamaney&#8217;in yerine ge\u00e7ecek ismin ABD y\u00f6netimi ile uyumlu bir politika izleyip izlemeyece\u011fi de merak edilen konular aras\u0131nda yer al\u0131yor.\u00a0<\/p>\n<p><strong>8 \u0130S\u0130M \u00d6NE \u00c7IKIYOR<\/strong><\/p>\n<p>Daha \u00f6nce\u00a0Ayetullah Hamaney\u2019in \u00f6ld\u00fcr\u00fclmesi durumunda dini liderlik makam\u0131na ge\u00e7mesi muhtemel \u00fc\u00e7 \u00fcst d\u00fczey din adam\u0131 belirlendi\u011fi ifade edilmi\u015fti.\u00a0<\/p>\n<p>Bu \u00fc\u00e7 ismin kim oldu\u011fu hakk\u0131nda net bir a\u00e7\u0131klama bulunmazken kaynaklar 8 ismin ad\u0131n\u0131 \u00f6ne \u00e7\u0131kar\u0131yor.\u00a0<\/p>\n<p><img decoding=\"async\" src=\"https:\/\/bihavadis.com\/wp-content\/uploads\/2026\/04\/hamaneyin-halefi-kim-olacak-8-isim-siralaniyor-1-FOtUKLFv.jpg\"\/><\/p>\n<p><strong>O\u011eLU VE TORUNU DA L\u0130STEDE<\/strong><\/p>\n<p>Hamaney&#8217;in yerine ge\u00e7mesi beklenen 8 isim \u015fu \u015fekilde s\u0131ralan\u0131yor:<\/p>\n<p>1- Gulam H\u00fcseyin Muhsini Ejei (Yarg\u0131 Erki Ba\u015fkan\u0131) <\/p>\n<p>2- Ali R\u0131za Arafi (Anayasay\u0131 Koruyucular Konseyi \u00fcyesi)<\/p>\n<p>3- Sad\u0131k Laricani (Eski Yarg\u0131 Erki ba\u015fkan\u0131 ve D\u00fczenin Yarar\u0131 Konseyi eski ba\u015fkan\u0131) <\/p>\n<p>4- Hasan Humeyni (\u0130mam Humeyni&#8217;nin torunu) <\/p>\n<p>5- Hasan Ruhani (Eski cumhurba\u015fkan\u0131)<\/p>\n<p>6-Seyyid M\u00fc\u00e7teba Hamaney: Dini Lider Ayetullah Ali Hamaney\u2019in o\u011flu<\/p>\n<p>7-Ayetullah H\u00fcseyin Bu\u015fehri <\/p>\n<p>8-Muhsin Araki<\/p>\n<p><img decoding=\"async\" src=\"https:\/\/bihavadis.com\/wp-content\/uploads\/2026\/04\/hamaneyin-halefi-kim-olacak-8-isim-siralaniyor-2-mTfWyyg9.jpg\"\/><\/p>\n<p><strong>AYETULLAHLAR MECL\u0130S\u0130 TOPLANACAK<\/strong><\/p>\n<p>8 aday\u0131n \u00f6ne \u00e7\u0131kt\u0131\u011f\u0131 devir teslimde s\u00fcrecin nas\u0131l ilerleyece\u011fi de merak konusu.\u00a0<\/p>\n<p>Yasaya g\u00f6re ilk olarak\u00a0Ayetullahlardan olu\u015fan Meclis-i Hobregan \u00fcyeleri Tahran&#8217;da yeni Rehber (Veliyyi Fakih&#8217;i) se\u00e7mek i\u00e7in toplanacak.<\/p>\n<p><strong>TEK TOPLANTIDA SE\u00c7\u0130LEB\u0130L\u0130R<\/strong><\/p>\n<p>Meclis-i Hobregan  Hamaney&#8217;nin yerine ge\u00e7ecek ki\u015fiyi ilk toplant\u0131da veya birden fazla toplant\u0131 yaparak se\u00e7ebilirken bu se\u00e7im s\u00fcreci bir g\u00fcn veya birden fazla g\u00fcn s\u00fcrebiliyor.\u00a0\u00a0<\/p>\n<p>E\u011fer se\u00e7im yap\u0131l\u0131rsa ayn\u0131 g\u00fcn i\u00e7erisinde bu ismin a\u00e7\u0131klanmas\u0131 bekleniyor.\u00a0<\/p>\n<p><img decoding=\"async\" src=\"https:\/\/bihavadis.com\/wp-content\/uploads\/2026\/04\/hamaneyin-halefi-kim-olacak-8-isim-siralaniyor-3-taW1su2q.jpg\"\/><\/p>\n<p><strong>YEN\u0130 L\u0130DER GELENE KADAR K\u0130M Y\u00d6NETECEK<\/strong><\/p>\n<p>Yeni Veliyyi Fakih ilan edilene kadar, Velayeti Fakih&#8217;in anayasal yetkilerini Cumhurba\u015fkan\u0131, Meclis Ba\u015fkan\u0131 ve Yarg\u0131 Erki Ba\u015fkan\u0131&#8217;ndan olu\u015fan \u00fc\u00e7l\u00fc heyet kullanacak.<\/p>\n<div> <span><strong>Kaynak:<\/strong> Ensonhaber Haber Merkezi<\/span> <\/div>\n","protected":false},"excerpt":{"rendered":"<p>\u0130ran&#8217;da de\u011fi\u015fim zaman\u0131&#8230; ABD ve \u0130srail\u2019in \u0130ran\u2019a y\u00f6nelik geni\u015f \u00e7apl\u0131 askeri operasyonu\u00a037 y\u0131ll\u0131k bir y\u00f6netimin sonunu getirdi.\u00a0 \u0130ran Devlet Televizyonu, \u0130ran lideri Ayetullah Ali Hamaney&#8217;in ABD-\u0130srail sald\u0131r\u0131s\u0131nda hayat\u0131n\u0131 kaybetti\u011fini duyurdu. Ali &#8230;<\/p>\n","protected":false},"author":1,"featured_media":75324,"comment_status":"open","ping_status":"open","sticky":false,"template":"","format":"standard","meta":{"footnotes":""},"categories":[6],"tags":[3846,986,271,1158,2738],"class_list":["post-75323","post","type-post","status-publish","format-standard","has-post-thumbnail","hentry","category-dunya","tag-ayetullah","tag-baskani","tag-iran","tag-lider","tag-yerine"],"_links":{"self":[{"href":"https:\/\/bihavadis.com\/index.php\/wp-json\/wp\/v2\/posts\/75323","targetHints":{"allow":["GET"]}}],"collection":[{"href":"https:\/\/bihavadis.com\/index.php\/wp-json\/wp\/v2\/posts"}],"about":[{"href":"https:\/\/bihavadis.com\/index.php\/wp-json\/wp\/v2\/types\/post"}],"author":[{"embeddable":true,"href":"https:\/\/bihavadis.com\/index.php\/wp-json\/wp\/v2\/users\/1"}],"replies":[{"embeddable":true,"href":"https:\/\/bihavadis.com\/index.php\/wp-json\/wp\/v2\/comments?post=75323"}],"version-history":[{"count":1,"href":"https:\/\/bihavadis.com\/index.php\/wp-json\/wp\/v2\/posts\/75323\/revisions"}],"predecessor-version":[{"id":75329,"href":"https:\/\/bihavadis.com\/index.php\/wp-json\/wp\/v2\/posts\/75323\/revisions\/75329"}],"wp:featuredmedia":[{"embeddable":true,"href":"https:\/\/bihavadis.com\/index.php\/wp-json\/wp\/v2\/media\/75324"}],"wp:attachment":[{"href":"https:\/\/bihavadis.com\/index.php\/wp-json\/wp\/v2\/media?parent=75323"}],"wp:term":[{"taxonomy":"category","embeddable":true,"href":"https:\/\/bihavadis.com\/index.php\/wp-json\/wp\/v2\/categories?post=75323"},{"taxonomy":"post_tag","embeddable":true,"href":"https:\/\/bihavadis.com\/index.php\/wp-json\/wp\/v2\/tags?post=75323"}],"curies":[{"name":"wp","href":"https:\/\/api.w.org\/{rel}","templated":true}]}}