{"id":75330,"date":"2026-04-29T23:12:07","date_gmt":"2026-04-29T23:12:07","guid":{"rendered":"https:\/\/bihavadis.com\/?p=75330"},"modified":"2026-04-29T23:12:07","modified_gmt":"2026-04-29T23:12:07","slug":"chpli-baskan-hasbi-dede-ifadesini-verdi","status":"publish","type":"post","link":"https:\/\/bihavadis.com\/index.php\/2026\/04\/29\/chpli-baskan-hasbi-dede-ifadesini-verdi\/","title":{"rendered":"CHP&#8217;li Ba\u015fkan Hasbi Dede \u0130fadesini Verdi"},"content":{"rendered":"<p>\n<p>G\u0130RESUN&#8217;un G\u00f6rele il\u00e7esinin CHP&#8217;li Belediye Ba\u015fkan\u0131 Hasbi Dede, hakk\u0131ndaki soru\u015fturma kapsam\u0131nda, savc\u0131l\u0131k talimat\u0131yla ifadeye \u00e7a\u011fr\u0131ld\u0131.<\/p>\n<p>CHP&#8217;li G\u00f6rele Belediye Ba\u015fkan\u0131 Hasbi Dede&#8217;nin, iddiaya g\u00f6re, Giresun&#8217;da sanal medyadaki bir yaz\u0131\u015fma nedeniyle yap\u0131lan \u015fikayet \u00fczerine ba\u015flat\u0131lan soru\u015fturma kapsam\u0131nda, ifadeye \u00e7a\u011fr\u0131ld\u0131. Cumhuriyet savc\u0131l\u0131\u011f\u0131 taraf\u0131ndan Dede&#8217;nin ifadesi al\u0131nd\u0131. Tutuklama talebiyle n\u00f6bet\u00e7i sulh ceza hakimli\u011fine sevk edilen Dede, hakimlik taraf\u0131ndan yurt d\u0131\u015f\u0131na \u00e7\u0131k\u0131\u015f yasa\u011f\u0131 uygulan\u0131p, adli kontrol \u015fart\u0131yla serbest b\u0131rak\u0131ld\u0131.<\/p>\n<p>Soru\u015fturman\u0131n s\u00fcrd\u00fc\u011f\u00fc belirtilirken, gece saatlerinde adliye \u00e7\u0131k\u0131\u015f\u0131nda konu\u015fan Hasbi Dede, &#8220;4 Nisan 2024&#8217;te burada hep beraber geldik, mazbata ald\u0131k. Bug\u00fcn hakim kar\u015f\u0131s\u0131na \u00e7\u0131kt\u0131m. Sizleri bug\u00fcn mahcup etti\u011fim i\u00e7in \u00f6z\u00fcr diliyorum ama bundan sonra daha g\u00fc\u00e7l\u00fc bir \u015fekilde hizmet etmeye devam edece\u011fiz. Bana vermi\u015f oldu\u011funuz bu g\u00f6reve 5 y\u0131l boyunca namusum, haysiyetim \u00fczerine tekrar yemin ediyorum ki daha g\u00fc\u00e7l\u00fc bir \u015fekilde devam edece\u011fim. Geldi\u011finiz i\u00e7in hepinize te\u015fekk\u00fcr ediyorum. Hepiniz hakk\u0131n\u0131 helal etsin. Sizleri bundan sonra bilgilendirece\u011fim. Mesaj payla\u015faca\u011f\u0131m. Kimse, G\u00f6rele sahipsiz de\u011fildir. Bunu herkes duysun&#8221; dedi. <\/p>\n","protected":false},"excerpt":{"rendered":"<p>G\u00f6rele Belediye Ba\u015fkan\u0131 Dede, sanal medya y\u00fcz\u00fcnden ifadeye \u00e7a\u011fr\u0131ld\u0131, adli kontrolle serbest b\u0131rak\u0131ld\u0131.<\/p>\n","protected":false},"author":1,"featured_media":75331,"comment_status":"open","ping_status":"open","sticky":false,"template":"","format":"standard","meta":{"footnotes":""},"categories":[12],"tags":[],"class_list":["post-75330","post","type-post","status-publish","format-standard","has-post-thumbnail","hentry","category-siyaset"],"_links":{"self":[{"href":"https:\/\/bihavadis.com\/index.php\/wp-json\/wp\/v2\/posts\/75330","targetHints":{"allow":["GET"]}}],"collection":[{"href":"https:\/\/bihavadis.com\/index.php\/wp-json\/wp\/v2\/posts"}],"about":[{"href":"https:\/\/bihavadis.com\/index.php\/wp-json\/wp\/v2\/types\/post"}],"author":[{"embeddable":true,"href":"https:\/\/bihavadis.com\/index.php\/wp-json\/wp\/v2\/users\/1"}],"replies":[{"embeddable":true,"href":"https:\/\/bihavadis.com\/index.php\/wp-json\/wp\/v2\/comments?post=75330"}],"version-history":[{"count":1,"href":"https:\/\/bihavadis.com\/index.php\/wp-json\/wp\/v2\/posts\/75330\/revisions"}],"predecessor-version":[{"id":75332,"href":"https:\/\/bihavadis.com\/index.php\/wp-json\/wp\/v2\/posts\/75330\/revisions\/75332"}],"wp:featuredmedia":[{"embeddable":true,"href":"https:\/\/bihavadis.com\/index.php\/wp-json\/wp\/v2\/media\/75331"}],"wp:attachment":[{"href":"https:\/\/bihavadis.com\/index.php\/wp-json\/wp\/v2\/media?parent=75330"}],"wp:term":[{"taxonomy":"category","embeddable":true,"href":"https:\/\/bihavadis.com\/index.php\/wp-json\/wp\/v2\/categories?post=75330"},{"taxonomy":"post_tag","embeddable":true,"href":"https:\/\/bihavadis.com\/index.php\/wp-json\/wp\/v2\/tags?post=75330"}],"curies":[{"name":"wp","href":"https:\/\/api.w.org\/{rel}","templated":true}]}}