{"id":75363,"date":"2026-04-29T23:45:09","date_gmt":"2026-04-29T23:45:09","guid":{"rendered":"https:\/\/bihavadis.com\/?p=75363"},"modified":"2026-04-29T23:45:09","modified_gmt":"2026-04-29T23:45:09","slug":"okan-buruk-yunus-akgun-ve-sallai-besiktas-derbisine-hazir-olacagini-dusunuyorum","status":"publish","type":"post","link":"https:\/\/bihavadis.com\/index.php\/2026\/04\/29\/okan-buruk-yunus-akgun-ve-sallai-besiktas-derbisine-hazir-olacagini-dusunuyorum\/","title":{"rendered":"Okan Buruk: Yunus Akg\u00fcn ve Sallai Be\u015fikta\u015f derbisine haz\u0131r olaca\u011f\u0131n\u0131 d\u00fc\u015f\u00fcn\u00fcyorum"},"content":{"rendered":"<p>Trendyol S\u00fcper Lig&#8217;de Galatasaray, 24. haftada konuk etti\u011fi Alanyaspor&#8217;u 3-1 yendi.<\/p>\n<p>Sar\u0131-k\u0131rm\u0131z\u0131l\u0131 tak\u0131m\u0131n gollerinde a\u011flar\u0131 Sacha Boey, Lucas Torreira ve Victor Osimhen a\u011flar\u0131 havaland\u0131ran isimler oldu.<\/p>\n<p>Galatasaray&#8217;da Yunus Akg\u00fcn ve Roland Sallai, sakatl\u0131klar\u0131 nedeniyle Alanyaspor ma\u00e7\u0131nda forma giymedi.<\/p>\n<p>Kar\u015f\u0131la\u015fma sonras\u0131 de\u011ferlendirmelerde bulunan Okan Buruk, her iki futbolcunun da sakatl\u0131\u011f\u0131yla ilgili son durumu payla\u015f\u0131rken Be\u015fikta\u015f derbisiyle ilgili soruya yan\u0131t verdi.<\/p>\n<p><strong>&#8220;YUNUS&#8217;UN A\u011eRILARI VARDI&#8221;<\/strong><\/p>\n<p>Buruk, Yunus Akg\u00fcn&#8217;le ilgili<span>\u00a0<em><b>&#8220;<\/b><\/em><\/span><em><b>Juventus ma\u00e7\u0131ndan sonra da s\u00f6ylemi\u015ftim. Yunus gibi bir oyuncu olsayd\u0131, 11&#8217;e 10&#8217;dan sonra oyunu \u00e7\u00f6zebilirdik. Yunus&#8217;un a\u011fr\u0131lar\u0131 vard\u0131. Yunus bir\u00e7ok ma\u00e7\u0131 a\u011fr\u0131lar\u0131yla oynad\u0131. <\/b><\/em><\/p>\n<p><em><b>B\u00fcy\u00fck bir fedakarl\u0131k yap\u0131yor. Bizim i\u00e7in \u00e7ok \u00f6nemli bir oyuncu. Bu ma\u00e7tan \u00f6nce de a\u011fr\u0131s\u0131 oldu\u011fu i\u00e7in, oynatmama karar\u0131 daha do\u011fru oluyor.&#8221;<\/b><\/em> dedi.<\/p>\n<p><img decoding=\"async\" src=\"https:\/\/bihavadis.com\/wp-content\/uploads\/2026\/04\/okan-buruk-yunus-akgun-ve-sallai-besiktas-derbisine-hazir-olacagini-dusunuyorum-0-718gfbIr.jpg\"\/><\/p>\n<p><strong>&#8220;\u0130K\u0130S\u0130N\u0130N DE DERB\u0130YE HAZIR OLMASINI BEKL\u0130YORUM&#8221;<\/strong><\/p>\n<p>Sallai i\u00e7inse Okan Buruk \u015funlar\u0131 kaydetti:<\/p>\n<p>Sallai de d\u00fcnk\u00fc antrenmanda sakatl\u0131\u011f\u0131 vard\u0131.<\/p>\n<p>Aya\u011f\u0131yla ilgili bir \u015fey hissetmi\u015fti. <\/p>\n<p>\u0130kisinin de Be\u015fikta\u015f ma\u00e7\u0131na haz\u0131r olacaklar\u0131n\u0131 d\u00fc\u015f\u00fcn\u00fcyorum.<\/p>\n<p><strong>DERB\u0130 NE ZAMAN<\/strong><\/p>\n<p>Trendyol S\u00fcper Lig&#8217;in 25. haftas\u0131ndaki Be\u015fikta\u015f-Galatasaray derbisi, 7 Mart Cumartesi g\u00fcn\u00fc oynanacak.<\/p>\n<p><img decoding=\"async\" src=\"https:\/\/bihavadis.com\/wp-content\/uploads\/2026\/04\/okan-buruk-yunus-akgun-ve-sallai-besiktas-derbisine-hazir-olacagini-dusunuyorum-1-iCFxvWPq.jpg\"\/> <\/p>\n<div> <span><strong>Kaynak:<\/strong> Ensonhaber Haber Merkezi<\/span> <\/div>\n","protected":false},"excerpt":{"rendered":"<p>Trendyol S\u00fcper Lig&#8217;de Galatasaray, 24. haftada konuk etti\u011fi Alanyaspor&#8217;u 3-1 yendi. Sar\u0131-k\u0131rm\u0131z\u0131l\u0131 tak\u0131m\u0131n gollerinde a\u011flar\u0131 Sacha Boey, Lucas Torreira ve Victor Osimhen a\u011flar\u0131 havaland\u0131ran isimler oldu. Galatasaray&#8217;da Yunus Akg\u00fcn ve Roland Sallai &#8230;<\/p>\n","protected":false},"author":1,"featured_media":75364,"comment_status":"open","ping_status":"open","sticky":false,"template":"","format":"standard","meta":{"footnotes":""},"categories":[14],"tags":[5850],"class_list":["post-75363","post","type-post","status-publish","format-standard","has-post-thumbnail","hentry","category-spor","tag-yunus"],"_links":{"self":[{"href":"https:\/\/bihavadis.com\/index.php\/wp-json\/wp\/v2\/posts\/75363","targetHints":{"allow":["GET"]}}],"collection":[{"href":"https:\/\/bihavadis.com\/index.php\/wp-json\/wp\/v2\/posts"}],"about":[{"href":"https:\/\/bihavadis.com\/index.php\/wp-json\/wp\/v2\/types\/post"}],"author":[{"embeddable":true,"href":"https:\/\/bihavadis.com\/index.php\/wp-json\/wp\/v2\/users\/1"}],"replies":[{"embeddable":true,"href":"https:\/\/bihavadis.com\/index.php\/wp-json\/wp\/v2\/comments?post=75363"}],"version-history":[{"count":1,"href":"https:\/\/bihavadis.com\/index.php\/wp-json\/wp\/v2\/posts\/75363\/revisions"}],"predecessor-version":[{"id":75367,"href":"https:\/\/bihavadis.com\/index.php\/wp-json\/wp\/v2\/posts\/75363\/revisions\/75367"}],"wp:featuredmedia":[{"embeddable":true,"href":"https:\/\/bihavadis.com\/index.php\/wp-json\/wp\/v2\/media\/75364"}],"wp:attachment":[{"href":"https:\/\/bihavadis.com\/index.php\/wp-json\/wp\/v2\/media?parent=75363"}],"wp:term":[{"taxonomy":"category","embeddable":true,"href":"https:\/\/bihavadis.com\/index.php\/wp-json\/wp\/v2\/categories?post=75363"},{"taxonomy":"post_tag","embeddable":true,"href":"https:\/\/bihavadis.com\/index.php\/wp-json\/wp\/v2\/tags?post=75363"}],"curies":[{"name":"wp","href":"https:\/\/api.w.org\/{rel}","templated":true}]}}