{"id":75387,"date":"2026-04-30T00:00:07","date_gmt":"2026-04-30T00:00:07","guid":{"rendered":"https:\/\/bihavadis.com\/?p=75387"},"modified":"2026-04-30T00:00:07","modified_gmt":"2026-04-30T00:00:07","slug":"isvecte-yasayan-konyalilarla-bulusan-baskan-altay-gonul-cografyamizin-neresinde-bir-hemsehrimiz-varsa-konyamizin-ve-ulkemizin-duasi-muhabbeti-oradadir","status":"publish","type":"post","link":"https:\/\/bihavadis.com\/index.php\/2026\/04\/30\/isvecte-yasayan-konyalilarla-bulusan-baskan-altay-gonul-cografyamizin-neresinde-bir-hemsehrimiz-varsa-konyamizin-ve-ulkemizin-duasi-muhabbeti-oradadir\/","title":{"rendered":"\u0130sve\u00e7&#8217;te Ya\u015fayan Konyal\u0131larla Bulu\u015fan Ba\u015fkan Altay: &#8220;G\u00f6n\u00fcl Co\u011frafyam\u0131z\u0131n Neresinde Bir Hem\u015fehrimiz Varsa Konya&#8217;m\u0131z\u0131n ve \u00dclkemizin Duas\u0131, Muhabbeti Oradad\u0131r&#8221;"},"content":{"rendered":"<p><strong>Konya B\u00fcy\u00fck\u015fehir Belediye Ba\u015fkan\u0131 U\u011fur \u0130brahim Altay, \u00e7ok say\u0131da Konyal\u0131n\u0131n ya\u015fad\u0131\u011f\u0131 \u0130sve\u00e7\u2019in ba\u015fkenti Stokholm\u2019de Konyal\u0131 i\u015f insanlar\u0131, Konyal\u0131 dernekler ve Stokholm Konyaspor Kul\u00fcb\u00fcn\u00fc ziyaret ederek Konyal\u0131larla bir araya geldi. Uluslararas\u0131 Demokratlar Birli\u011fi \u0130sve\u00e7 B\u00f6lge Ba\u015fkanl\u0131\u011f\u0131 taraf\u0131ndan d\u00fczenlenen geleneksel iftar program\u0131na da kat\u0131lan Ba\u015fkan Altay, Hz. Mevlana&#8217;n\u0131n \u015fehri Konya&#8217;dan selamlar ve sevgiler getirdi\u011fini belirterek, \u201cSizler eme\u011finizle, ahlak\u0131n\u0131zla, duru\u015funuzla, \u00e7al\u0131\u015fkanl\u0131\u011f\u0131n\u0131zla milletimizin vakar\u0131n\u0131 ta\u015f\u0131maktas\u0131n\u0131z. Bu vesileyle ifade etmek isterim ki g\u00f6n\u00fcl co\u011frafyam\u0131z\u0131n neresinde bir vatanda\u015f\u0131m\u0131z, hem\u015fehrimiz, bir karde\u015fimiz varsa Konya&#8217;m\u0131z\u0131n ve \u00fclkemizin duas\u0131, muhabbeti de oradad\u0131r\u201d dedi. UID \u0130sve\u00e7 B\u00f6lge Ba\u015fkan\u0131 \u00d6zer Eken, \u201cBa\u015fkan\u0131m\u0131z\u0131n bug\u00fcn burada bulunmas\u0131 Konya ile \u0130sve\u00e7 aras\u0131ndaki g\u00f6n\u00fcl k\u00f6pr\u00fcs\u00fcn\u00fc daha da sa\u011flamla\u015ft\u0131rmas\u0131na vesile olan en g\u00fczel g\u00f6stergedir\u201d diye konu\u015ftu.\u00a0<\/strong><\/p>\n<p>Konya B\u00fcy\u00fck\u015fehir Belediye Ba\u015fkan\u0131 U\u011fur \u0130brahim Altay, Konyal\u0131lar\u0131n yo\u011fun olarak ya\u015fad\u0131\u011f\u0131 \u0130sve\u00e7\u2019in ba\u015fkenti Stokholm\u2019de iftar program\u0131na kat\u0131larak Konyal\u0131 i\u015f insanlar\u0131 ve derneklere \u00a0ziyaretlerde bulundu.<\/p>\n<p><strong>UID \u0130SVE\u00c7\u2019\u0130N \u0130FTARINA KATILDI<\/strong><\/p>\n<p>\u0130sve\u00e7&#8217;teki T\u00fcrk toplumu, Uluslararas\u0131 Demokratlar Birli\u011fi (UID) \u0130sve\u00e7 B\u00f6lge Ba\u015fkanl\u0131\u011f\u0131n\u0131n d\u00fczenledi\u011fi geleneksel iftar program\u0131na kat\u0131lan Ba\u015fkan Altay, salon giri\u015finde son g\u00fcnlerde sosyal medyada g\u00fcndem olan \u201cKabe\u2019de hac\u0131lar hu der\u201d ilahisi e\u015fli\u011finde b\u00fcy\u00fck co\u015fkuyla kar\u015f\u0131land\u0131.\u00a0<\/p>\n<p><strong>UID \u0130SVE\u00c7 B\u00d6LGE BA\u015eKANI \u00d6ZER: \u201cBA\u015eKANIMIZ, AVRUPA\u2019DA YA\u015eAYAN HEM\u015eEHR\u0130LER\u0130N\u0130 H\u0130\u00c7B\u0130R ZAMAN KONYA\u2019DAN AYRI G\u00d6RMEM\u0130\u015eT\u0130R\u201d<\/strong><\/p>\n<p>\u0130sve\u00e7\u2019te ya\u015fayan T\u00fcrklerin, \u00f6zellikle de Konyal\u0131lar\u0131n yo\u011fun ilgi g\u00f6sterdi\u011fi iftar program\u0131nda konu\u015fan UID \u0130sve\u00e7 B\u00f6lge Ba\u015fkan\u0131 \u00d6zer Eken, \u201cBu anlaml\u0131 gecede bizleri onurland\u0131ran \u00e7ok k\u0131ymetli bir misafirimiz var. Konya B\u00fcy\u00fck\u015fehir Belediye Ba\u015fkan\u0131m\u0131z, de\u011ferli a\u011fabeyim Say\u0131n U\u011fur \u0130brahim Altay aram\u0131zda. Say\u0131n Ba\u015fkan\u0131m\u0131z Konya\u2019y\u0131 sadece bug\u00fcn\u00fcyle de\u011fil, gelece\u011fe ta\u015f\u0131yan vizyoner bir anlay\u0131\u015f\u0131n temsilcisidir. \u015eehrini geli\u015ftiren, b\u00fcy\u00fcten ve hizmet anlay\u0131\u015f\u0131n\u0131 g\u00f6n\u00fcl belediyecili\u011fiyle birle\u015ftiren bir liderimizdir. Ama bizler i\u00e7in en k\u0131ymetli y\u00f6n\u00fc \u015fudur: Avrupa\u2019da ya\u015fayan hem\u015fehrilerini hi\u00e7bir zaman Konya\u2019dan ayr\u0131 g\u00f6rmemi\u015ftir. Bizleri memleketin bir par\u00e7as\u0131 olarak g\u00f6rm\u00fc\u015f, g\u00f6n\u00fcl ba\u011f\u0131n\u0131 her zaman g\u00fc\u00e7l\u00fc tutmu\u015ftur. Bug\u00fcn burada bulunmas\u0131 Konya ile \u0130sve\u00e7 aras\u0131ndaki g\u00f6n\u00fcl k\u00f6pr\u00fcs\u00fcn\u00fc daha da sa\u011flamla\u015ft\u0131rmas\u0131na vesile olan en g\u00fczel g\u00f6stergedir\u201d diye konu\u015ftu.<\/p>\n<p><strong>\u201cHZ. MEVLANA\u2019NIN \u015eEHR\u0130 KONYA\u2019DAN SELAMLAR GET\u0130RD\u0130M\u201d<\/strong><\/p>\n<p>Konya B\u00fcy\u00fck\u015fehir Belediye Ba\u015fkan\u0131 U\u011fur \u0130brahim Altay da yapt\u0131\u011f\u0131 konu\u015fmada, Hz. Mevlana&#8217;n\u0131n \u015fehri Konya&#8217;dan selamlar ve sevgiler getirdi\u011fini belirterek, \u201cAyn\u0131 lokmay\u0131 payla\u015fman\u0131n, ayn\u0131 duaya amin demenin, ayn\u0131 sevin\u00e7te ve ayn\u0131 h\u00fcz\u00fcnde birle\u015fmenin ne kadar b\u00fcy\u00fck bir nimet oldu\u011funu Ramazan ay\u0131nda bir kez daha hat\u0131rlam\u0131\u015f oluyoruz. Allah bu m\u00fcbarek g\u00fcnler h\u00fcrmetine birli\u011fimizi, dirli\u011fimizi daim eylesin in\u015fallah\u201d dedi.<\/p>\n<p>UID&#8217;nin yurt d\u0131\u015f\u0131nda ya\u015fayan T\u00fcrk vatanda\u015flar\u0131n sosyal k\u00fclt\u00fcrel ve demokratik hayatta daha g\u00fc\u00e7l\u00fc \u015fekilde var olmalar\u0131 ad\u0131na y\u00fcr\u00fctt\u00fc\u011f\u00fc \u00e7al\u0131\u015fmalar\u0131 \u00e7ok k\u0131ymetli buldu\u011funu aktaran Ba\u015fkan Altay, \u201cFarkl\u0131 toplumlar aras\u0131nda bar\u0131\u015f\u0131, uyumu ve kar\u015f\u0131l\u0131kl\u0131 anlay\u0131\u015f\u0131 g\u00fc\u00e7lendiren, \u0131rk\u00e7\u0131l\u0131\u011fa, \u0130slam d\u00fc\u015fmanl\u0131\u011f\u0131na, yabanc\u0131 d\u00fc\u015fmanl\u0131\u011f\u0131na ve her t\u00fcrl\u00fc ayr\u0131mc\u0131l\u0131\u011fa kar\u015f\u0131 kararl\u0131 bir duru\u015f sergileyen bu gayretler, insanl\u0131\u011f\u0131n ortak vicdan\u0131 i\u00e7in de son derece de\u011ferlidir\u201d diye konu\u015ftu.<\/p>\n<p><strong>\u201cS\u0130ZLER EME\u011e\u0130N\u0130ZLE, AHLAKINIZLA, DURU\u015eUNUZLA, \u00c7ALI\u015eKANLI\u011eINIZLA M\u0130LLET\u0130M\u0130Z\u0130N VAKARINI TA\u015eIMAKTASINIZ\u201d<\/strong><\/p>\n<p>Ba\u015fkan Altay, Avrupa&#8217;da ya\u015fayan T\u00fcrklerin ba\u015far\u0131lar\u0131na da de\u011finerek, \u201cBug\u00fcn Avrupa&#8217;n\u0131n farkl\u0131 \u015fehirlerinde ya\u015fayan karde\u015flerimiz bir yandan bulunduklar\u0131 \u00fclkelerin sosyal ve ekonomik hayat\u0131na katk\u0131 sunarken di\u011fer yandan kendi k\u00f6kleriyle ba\u011flar\u0131n\u0131 muhafaza ederek \u00e7ok \u00f6nemli bir vazife \u00fcstlenmektedirler. Sizler eme\u011finizle, ahlak\u0131n\u0131zla, duru\u015funuzla, \u00e7al\u0131\u015fkanl\u0131\u011f\u0131n\u0131zla milletimizin vakar\u0131n\u0131 ta\u015f\u0131maktas\u0131n\u0131z. Bu vesileyle ifade etmek isterim ki g\u00f6n\u00fcl co\u011frafyam\u0131z\u0131n neresinde bir vatanda\u015f\u0131m\u0131z, hem\u015fehrimiz, bir karde\u015fimiz varsa Konya&#8217;m\u0131z\u0131n ve \u00fclkemizin duas\u0131, muhabbeti de oradad\u0131r\u201d a\u00e7\u0131klamas\u0131n\u0131 yapt\u0131.<\/p>\n<p><strong>\u201cCUMHURBA\u015eKANIMIZIN G\u00dc\u00c7L\u00dc, KARARLI VE ETK\u0130N L\u0130DERL\u0130\u011e\u0130NDE \u00dcLKEM\u0130Z; BARI\u015e VE \u0130ST\u0130KRAR \u0130\u00c7\u0130N D\u0130PLOMAS\u0130 Y\u00dcR\u00dcTEN G\u00dc\u00c7L\u00dc B\u0130R \u0130RADE ORTAYA KOYMAKTADIR\u201d<\/strong><\/p>\n<p>T\u00fcrkiye\u2019nin yak\u0131n co\u011frafyas\u0131nda sava\u015flar\u0131n, \u00e7at\u0131\u015fmalar\u0131n, zulm\u00fcn ve insani trajedilerin giderek derinle\u015fti\u011fi bir d\u00f6nemden ge\u00e7ti\u011fini vurgulayan Ba\u015fkan Altay, \u201cBa\u015fta Gazze olmak \u00fczere bir\u00e7ok \u00fclkede masumlar\u0131n feryad\u0131 y\u00fcreklerimizi da\u011flamaktad\u0131r. ABD ve \u0130srail&#8217;in \u0130ran&#8217;a y\u00f6nelik sald\u0131r\u0131s\u0131 \u0130ran&#8217;\u0131n egemenli\u011fini a\u00e7\u0131k\u00e7a ihlal ederken, \u0130ran\u2019\u0131n K\u00f6rfez \u00fclkelerine sald\u0131r\u0131s\u0131 b\u00f6lgenin huzurunu tehdit ediyor. Temennimiz daha fazla kan d\u00f6k\u00fclmeden sa\u011f duyunun hakim olmas\u0131 ve diplomasiye yol a\u00e7\u0131lmas\u0131d\u0131r. Cumhurba\u015fkan\u0131m\u0131z ve Genel Ba\u015fkan\u0131m\u0131z Say\u0131n Recep Tayyip Erdo\u011fan\u2019\u0131n g\u00fc\u00e7l\u00fc, kararl\u0131 ve etkin liderli\u011finde \u00fclkemiz; mazlumlar\u0131n yan\u0131nda duran, haks\u0131zl\u0131k kar\u015f\u0131s\u0131nda susmayan, bar\u0131\u015f ve istikrar i\u00e7in diplomasi y\u00fcr\u00fcten g\u00fc\u00e7l\u00fc bir irade ortaya koymaktad\u0131r. T\u00fcrkiye bug\u00fcn, b\u00f6lgesinde s\u00f6z\u00fc dinlenen, duru\u015fu dikkatle takip edilen, g\u00fcc\u00fcyle g\u00fcven veren bir \u00fclkedir\u201d ifadelerini kulland\u0131.<\/p>\n<p><strong>\u201cSICAK VE SAM\u0130M\u0130 KAR\u015eILAMALARI \u0130\u00c7\u0130N KONYALI HEM\u015eEHR\u0130LER\u0130ME TE\u015eEKK\u00dcR EDER\u0130M\u201d<\/strong><\/p>\n<p>Konya\u2019n\u0131n her il\u00e7esinin oldu\u011fu gibi Kulu\u2019nun da \u00e7ok k\u0131ymetli oldu\u011funu vurgulayan Ba\u015fkan Altay, \u201cKulu\u2019muzun kalk\u0131nmas\u0131 i\u00e7in canla ba\u015fla \u00e7al\u0131\u015f\u0131yoruz. Bize desteklerini esirgemeyen Kululu hem\u015fehrilerime buradan sonsuz \u015f\u00fckranlar\u0131m\u0131 sunuyorum. S\u0131cak ve samimi kar\u015f\u0131lamalar\u0131 ve ev sahipli\u011fi dolay\u0131s\u0131yla UID Ba\u015fkan\u0131m\u0131z ba\u015fta olmak \u00fczere t\u00fcm Konyal\u0131 hem\u015fehrilerime te\u015fekk\u00fcr ediyorum. Hepinizin \u015fimdiden m\u00fcbarek Kadir Gecesi ve Ramazan Bayram\u0131\u2019n\u0131 tebrik ediyorum\u201d s\u00f6zleriyle konu\u015fmas\u0131n\u0131 tamamlad\u0131.<\/p>\n<p>\u0130ftar program\u0131nda; UID Ba\u015fkan Yard\u0131mc\u0131s\u0131 Halil Demir, \u0130sve\u00e7-T\u00fcrkiye Dostluk Grubu Ba\u015fkan\u0131 Mattias Karlsson ve T\u00fcrkiye\u2019nin Stokholm B\u00fcy\u00fckel\u00e7isi Y\u00f6net Can Tezel de selamlama konu\u015fmalar\u0131 yapt\u0131.<\/p>\n<p><strong>BA\u015eKAN ALTAY KONYALI \u0130\u015e \u0130NSANLARIYLA B\u0130R ARAYA GELD\u0130<\/strong><\/p>\n<p>Yo\u011fun ge\u00e7en \u0130sve\u00e7 program\u0131 kapsam\u0131nda Ba\u015fkan Altay Stokholm\u2019deki hizmet sekt\u00f6r\u00fcnde faaliyet g\u00f6steren Konyal\u0131 i\u015f insanlar\u0131yla da bir araya geldi.\u00a0<\/p>\n<p>Ba\u015fkan Altay, \u201cGurbette emekleriyle ayakta duran, ticarette s\u00f6z sahibi olan ve hem \u015fehrimizi hem \u00fclkemizi ba\u015far\u0131yla temsil eden Konyal\u0131lar\u0131 g\u00f6rmek ger\u00e7ekten gurur verici. Nerede olursa olsun Konya\u2019y\u0131 unutmayan, memleket sevgisini y\u00fcre\u011finde ta\u015f\u0131yan t\u00fcm karde\u015flerime g\u00f6n\u00fclden te\u015fekk\u00fcr ediyorum\u201d ifadelerini kulland\u0131.<\/p>\n<p><strong>KONYASPOR KUL\u00dcB\u00dc\u2019N\u00dc Z\u0130YARET ETT\u0130, SPOR YAPAN GEN\u00c7LERLE BULU\u015eTU<\/strong><\/p>\n<p>\u0130sve\u00e7\u2019te futbol, basketbol, badminton ve geleneksel ok\u00e7uluk bran\u015flar\u0131nda b\u00f6lgesel liglerde hizmet veren, engelli sporculara y\u00f6nelik faaliyetlerde de bulunan Konyaspor Kul\u00fcb\u00fc\u2019n\u00fc ziyaret eden Ba\u015fkan Altay, Kul\u00fcp Ba\u015fkan\u0131 Hasan Uluda\u011f ve Ba\u015fkan Yard\u0131mc\u0131s\u0131 Bayram Uluda\u011f\u2019dan bilgi alarak spor yapan gen\u00e7lerle bir araya geldi.<\/p>\n<p>\u0130sve\u00e7\u2019te Konyaspor isminde bir kul\u00fcp olmas\u0131ndan b\u00fcy\u00fck heyecan duydu\u011funu kaydederek, \u201cBuradaki ba\u015far\u0131lar\u0131n\u0131z\u0131 takdir ediyorum. Ba\u015far\u0131lar\u0131n\u0131z\u0131n devam\u0131n\u0131 diliyorum\u201d diyen Ba\u015fkan Altay, daha sonra Kul\u00fcp \u015eeref Defterini imzalad\u0131.<\/p>\n<p><strong>DERNEK Z\u0130YARETLER\u0130NDE BULUNDU<\/strong><\/p>\n<p>\u0130sve\u00e7 program\u0131 kapsam\u0131nda Fittja T\u00fcrk K\u00fclt\u00fcr Derne\u011fi ile \u00d6meranl\u0131 K\u00fclt\u00fcr ve Dayan\u0131\u015fma Derne\u011fi\u2019ni de ziyaret ederek Stokholm\u2019de ya\u015fayan Konyal\u0131larla hasbihal eden Ba\u015fkan Altay, dernek \u00fcyelerinin taleplerini dinledi.<\/p>\n<p><strong>KONYASPOR\u2019UN SON DAK\u0130KA GOL\u00dcN\u00dcN HEYECANINI GURBET\u00c7\u0130 KONYALILARA YA\u015eADI<\/strong><\/p>\n<p>Ba\u015fkan Altay, Fittja T\u00fcrk K\u00fclt\u00fcr Derne\u011fi ziyaretinde g\u00fczel bir de an\u0131 ya\u015fad\u0131. Tam derne\u011fe girdi\u011fi esnada Kocaelispor ile 1-1 devam eden ma\u00e7ta son dakikada penalt\u0131 kazanan Konyaspor\u2019un penalt\u0131 at\u0131\u015f\u0131n\u0131 ekranda ma\u00e7\u0131 izleyen dernek \u00fcyesi Konyal\u0131larla birlikte takip eden Ba\u015fkan Altay, ye\u015fil beyazl\u0131 tak\u0131m\u0131n galibiyet gol\u00fcn\u00fcn heyecan\u0131na ortak oldu.\u00a0<\/p>\n<p>Ba\u015fkent Stokholm\u2019deki ziyaretler kapsam\u0131nda T\u00fcrkiye\u2019nin Stokholm B\u00fcy\u00fckel\u00e7isi Y\u00f6net Can Tezel\u2019i ziyaret ederek \u00e7al\u0131\u015fmalar\u0131nda kolayl\u0131klar dileyen Ba\u015fkan Altay, Handen Camisi ve Fittja Ulu Camii cemaatiyle de bir araya gelerek gurbet\u00e7i Konyal\u0131larla g\u00f6r\u00fc\u015f al\u0131\u015fveri\u015finde bulundu.<\/p>\n<p>Kaynak: (BYZHA) Beyaz Haber Ajans\u0131<\/p>\n","protected":false},"excerpt":{"rendered":"<p>Konya B\u00fcy\u00fck\u015fehir Belediye Ba\u015fkan\u0131 U\u011fur \u0130brahim Altay, \u00e7ok say\u0131da Konyal\u0131n\u0131n ya\u015fad\u0131\u011f\u0131 \u0130sve\u00e7\u2019in ba\u015fkenti Stokholm\u2019de Konyal\u0131 i\u015f insanlar\u0131, Konyal\u0131 dernekler ve Stokholm Konyaspor Kul\u00fcb\u00fcn\u00fc ziyaret ederek Konyal\u0131larla bir araya geldi.<\/p>\n","protected":false},"author":1,"featured_media":75388,"comment_status":"open","ping_status":"open","sticky":false,"template":"","format":"standard","meta":{"footnotes":""},"categories":[4],"tags":[3376,986,726,426,517],"class_list":["post-75387","post","type-post","status-publish","format-standard","has-post-thumbnail","hentry","category-gundem","tag-baskan-altay","tag-baskani","tag-isvec","tag-konya","tag-turk"],"_links":{"self":[{"href":"https:\/\/bihavadis.com\/index.php\/wp-json\/wp\/v2\/posts\/75387","targetHints":{"allow":["GET"]}}],"collection":[{"href":"https:\/\/bihavadis.com\/index.php\/wp-json\/wp\/v2\/posts"}],"about":[{"href":"https:\/\/bihavadis.com\/index.php\/wp-json\/wp\/v2\/types\/post"}],"author":[{"embeddable":true,"href":"https:\/\/bihavadis.com\/index.php\/wp-json\/wp\/v2\/users\/1"}],"replies":[{"embeddable":true,"href":"https:\/\/bihavadis.com\/index.php\/wp-json\/wp\/v2\/comments?post=75387"}],"version-history":[{"count":1,"href":"https:\/\/bihavadis.com\/index.php\/wp-json\/wp\/v2\/posts\/75387\/revisions"}],"predecessor-version":[{"id":75389,"href":"https:\/\/bihavadis.com\/index.php\/wp-json\/wp\/v2\/posts\/75387\/revisions\/75389"}],"wp:featuredmedia":[{"embeddable":true,"href":"https:\/\/bihavadis.com\/index.php\/wp-json\/wp\/v2\/media\/75388"}],"wp:attachment":[{"href":"https:\/\/bihavadis.com\/index.php\/wp-json\/wp\/v2\/media?parent=75387"}],"wp:term":[{"taxonomy":"category","embeddable":true,"href":"https:\/\/bihavadis.com\/index.php\/wp-json\/wp\/v2\/categories?post=75387"},{"taxonomy":"post_tag","embeddable":true,"href":"https:\/\/bihavadis.com\/index.php\/wp-json\/wp\/v2\/tags?post=75387"}],"curies":[{"name":"wp","href":"https:\/\/api.w.org\/{rel}","templated":true}]}}