{"id":75402,"date":"2026-04-30T00:15:07","date_gmt":"2026-04-30T00:15:07","guid":{"rendered":"https:\/\/bihavadis.com\/?p=75402"},"modified":"2026-04-30T00:15:07","modified_gmt":"2026-04-30T00:15:07","slug":"baskan-ozarslan-bati-karadenizlilerle-iftar-sofrasinda-bulustu","status":"publish","type":"post","link":"https:\/\/bihavadis.com\/index.php\/2026\/04\/30\/baskan-ozarslan-bati-karadenizlilerle-iftar-sofrasinda-bulustu\/","title":{"rendered":"Ba\u015fkan \u00d6zarslan Bat\u0131 Karadenizlilerle iftar sofras\u0131nda bulu\u015ftu"},"content":{"rendered":"<p><b>Ke\u00e7i\u00f6ren Belediye Ba\u015fkan\u0131 Dr. Mesut \u00d6zarslan<\/b>, Mevlana K\u00fclt\u00fcr Merkezi\u2019nde d\u00fczenlenen iftar program\u0131nda Ankara\u2019da ya\u015fayan Bat\u0131 Karadenizli vatanda\u015flarla bulu\u015ftu. Bolu, Sinop, Kastamonu, Zonguldak, D\u00fczce, Karab\u00fck ve Bart\u0131nl\u0131lar\u0131n bir araya geldi\u011fi iftar program\u0131nda, dayan\u0131\u015fma mesajlar\u0131 \u00f6n plana \u00e7\u0131kt\u0131.<\/p>\n<p>\u0130ftar program\u0131na Ke\u00e7i\u00f6ren Belediye Ba\u015fkan\u0131 Dr. Mesut \u00d6zarslan\u2019\u0131n yan\u0131 s\u0131ra;\u00a0Dan\u0131\u015ftay \u00dcyesi Ahmet Sara\u00e7, H\u00e2kimler ve Savc\u0131lar Y\u00fcksek Kurulu 2. Daire \u00dcyesi Aysel Demirel, \u0130\u00e7i\u015fleri Bakanl\u0131\u011f\u0131 M\u00fcfetti\u015fi ve \u0130skenderun Belediye Ba\u015fkan Yard\u0131mc\u0131s\u0131 Nurullah \u00c7ekirdek\u00e7i, \u00f6nceki d\u00f6nem \u00c7ubuk Belediye Ba\u015fkan\u0131 S\u00fcleyman Haksever, Ankara Uluslararas\u0131 Bat\u0131 Karadeniz Birli\u011fi Ba\u015fkan\u0131 Tuncay Gen\u00e7er, Ankara Bolu Dernekler Federasyonu Ba\u015fkan\u0131 Mehmet Bilgin, Sinoplular Federasyonu Ba\u015fkan\u0131 Kenan G\u00fcll\u00fc, Ankara Kastamonu Dernekler Federasyonu Ba\u015fkan\u0131 Hasan \u015een, Ankara Uluslararas\u0131 Bat\u0131 Karadeniz Birli\u011fi Ba\u015fkanvekili Hasan Kaya, Ankara Malatyal\u0131lar Federasyonu Genel Ba\u015fkan\u0131 Kamil G\u00f6ksu, Bolu Derne\u011fi Ba\u015fkan\u0131 Haydar \u00c7ak\u0131rtekin, Ankara Bolulular Derne\u011fi Ba\u015fkan\u0131 Metin Alparslan, Sinoplu \u0130\u015f Adamlar\u0131 Derne\u011fi Ba\u015fkan\u0131 Mustafa Ba\u015fdo\u011fan, Ankara Kastamonulular Derne\u011fi Ba\u015fkan\u0131 Sad\u0131k Erik\u00e7i, Ankara Karab\u00fckl\u00fcler Derne\u011fi Ba\u015fkan\u0131 Zeki Tun\u00e7kaya, Ankara Bart\u0131nl\u0131lar Derne\u011fi Ba\u015fkan\u0131 Necati Erdem, Ba\u015fkent Zonguldakl\u0131lar Derne\u011fi Ba\u015fkanvekili Atay Sa\u011ftekin, Bolulu Kad\u0131nlar Derne\u011fi Ba\u015fkan\u0131 Aynur Arabac\u0131o\u011flu, \u0130Y\u0130 Parti Ankara \u0130l Ba\u015fkan Yard\u0131mc\u0131s\u0131 Nafiz Yayla, STK temsilcileri, muhtarlar, ba\u015fkan yard\u0131mc\u0131lar\u0131, \u00e7ok say\u0131da Bat\u0131 Karadenizli kat\u0131ld\u0131.<\/p>\n<p><b>\u201cBat\u0131 Karadenizli hem\u015fehrilerimizi ba\u015f\u0131m\u0131z\u0131n \u00fcst\u00fcnde tutar\u0131z\u201d<\/b><\/p>\n<p><b>Ke\u00e7i\u00f6ren Belediye Ba\u015fkan\u0131 Dr. Mesut \u00d6zarslan<\/b>,\u00a0konu\u015fmas\u0131nda Ke\u00e7i\u00f6ren\u2019de ya\u015fayan Bat\u0131 Karadenizlilere hizmet etmekten duydu\u011fu memnuniyeti belirterek \u015fu mesajlar\u0131 payla\u015ft\u0131: \u201cBat\u0131 Karadeniz\u2019in insan\u0131 yi\u011fittir. Bu memleket zor zamanlardan ge\u00e7erken Gazi Mustafa Kemal Atat\u00fcrk ve silah arkada\u015flar\u0131yla birlikte g\u00f6\u011fs\u00fc iman dolu bir \u015fekilde m\u00fccadele eden M\u00fcsl\u00fcman T\u00fcrk evlatlar\u0131n\u0131n diyar\u0131d\u0131r Bat\u0131 Karadeniz. Bat\u0131 Karadenizliler senelerdir bizi y\u00fcce T\u00fcrk Milleti olarak g\u00fc\u00e7l\u00fc k\u0131lan de\u011ferlerin yan\u0131nda durmu\u015f insanlard\u0131r. Bat\u0131 Karadenizliler elif gibi dimdik duran; hak, hukuk ve adalet diyen, insanl\u0131\u011fa hizmet etmeyi dava bilen insanlard\u0131r. Biz Ke\u00e7i\u00f6ren\u2019de Bat\u0131 Karadenizli hem\u015fehrilerimizi ba\u015f\u0131m\u0131z\u0131n \u00fcst\u00fcnde tutar\u0131z. Onlar\u0131n her zaman hizmetk\u00e2r\u0131 oluruz. \u015e\u00fck\u00fcrler olsun ki il\u00e7emizde kimse yata\u011fa a\u00e7 girmez. Kimse \u00fc\u015f\u00fcyerek girmez. \u015eanl\u0131 T\u00fcrk bayra\u011f\u0131m\u0131z\u0131, Cumhuriyet\u2019imizi ve Misak-\u0131 Milli s\u0131n\u0131rlar\u0131m\u0131z\u0131 ilelebet koruyaca\u011f\u0131z. \u00d6n\u00fcm\u00fczde Kadir Gecesi var. Hepinizin Kadir Gecesi m\u00fcbarek olsun. Tuttu\u011funuz oru\u00e7lar, k\u0131ld\u0131\u011f\u0131n\u0131z namazlar, etti\u011finiz dualar Cenab-\u0131 Hakk\u2019\u0131n kat\u0131nda kabul olsun. Ne mutlu T\u00fcrk\u2019\u00fcm diyene.\u201d<\/p>\n<p><b>\u201cHer bir \u00fcyemiz yap\u0131n\u0131n vazge\u00e7ilmez bir par\u00e7as\u0131d\u0131r\u201d<\/b><\/p>\n<p><b>Ankara Bolu Dernekler Federasyonu Ba\u015fkan\u0131 Mehmet Bilgin<\/b>\u00a0ise federasyon olarak \u00f6nemli faaliyetlere imza att\u0131klar\u0131n\u0131 belirterek \u015f\u00f6yle konu\u015ftu: \u201cB\u00fcy\u00fck bir aile olarak birli\u011fimizi g\u00fc\u00e7lendirmek ve gelece\u011fe daha sa\u011flam ad\u0131mlarla y\u00fcr\u00fcmek i\u00e7in bir araya geldik. Her bir \u00fcyemiz, bu b\u00fcy\u00fck yap\u0131n\u0131n vazge\u00e7ilmez bir par\u00e7as\u0131d\u0131r. Sizlerin katk\u0131s\u0131, fedak\u00e2rl\u0131\u011f\u0131 ve sahiplenmesi olmadan hi\u00e7bir ba\u015far\u0131 kal\u0131c\u0131 olamaz. \u00c7o\u011funlu\u011fu Ke\u00e7i\u00f6ren olmak \u00fczere Ankara\u2019n\u0131n her bir semtinden buraya kadar gelen misafirlerimize selam olsun. K\u00f6ro\u011flu\u2019nun torunlar\u0131na selam olsun. Biz ayr\u0131\u015farak de\u011fil, birle\u015ferek b\u00fcy\u00fcr\u00fcz.\u201d<\/p>\n<p><b>\u201c7 y\u0131l \u00f6nce, 7 il etle t\u0131rnak olduk\u201d<\/b><\/p>\n<p><b>Ankara Uluslararas\u0131 Bat\u0131 Karadeniz Birli\u011fi Ba\u015fkan\u0131 Tuncay Gen\u00e7er,<\/b>\u00a0konu\u015fmas\u0131nda \u201c7 y\u0131l \u00f6nce, 7 il etle t\u0131rnak olduk. Bir olduk, beraber olduk. \u0130nan\u0131n T\u00fcrkiye\u2019de \u00e7ok g\u00fc\u00e7l\u00fc mesajlar veriyoruz. Ben T\u00fcrkiye\u2019de ayr\u0131\u015ft\u0131rma yapm\u0131yorum; do\u011fu bat\u0131 demiyorum ama Bat\u0131 Karadeniz her zaman birlik i\u00e7inde olacak, birlikte yoluna devam edecek in\u015fallah.\u201d dedi.<\/p>\n<p><b>\u201cBirlik beraberlik; i\u015ftir, g\u00fc\u00e7t\u00fcr, nimettir, hikmettir\u201d<\/b><\/p>\n<p><b>Ankara Uluslararas\u0131 Bat\u0131 Karadeniz Birli\u011fi Ba\u015fkanvekili Hasan Kaya<\/b>\u00a0da \u201cSivas\u2019\u0131n eni\u015ftesi olarak \u015funu s\u00f6yleyeyim: Mesut Ba\u015fkan\u2019\u0131n da Sivas\u2019\u0131n yi\u011fit insanlar\u0131na olan sevgisini biliyoruz. Birlik beraberlik; i\u015ftir, g\u00fc\u00e7t\u00fcr, nimettir, hikmettir. Biz T\u00fcrkler i\u00e7in insanl\u0131k nam\u0131na \u00fcst\u00fcn ba\u015far\u0131n\u0131n seviyesidir. Bu manada bu birlik beraberli\u011fi sa\u011flayan Bolulular ba\u015fta olmak \u00fczere Bat\u0131 Karadeniz Birli\u011fimizin t\u00fcm bile\u015fenlerine ve ev sahibimiz Belediye Ba\u015fkan\u0131m\u0131za te\u015fekk\u00fcr ediyorum.\u201d diye konu\u015ftu.<\/p>\n<p>Kaynak: (BYZHA) Beyaz Haber Ajans\u0131<\/p>\n","protected":false},"excerpt":{"rendered":"<p>Ke\u00e7i\u00f6ren Belediye Ba\u015fkan\u0131 Dr. Mesut \u00d6zarslan, Mevlana K\u00fclt\u00fcr Merkezi\u2019nde d\u00fczenlenen iftar program\u0131nda Ankara\u2019da ya\u015fayan Bat\u0131 Karadenizli vatanda\u015flarla bulu\u015ftu.<\/p>\n","protected":false},"author":1,"featured_media":75403,"comment_status":"open","ping_status":"open","sticky":false,"template":"","format":"standard","meta":{"footnotes":""},"categories":[4],"tags":[377,516,986,2847,517],"class_list":["post-75402","post","type-post","status-publish","format-standard","has-post-thumbnail","hentry","category-gundem","tag-ankara","tag-baskan","tag-baskani","tag-bolu","tag-turk"],"_links":{"self":[{"href":"https:\/\/bihavadis.com\/index.php\/wp-json\/wp\/v2\/posts\/75402","targetHints":{"allow":["GET"]}}],"collection":[{"href":"https:\/\/bihavadis.com\/index.php\/wp-json\/wp\/v2\/posts"}],"about":[{"href":"https:\/\/bihavadis.com\/index.php\/wp-json\/wp\/v2\/types\/post"}],"author":[{"embeddable":true,"href":"https:\/\/bihavadis.com\/index.php\/wp-json\/wp\/v2\/users\/1"}],"replies":[{"embeddable":true,"href":"https:\/\/bihavadis.com\/index.php\/wp-json\/wp\/v2\/comments?post=75402"}],"version-history":[{"count":1,"href":"https:\/\/bihavadis.com\/index.php\/wp-json\/wp\/v2\/posts\/75402\/revisions"}],"predecessor-version":[{"id":75404,"href":"https:\/\/bihavadis.com\/index.php\/wp-json\/wp\/v2\/posts\/75402\/revisions\/75404"}],"wp:featuredmedia":[{"embeddable":true,"href":"https:\/\/bihavadis.com\/index.php\/wp-json\/wp\/v2\/media\/75403"}],"wp:attachment":[{"href":"https:\/\/bihavadis.com\/index.php\/wp-json\/wp\/v2\/media?parent=75402"}],"wp:term":[{"taxonomy":"category","embeddable":true,"href":"https:\/\/bihavadis.com\/index.php\/wp-json\/wp\/v2\/categories?post=75402"},{"taxonomy":"post_tag","embeddable":true,"href":"https:\/\/bihavadis.com\/index.php\/wp-json\/wp\/v2\/tags?post=75402"}],"curies":[{"name":"wp","href":"https:\/\/api.w.org\/{rel}","templated":true}]}}